{"id":916,"date":"2015-06-29T15:50:16","date_gmt":"2015-06-29T12:50:16","guid":{"rendered":"https:\/\/www.merjamakisalo.fi\/?p=916"},"modified":"2015-06-29T15:50:16","modified_gmt":"2015-06-29T12:50:16","slug":"tyottomyys-pahenee-lisatalousarviossa-ei-maararahoja-tyottomyyden-hoitoon","status":"publish","type":"post","link":"https:\/\/www.merjamakisalo.fi\/?p=916","title":{"rendered":"Ty\u00f6tt\u00f6myys pahenee &#8211; lis\u00e4talousarviossa ei m\u00e4\u00e4r\u00e4rahoja ty\u00f6tt\u00f6myyden hoitoon"},"content":{"rendered":"<p>Ty\u00f6tt\u00f6myys on lis\u00e4\u00e4ntynyt Suomessa ennakoituakin nopeammin. Esimerkiksi pitk\u00e4aikaisty\u00f6tt\u00f6mien m\u00e4\u00e4r\u00e4 on kasvanut vuoden takaisesta 21 prosenttia. Pohjois-Karjalassa ty\u00f6tt\u00f6mien osuus ty\u00f6voimasta oli toukokuussa 15,8 prosenttia, mik\u00e4 on 8,7 prosenttia enemm\u00e4n kuin vuotta aikaisemmin. Nuorten alle 25-vuotiaiden ty\u00f6llisyys heikkeni Pohjois-Karjalassa selv\u00e4sti muuta maata enemm\u00e4n. Alle 25-vuotiaita on Pohjois-Karjalassa ty\u00f6tt\u00f6m\u00e4n\u00e4 22,8 prosenttia enemm\u00e4n kuin vuosi sitten.<\/p>\n<p>T\u00e4st\u00e4 huolimatta hallitus ei toisessa lis\u00e4talousarviossaan esit\u00e4 lainkaan m\u00e4\u00e4r\u00e4rahoja ty\u00f6llisyyden hoitoon. Ty\u00f6llisyysm\u00e4\u00e4r\u00e4rahat tulevat loppumaan monilla alueilla jo alkusyksyyn menness\u00e4. Pohjois-Karjalassa ty\u00f6llisyysm\u00e4\u00e4r\u00e4rahojen arvioidaan riitt\u00e4v\u00e4n enint\u00e4\u00e4n elokuun loppuun ja starttirahojen lokakuun loppuun.<\/p>\n<p>Hallitus on suunnitellut tuovansa seuraavan lis\u00e4talousarvion eduskunnalle vasta lokakuun alussa, joten ty\u00f6llisyysm\u00e4\u00e4r\u00e4rahojen loppuminen tarkoittaa entist\u00e4 pahenevaa ty\u00f6tt\u00f6myytt\u00e4. Erityisesti nuorten ja pitk\u00e4aikaisty\u00f6tt\u00f6mien ty\u00f6llist\u00e4miseen olisi pit\u00e4nyt ohjata lis\u00e4rahoitusta jo nyt toisessa lis\u00e4talousarviossa. SDP, vihre\u00e4t ja vasemmistoliitto ovat t\u00e4n\u00e4\u00e4n yhdess\u00e4 j\u00e4tt\u00e4neet hallitukselle vastalauseen, jossa ne edellytt\u00e4v\u00e4t hallitukselta muun muassa ty\u00f6llisyytt\u00e4 tukevan lis\u00e4talousarvion tuomista eduskuntaan v\u00e4litt\u00f6m\u00e4sti syysistuntokauden alussa.<\/p>\n<p>Lis\u00e4tietoja: kansanedustaja Merja M\u00e4kisalo-Ropponen, puh. 050\u00a0357 9090<\/p>\n","protected":false},"excerpt":{"rendered":"<p>Ty\u00f6tt\u00f6myys on lis\u00e4\u00e4ntynyt Suomessa ennakoituakin nopeammin. Esimerkiksi pitk\u00e4aikaisty\u00f6tt\u00f6mien m\u00e4\u00e4r\u00e4 on kasvanut vuoden takaisesta 21 prosenttia. Pohjois-Karjalassa ty\u00f6tt\u00f6mien osuus ty\u00f6voimasta oli toukokuussa 15,8 prosenttia, mik\u00e4 on 8,7 prosenttia enemm\u00e4n kuin vuotta aikaisemmin. Nuorten alle 25-vuotiaiden ty\u00f6llisyys heikkeni Pohjois-Karjalassa selv\u00e4sti muuta maata enemm\u00e4n. Alle 25-vuotiaita on Pohjois-Karjalassa ty\u00f6tt\u00f6m\u00e4n\u00e4 22,8 prosenttia enemm\u00e4n kuin vuosi sitten. T\u00e4st\u00e4 huolimatta hallitus<\/p>\n","protected":false},"author":2,"featured_media":0,"comment_status":"open","ping_status":"open","sticky":false,"template":"","format":"standard","meta":{"_acf_changed":false,"footnotes":""},"categories":[14],"tags":[],"class_list":["post-916","post","type-post","status-publish","format-standard","hentry","category-tiedotteet"],"acf":[],"_links":{"self":[{"href":"https:\/\/www.merjamakisalo.fi\/index.php?rest_route=\/wp\/v2\/posts\/916","targetHints":{"allow":["GET"]}}],"collection":[{"href":"https:\/\/www.merjamakisalo.fi\/index.php?rest_route=\/wp\/v2\/posts"}],"about":[{"href":"https:\/\/www.merjamakisalo.fi\/index.php?rest_route=\/wp\/v2\/types\/post"}],"author":[{"embeddable":true,"href":"https:\/\/www.merjamakisalo.fi\/index.php?rest_route=\/wp\/v2\/users\/2"}],"replies":[{"embeddable":true,"href":"https:\/\/www.merjamakisalo.fi\/index.php?rest_route=%2Fwp%2Fv2%2Fcomments&post=916"}],"version-history":[{"count":1,"href":"https:\/\/www.merjamakisalo.fi\/index.php?rest_route=\/wp\/v2\/posts\/916\/revisions"}],"predecessor-version":[{"id":917,"href":"https:\/\/www.merjamakisalo.fi\/index.php?rest_route=\/wp\/v2\/posts\/916\/revisions\/917"}],"wp:attachment":[{"href":"https:\/\/www.merjamakisalo.fi\/index.php?rest_route=%2Fwp%2Fv2%2Fmedia&parent=916"}],"wp:term":[{"taxonomy":"category","embeddable":true,"href":"https:\/\/www.merjamakisalo.fi\/index.php?rest_route=%2Fwp%2Fv2%2Fcategories&post=916"},{"taxonomy":"post_tag","embeddable":true,"href":"https:\/\/www.merjamakisalo.fi\/index.php?rest_route=%2Fwp%2Fv2%2Ftags&post=916"}],"curies":[{"name":"wp","href":"https:\/\/api.w.org\/{rel}","templated":true}]}}