{"id":853,"date":"2015-05-28T12:08:20","date_gmt":"2015-05-28T09:08:20","guid":{"rendered":"https:\/\/www.merjamakisalo.fi\/?p=853"},"modified":"2015-05-28T12:08:20","modified_gmt":"2015-05-28T09:08:20","slug":"koyhia-kyykytetaan","status":"publish","type":"post","link":"https:\/\/www.merjamakisalo.fi\/?p=853","title":{"rendered":"K\u00f6yhi\u00e4 kyykytet\u00e4\u00e4n"},"content":{"rendered":"<p><span style=\"color: #000000; font-family: Calibri;\">Osasin odottaa, ettei porvarihallituksen ohjelma tule lupaamaan hyv\u00e4\u00e4 k\u00f6yhille ja sairaille, mutta lopputulos on viel\u00e4 ennakko-odotuksianikin karmeampi. Indeksileikkaukset, korotukset sosiaali- ja terveydenhuollon palvelumaksuihin sek\u00e4 p\u00e4iv\u00e4hoitomaksuihin, el\u00e4kkeensaajien asumistuen heikent\u00e4minen, l\u00e4\u00e4kekorvausten pienent\u00e4minen, opintotuen ja vanhempainrahojen sek\u00e4 sairausp\u00e4iv\u00e4rahojen leikkaukset vaikeuttavat erityisesti v\u00e4h\u00e4varaisten kansalaisten el\u00e4m\u00e4\u00e4. Erityisesti opiskelijat ja pienituloiset el\u00e4kel\u00e4iset joutuvat n\u00e4iss\u00e4 s\u00e4\u00e4st\u00f6talkoissa maksumiehiksi. Vaikka takuuel\u00e4kkeeseen on tulossa korotus, se ei kompensoi pienell\u00e4 el\u00e4kkeell\u00e4 el\u00e4vien ik\u00e4ihmisten toimeentulon heikennyksi\u00e4. P\u00e4\u00e4ministeri totesi lausunnossaan, ett\u00e4 p\u00e4\u00e4t\u00f6kset tekev\u00e4t kaikille kipe\u00e4\u00e4. Alustavan arvion mukaan hyv\u00e4tuloisten kansalaisten kipu on huomattavasti v\u00e4h\u00e4isemp\u00e4\u00e4 kuin pienituloisten. Oikeudenmukaisempi p\u00e4\u00e4t\u00f6s olisi ollut se, ett\u00e4 hyv\u00e4tuloisten verotusta olisi kiristetty ja pienituloisiin kohdistuvia s\u00e4\u00e4st\u00f6j\u00e4 kevennetty.<\/span><span style=\"color: #000000; font-family: Calibri;\">\u00a0<\/span><\/p>\n<p><span style=\"color: #000000; font-family: Calibri;\">Olen huolissani my\u00f6s koulutuksen s\u00e4\u00e4st\u00f6ist\u00e4. Minun on hyvin vaikea ymm\u00e4rt\u00e4\u00e4, miten n\u00e4in valtavat koulutukseen kohdistuvat s\u00e4\u00e4st\u00f6t voivat auttaa &#8221;Suomea nousuun&#8221;. Sek\u00e4 kokoomus ett\u00e4 keskusta julistivat vaalikampanjassaan, ett\u00e4 koulutuksesta ei s\u00e4\u00e4stet\u00e4.\u00a0<\/span><span style=\"color: #000000; font-family: Calibri;\">\u00a0<\/span><\/p>\n<p><span style=\"color: #000000; font-family: Calibri;\">Positiivista hallitusohjelmassa on panostukset omaishoitoon, kotipalveluihin ja perhehoitoon. Hallitus jatkaa n\u00e4iss\u00e4 asioissa Susanna Huovisen ministerin\u00e4 aloittamia hyvi\u00e4 uudistuksia.<\/span><span style=\"color: #000000; font-family: Calibri;\">\u00a0<\/span><\/p>\n<p><span style=\"color: #000000; font-family: Times New Roman;\">\u00a0<\/span><\/p>\n","protected":false},"excerpt":{"rendered":"<p>Osasin odottaa, ettei porvarihallituksen ohjelma tule lupaamaan hyv\u00e4\u00e4 k\u00f6yhille ja sairaille, mutta lopputulos on viel\u00e4 ennakko-odotuksianikin karmeampi. Indeksileikkaukset, korotukset sosiaali- ja terveydenhuollon palvelumaksuihin sek\u00e4 p\u00e4iv\u00e4hoitomaksuihin, el\u00e4kkeensaajien asumistuen heikent\u00e4minen, l\u00e4\u00e4kekorvausten pienent\u00e4minen, opintotuen ja vanhempainrahojen sek\u00e4 sairausp\u00e4iv\u00e4rahojen leikkaukset vaikeuttavat erityisesti v\u00e4h\u00e4varaisten kansalaisten el\u00e4m\u00e4\u00e4. Erityisesti opiskelijat ja pienituloiset el\u00e4kel\u00e4iset joutuvat n\u00e4iss\u00e4 s\u00e4\u00e4st\u00f6talkoissa maksumiehiksi. Vaikka takuuel\u00e4kkeeseen on tulossa korotus,<\/p>\n","protected":false},"author":2,"featured_media":0,"comment_status":"open","ping_status":"open","sticky":false,"template":"","format":"standard","meta":{"_acf_changed":false,"footnotes":""},"categories":[3],"tags":[],"class_list":["post-853","post","type-post","status-publish","format-standard","hentry","category-blogilta"],"acf":[],"_links":{"self":[{"href":"https:\/\/www.merjamakisalo.fi\/index.php?rest_route=\/wp\/v2\/posts\/853","targetHints":{"allow":["GET"]}}],"collection":[{"href":"https:\/\/www.merjamakisalo.fi\/index.php?rest_route=\/wp\/v2\/posts"}],"about":[{"href":"https:\/\/www.merjamakisalo.fi\/index.php?rest_route=\/wp\/v2\/types\/post"}],"author":[{"embeddable":true,"href":"https:\/\/www.merjamakisalo.fi\/index.php?rest_route=\/wp\/v2\/users\/2"}],"replies":[{"embeddable":true,"href":"https:\/\/www.merjamakisalo.fi\/index.php?rest_route=%2Fwp%2Fv2%2Fcomments&post=853"}],"version-history":[{"count":1,"href":"https:\/\/www.merjamakisalo.fi\/index.php?rest_route=\/wp\/v2\/posts\/853\/revisions"}],"predecessor-version":[{"id":854,"href":"https:\/\/www.merjamakisalo.fi\/index.php?rest_route=\/wp\/v2\/posts\/853\/revisions\/854"}],"wp:attachment":[{"href":"https:\/\/www.merjamakisalo.fi\/index.php?rest_route=%2Fwp%2Fv2%2Fmedia&parent=853"}],"wp:term":[{"taxonomy":"category","embeddable":true,"href":"https:\/\/www.merjamakisalo.fi\/index.php?rest_route=%2Fwp%2Fv2%2Fcategories&post=853"},{"taxonomy":"post_tag","embeddable":true,"href":"https:\/\/www.merjamakisalo.fi\/index.php?rest_route=%2Fwp%2Fv2%2Ftags&post=853"}],"curies":[{"name":"wp","href":"https:\/\/api.w.org\/{rel}","templated":true}]}}