{"id":818,"date":"2015-05-01T15:18:15","date_gmt":"2015-05-01T12:18:15","guid":{"rendered":"https:\/\/www.merjamakisalo.fi\/?p=818"},"modified":"2015-05-01T15:18:15","modified_gmt":"2015-05-01T12:18:15","slug":"vappupuhe-ja-juhlapuhe-110-vuotta-tayttavalle-nurmeksen-sosialidemokraatit-rylle-1-5-2015","status":"publish","type":"post","link":"https:\/\/www.merjamakisalo.fi\/?p=818","title":{"rendered":"Vappupuhe ja juhlapuhe 110-vuotta t\u00e4ytt\u00e4v\u00e4lle Nurmeksen Sosialidemokraatit ry:lle 1.5.2015"},"content":{"rendered":"<p><strong>Hyv\u00e4\u00e4 vappua!<\/strong><\/p>\n<p>Ensinn\u00e4kin haluan toivottaa onnea juhlivalle Nurmeksen Sosialidemokraatit ry:lle. 110 vuotta t\u00e4ytt\u00e4v\u00e4 ja jo kyps\u00e4ss\u00e4 i\u00e4ss\u00e4 oleva yhdistys on taistellut monien t\u00e4rkeiden asioiden puolesta. Uskon sen olevan t\u00e4rke\u00e4 paikallinen vaikuttaja my\u00f6s t\u00e4n\u00e4\u00e4n ja tulevina vuosikymmenin\u00e4.<\/p>\n<p>Kun t\u00e4m\u00e4 yhdistys aikanaan perustettiin, maailma oli kovin toisenlainen ja ty\u00f6v\u00e4enliikkeen haasteet olivat erilaisia. Paljon on saatu aikaan, mutta paljon on viel\u00e4 tekem\u00e4tt\u00e4. Ty\u00f6t\u00e4 oikeudenmukaisemman yhteiskunnan saavuttamiseksi on jatkettava.<\/p>\n<p>T\u00e4ll\u00e4 hetkell\u00e4 yhteiskunnassamme on paljon ep\u00e4oikeudenmukaisuutta. Se n\u00e4kyy esimerkiksi siin\u00e4, ett\u00e4 Suomessa on t\u00e4ll\u00e4 hetkell\u00e4 650 000 k\u00f6yh\u00e4\u00e4 ja v\u00e4hint\u00e4\u00e4n 20 000 k\u00f6yhyysriskiss\u00e4 olevaa ihmist\u00e4. K\u00f6yhyytt\u00e4 on erityisesti ty\u00f6tt\u00f6mill\u00e4, yksinhuoltajilla ja pienill\u00e4 el\u00e4kkeill\u00e4 olevilla ik\u00e4ihmisill\u00e4. Nyt p\u00e4\u00e4ttyneell\u00e4 hallituskaudella sosialidemokraattien ansiosta 25 vuotta jatkunut k\u00f6yhien m\u00e4\u00e4r\u00e4n kasvu taittui pienituloisten verotuksen keventymisen ja perusturvan parantamisen johdosta. Nyt n\u00e4it\u00e4 k\u00f6yhyyden ja eriarvoisuuden v\u00e4hent\u00e4miseen t\u00e4ht\u00e4\u00e4vi\u00e4 toimenpiteit\u00e4 on kuitenkin jatkettava. Me sosialidemokraatit emme voi l\u00e4hte\u00e4 hallitukseen, jos t\u00e4t\u00e4 ei hallitusohjelmassa luvata. Hallitukseen meno tai menem\u00e4tt\u00e4 j\u00e4tt\u00e4minen on t\u00e4ysin riippuvaista hallitusohjelman tavoitteista. Apupuolueeksi emme l\u00e4hde, emmek\u00e4 suostu tekem\u00e4\u00e4n sosialidemokraattisten arvojen vastaista politiikkaa.<\/p>\n<p>Vappu on aina ollut ty\u00f6v\u00e4enliikkeelle juhlap\u00e4iv\u00e4, jolloin on juhlittu ty\u00f6t\u00e4 ja ty\u00f6ntekij\u00f6it\u00e4. El\u00e4mme nyt harvinaisen t\u00e4rke\u00e4\u00e4 aikaa nimenomaan vapun perimm\u00e4isen sanoman kannalta. Suomalaisen ty\u00f6n puolustajia tarvitaan t\u00e4n\u00e4\u00e4n ehk\u00e4 enemm\u00e4n kuin koskaan aiemmin.<\/p>\n<p>Nyt on luotava uutta ty\u00f6t\u00e4 ja pidett\u00e4v\u00e4 huolta ty\u00f6ntekij\u00f6ist\u00e4, jotka ovat lomautus- tai irtisanomisuhan alla. Liian moni suomalainen el\u00e4\u00e4 t\u00e4ll\u00e4 hetkell\u00e4 suuressa ep\u00e4varmuudessa.<strong>\u00a0<\/strong><\/p>\n<p><strong>Ty\u00f6tt\u00f6myys on vakavin yhteiskunnallinen ongelmamme.<\/strong><\/p>\n<p>Ty\u00f6tt\u00f6myydest\u00e4 k\u00e4rsii Suomessa l\u00e4hes 350 000 ihmist\u00e4. Ty\u00f6tt\u00f6myyden purkamisen tulee olla keski\u00f6ss\u00e4 tulevalla vaalikaudella. Kaikkien voimavarat tarvitaan k\u00e4ytt\u00f6\u00f6n &#8211; jokaisella ty\u00f6kykyisell\u00e4 ja -haluisella on oikeus ty\u00f6h\u00f6n.<\/p>\n<p>Suurin haaste ty\u00f6tt\u00f6myydess\u00e4 on ty\u00f6tt\u00f6myysjaksojen pitkittyminen. Yh\u00e4 useammalla ty\u00f6tt\u00f6myyteen joutuvalla on vaikeuksia p\u00e4\u00e4st\u00e4 takaisin ty\u00f6markkinoille. Nyt p\u00e4\u00e4ttyneell\u00e4 hallituskaudella ministereiden Ihalainen ja Kiuru johdolla on kuitenkin mahdollistettu enn\u00e4tyksellisen 130 000 ihmisen p\u00e4\u00e4syn koulutukseen, tuettuun ty\u00f6h\u00f6n tai muuhun aktiivitoimeen.<\/p>\n<p>Lis\u00e4ksi pitk\u00e4aikaisty\u00f6tt\u00f6mien palveluita on parannettu kehitt\u00e4m\u00e4ll\u00e4 kuntien, Kelan ja TE-toimistojen palveluita ja edistetty kuntien ja valtion ty\u00f6njakoa ty\u00f6llisyyden hoidossa.<\/p>\n<p>Samalla tulee tunnustaa, ett\u00e4 tehokkaillakaan toimilla kaikki eiv\u00e4t p\u00e4\u00e4se avoimille ty\u00f6markkinoille. Niille pitk\u00e4aikaisty\u00f6tt\u00f6mille, l\u00e4hell\u00e4 el\u00e4keik\u00e4\u00e4 oleville ihmisille, joiden tosiasiallinen ty\u00f6llistyminen ei ole en\u00e4\u00e4 todenn\u00e4k\u00f6ist\u00e4, on mahdollistettava s\u00e4\u00e4llinen el\u00e4kkeelle p\u00e4\u00e4sy.<\/p>\n<p>Ensiarvoisen t\u00e4rke\u00e4\u00e4 on tukea jokaisen nuoren henkil\u00f6kohtaista koulutus- ja ty\u00f6llistymispolkua ja est\u00e4\u00e4 syrj\u00e4ytyminen mahdollisimman varhain. Nuorisotakuu on osoittautunut tarpeelliseksi ja est\u00e4nyt nuorten pitk\u00e4aikaisty\u00f6tt\u00f6myytt\u00e4. Nuorisotakuu ei kuitenkaan ole mik\u00e4\u00e4n valmis rakennelma, sit\u00e4 pit\u00e4\u00e4 edelleen kehitt\u00e4\u00e4 ja l\u00f6yt\u00e4\u00e4 uusia toimivia ty\u00f6tapoja.<\/p>\n<p><strong>T\u00e4m\u00e4n p\u00e4iv\u00e4n ty\u00f6el\u00e4m\u00e4ss\u00e4 on my\u00f6s riistoa.<\/strong><\/p>\n<p>T\u00e4m\u00e4 riisto tulee hyvin esille muun muassa nollaty\u00f6sopimuksissa. Muutamalla viikkoty\u00f6tunnilla ja jatkuvassa ep\u00e4varmuudessa ei kukaan pysty el\u00e4m\u00e4\u00e4n. Kannatankin operaatio vakiduunia, jossa haetaan kansalaisaloitteeseen nimi\u00e4 nollaty\u00f6sopimusten kielt\u00e4miseksi. Nimien ker\u00e4\u00e4minen aloitettiin tammikuussa ja t\u00e4ll\u00e4 hetkell\u00e4 aloitteessa on yli 41 000 nime\u00e4. Jos et ole aloitetta viel\u00e4 allekirjoittanut, niin sen voi tehd\u00e4 esimerkiksi s\u00e4hk\u00f6isesti osoitteessa kansalaisaloite.fi. 50 000 allekirjoituksen saamiseen on aikaa hein\u00e4kuun puoleen v\u00e4liin saakka.<\/p>\n<p>Vappujuhlassa on paikallaan korostaa sen ty\u00f6n merkityst\u00e4, jonka poliittinen ty\u00f6v\u00e4enliike ja ammattiyhdistysliike ovat yhdess\u00e4 tehneet Suomen rakentamiseksi hyvinvointiyhteiskunnaksi.<\/p>\n<p>Poliittinen ty\u00f6v\u00e4enliike ja ammattiyhdistysliike ovat kautta aikojen muodostaneet todellisen ja samalla rakentavan vastavoiman markkinatalouden inhimillist\u00e4miseksi. Palkansaajien turvaksi rakennetut ty\u00f6el\u00e4m\u00e4n lait, el\u00e4ke- ja ty\u00f6tt\u00f6myysturva sek\u00e4 valtakunnalliset ty\u00f6ehtosopimukset eiv\u00e4t ole tulleet ilmaiseksi, vaan ne on jouduttu kamppailemaan p\u00e4\u00e4osin neuvotellen ja sopien. T\u00e4t\u00e4 sopimusyhteiskuntaa meill\u00e4 ei ole varaa romuttaa, sill\u00e4 luottamus, tasa-arvo ja oikeudenmukaisuus rakentuvat sopimisen kulttuurin perustalle.<\/p>\n<p><strong>Julkinen, maksuton ja tasa-arvoinen peruskoulu on tasa-arvoisen yhteiskunnan kivijalka<\/strong><\/p>\n<p>Peruskoulu mahdollistaa sivistykseen perustuvan yhteiskuntarakenteen toimivuuden sek\u00e4 kansantaloudellisen kasvun ja kilpailukyvyn nostamisen. Kansainv\u00e4liset vertailut osoittavat koulutuksen ja osaamisen voimakkaan yhteyden sek\u00e4 kansantalouteen ett\u00e4 yksil\u00f6iden tulotasoon, terveyteen, hyvinvointiin ja yhteiskunnalliseen osallistumiseen.<\/p>\n<p>Viime vuosina oppimistulosten kansalliset ja kansainv\u00e4liset arvioinnit ovat kuitenkin osoittaneet, ett\u00e4 perusopintojaan p\u00e4\u00e4tt\u00e4vien oppilaiden oppimistulokset ovat merkitt\u00e4v\u00e4sti laskeneet, kouluoppimista haittaavat asenteet ovat vahvistuneet ja tytt\u00f6jen ja poikien osaamiserot ovat kasvaneet. Erityisen huolestuttavaa on koulujen v\u00e4listen erojen suuruus. Samalla luokka-asteella olevien oppilaiden oppimistuloksissa voi olla jopa 2,5 vuoden ero.<\/p>\n<p>Oppimistulosten lasku sek\u00e4 nuorten opiskelumotivaation heikentyminen tarkoittavat selke\u00e4sti sit\u00e4, ett\u00e4 tarvitsemme peruskoulun uudistamista.<\/p>\n<p>Uudistumisesta huolimatta perusopetuksen tulee jatkossakin olla julkista, maksutonta ja oppilaita valikoimatonta. Perusopetuksen rakenteiden ja k\u00e4yt\u00e4nt\u00f6jen tulee olla sellaisia, etteiv\u00e4t oppimistulokset riipu yksil\u00f6n sosiaalisesta taustasta, asuinalueesta tai sukupuolesta.<\/p>\n<p><strong>Ty\u00f6v\u00e4enliike on aina pit\u00e4nyt kulttuuria suuressa arvossa.<\/strong><\/p>\n<p>Nurmeksen Sosialidemokraateilla, alkujaan Nurmeksen Ty\u00f6v\u00e4enyhdistyksell\u00e4 on toiminnan alusta alkaen ollut paljon my\u00f6s ei- poliittista toimintaa. Esimerkiksi kuoro- ja orkesteritoiminta antoivat j\u00e4senist\u00f6lle mahdollisuuden musikaaliseen ilmaisuun sek\u00e4 tuotti esiintyji\u00e4 ty\u00f6v\u00e4enliikkeen tilaisuuksiin. Lis\u00e4ksi erilaiset ohjelmalliset iltamat, joissa on ollut lausuntaa, musiikkia, n\u00e4ytelmi\u00e4, ovat aina kuuluneet ty\u00f6v\u00e4enyhdistysten toimintamuotoihin. Olen ilokseni huomannut, ett\u00e4 iltamaperinne onkin eri puolilla Suomea olevissa ty\u00f6v\u00e4enyhdistyksiss\u00e4 aktivoitumassa.<\/p>\n<p>Sosialidemokraattien keskeinen ajatus on, ett\u00e4 kulttuuri kuuluu kaikille &#8211; rahapussin paksuudesta riippumatta. Kulttuuri ja taide eiv\u00e4t ole ylellisyystuotteita. Kulttuuri- ja harrastustoimintaan pit\u00e4isi kasvaa jo lapsena. Siksi pid\u00e4mme t\u00e4rke\u00e4n\u00e4, ett\u00e4 kouluissa olisi nykyist\u00e4 paljon enemm\u00e4n kulttuuri- ja harrastustoimintaa. Erityisesti huomiota on kiinnitett\u00e4v\u00e4 lasten harrastusten koviin kustannuksiin.<\/p>\n<p>Pelastakaa lapset ry:n selvityksen mukaan k\u00f6yhien perheiden lapset ovat pudonneet tavallisten asioiden ulkopuolelle ja yhdenvertaisuus ei toteudu esimerkiksi lasten harrastuksissa ja muussa vapaa-ajan toiminnassa. T\u00e4m\u00e4 aiheuttaa my\u00f6s kiusatuksi tulemista ja syrj\u00e4ytymist\u00e4 kaveriporukasta.<\/p>\n<p>Jokaisella lapsella on oikeus v\u00e4hint\u00e4\u00e4n yhteen harrastukseen! Kulttuuri- ja harrastustoiminta on viet\u00e4v\u00e4 sinne, miss\u00e4 lapset ja nuoret ovat jo valmiina eli kouluihin.<\/p>\n<p><strong>Meid\u00e4n tulee huolehtia my\u00f6s Suomen rakentajista, vanhuksista ja ik\u00e4ihmisist\u00e4.<\/strong><\/p>\n<p>Saimme kovan ty\u00f6n tuloksena p\u00e4\u00e4ttyneell\u00e4 hallituskaudella Suomeen vanhuspalvelulain. Se on hyv\u00e4 laki, mutta se ei toteudu viel\u00e4 kaikissa kunnissa.<\/p>\n<p>Vanhuspalvelulain seuranta on osoittanut, ettei kotiin viet\u00e4vien palvelujen osuutta ole lis\u00e4tty tarpeeksi. T\u00e4h\u00e4n pit\u00e4\u00e4 saada muutos. Kotihoidon tulee olla kuntouttavaa ja toimintakyky\u00e4 yll\u00e4pit\u00e4v\u00e4\u00e4 ja edist\u00e4v\u00e4\u00e4. T\u00e4ll\u00e4 hetkell\u00e4 kotihoito on monessa kunnassa aliresursoitua.<\/p>\n<p>Nykyisin kotona asutaan entist\u00e4 pidemp\u00e4\u00e4n. Kodista ei saa kuitenkaan tulla kenenk\u00e4\u00e4n vankila. Kenenk\u00e4\u00e4n ei pid\u00e4 tuntea itse\u00e4\u00e4n turvattomaksi omassa kodissaan. Tarvitsemme lis\u00e4\u00e4 ns. yhteis\u00f6koteja eli tavallista palveluasumista, tehostettua palveluasumista, ryhm\u00e4koteja ja perhehoitoa. Yhteis\u00f6kodit eiv\u00e4t ole laitoksia vaan kodinomaisia yhteis\u00f6llisen asumisen paikkoja, joissa ik\u00e4ihmisten turvallisesta ja sujuvasta arjesta voidaan huolehtia silloinkin, kun omassa kodissa asuminen ei esimerkiksi muistisairauden tai turvattomuuden takia en\u00e4\u00e4 onnistu.<\/p>\n<p><strong>Turvallisuuspoliittinen tilanne on muuttunut<\/strong><\/p>\n<p>Nelj\u00e4 vuotta sitten k\u00e4vin pit\u00e4m\u00e4ss\u00e4 ensimm\u00e4isen vappupuheeni t\u00e4\u00e4ll\u00e4 Nurmeksessa. Silloin ei ollut mit\u00e4\u00e4n tarvetta puhua turvallisuuspolitiikasta. Sodat ja kriisit tuntuivat olevan kovin kaukana meist\u00e4. Nyt tilanne on toinen.<\/p>\n<p>Ulko- ja turvallisuuspoliittinen tilanne Euroopassa on jo runsaan vuoden huolestuttanut kaikkia kansalaisia Euroopassa. Ven\u00e4j\u00e4n tekem\u00e4 Krimin alueen liitt\u00e4minen Ven\u00e4j\u00e4\u00e4n ja ep\u00e4varmuus, jota Ukrainan it\u00e4osissa on my\u00f6s Ven\u00e4j\u00e4n toimin pidetty yll\u00e4 on huolestuttanut meit\u00e4 kaikkia.<\/p>\n<p>Suomi on sotilasliittoon kuulumaton maa eik\u00e4 n\u00e4k\u00f6piiriss\u00e4 ole tarvetta tai syyt\u00e4 t\u00e4m\u00e4n muuttamiseen. Pid\u00e4mme tulevaisuuden valinnat kuitenkin omissa k\u00e4siss\u00e4mme ja turvallisuuspoliittinen perusratkaisu on uudelleen arvioitavissa, jos turvallisuuteemme liittyv\u00e4t olosuhteet niin vaativat.<\/p>\n<p>Suomen rajat ovat vakaita ja rauhallisia ja niiden valvonta toimii, kuten olemme viime p\u00e4ivin\u00e4 n\u00e4hneet. Suomen ulkopolitiikan teht\u00e4v\u00e4n\u00e4 on huolehtia siit\u00e4, ettei kenell\u00e4k\u00e4\u00e4n ole syyt\u00e4 ep\u00e4ill\u00e4, ett\u00e4 maamme aluetta voitaisiin k\u00e4ytt\u00e4\u00e4 kenellek\u00e4\u00e4n vihamielisiin tarkoituksiin. T\u00e4m\u00e4 edellytt\u00e4\u00e4 uskottavan puolustuksen yll\u00e4pit\u00e4mist\u00e4.<\/p>\n<p><strong>Ty\u00f6v\u00e4enliike ja sen aatteet eiv\u00e4t ole vanhentuneet.<\/strong><\/p>\n<p>Sosialidemokratian aatetta tarvitaan edelleen sek\u00e4 valtakunnallisesti ett\u00e4 paikallistasolla. Vaikka vaalit eiv\u00e4t menneet meid\u00e4n kannaltamme siten kuin ajattelimme, kysymys ei ole siit\u00e4, ett\u00e4 aatteemme olisi vanhentunut. Suuri osa suomalaisista kannattaa edelleen sosialidemokraattisia arvoja, mutta kansalaiset eiv\u00e4t usko meid\u00e4n toimivan itse omien arvojemme mukaisesti. T\u00e4m\u00e4 luottamus meid\u00e4n on saatava palautettua ja t\u00e4h\u00e4n ty\u00f6h\u00f6n tarvitaan meit\u00e4 kaikkia. Toisaalta ei riit\u00e4, ett\u00e4 saamme nykyiset kannattajamme aktivoitua, meid\u00e4n tulisi saada my\u00f6s uusia kannattajia. T\u00e4m\u00e4 tarkoittaa my\u00f6s j\u00e4rjest\u00f6toiminnan uudistamista. Potentiaaliset kannattajat eiv\u00e4t tule v\u00e4ltt\u00e4m\u00e4tt\u00e4 ty\u00f6v\u00e4enyhdistyksen kokoukseen, heid\u00e4t on l\u00f6ydett\u00e4v\u00e4 muualta. Erityisen t\u00e4rke\u00e4\u00e4 on se, miten kuntapolitiikassa toimitaan, sill\u00e4 valtuustossa ja lautakunnissa tehdyt p\u00e4\u00e4t\u00f6kset ovat ihmisi\u00e4 kaikkein l\u00e4himp\u00e4n\u00e4. Nyt olisikin t\u00e4rke\u00e4\u00e4 kirkastaa sosialidemokraatista kuntapolitiikkaa.<\/p>\n<p>Mahtama Gandhi on sanonut: Ole itse se muutos, mink\u00e4 haluat n\u00e4hd\u00e4 maailmassa. Jos haluamme oikeudenmukaisemman maailman, sen rakentaminen l\u00e4htee meist\u00e4 jokaisesta. Joukkona olemme kuitenkin vahvempia ja t\u00e4m\u00e4n joukkovoiman varmistamiseksi ty\u00f6v\u00e4enyhdistyksetkin on aikoinaan perustettu. Meill\u00e4 on edelleen ty\u00f6t\u00e4 teht\u00e4v\u00e4n\u00e4 ja oikeudenmukaisemman maailman tekemiseen haluan rohkaista teit\u00e4 Hiski Salomaan tuttujen laulun sanojen my\u00f6t\u00e4:<\/p>\n<p>Meill\u2019 vapauden kaiho soi.<\/p>\n<p>nyt rinnassamme toverit oi!<\/p>\n<p>Siks\u2019 yhteisty\u00f6h\u00f6n rintamahan k\u00e4y,<\/p>\n<p>pelastusta k\u00f6yhille ei ennen n\u00e4y!<\/p>\n<p>Viha vaino pois,<\/p>\n<p>rauha parempi ois\u2019<\/p>\n<p>sopusointu kesken\u00e4mme vallitkoon.<\/p>\n<p>Vaikka musta y\u00f6<\/p>\n<p>veljen k\u00e4tt\u00e4 kun ly\u00f6,<\/p>\n<p>niin pilvet haihtuu<\/p>\n<p>kylmyys vaihtuu tielt\u00e4mme pois.<\/p>\n<p>T\u00e4m\u00e4 laulu on levytetty vuonna 1929 ja sit\u00e4 on laulettu varmasti my\u00f6s Nurmeksen Ty\u00f6v\u00e4enyhdistyksen tilaisuuksissa l\u00e4pi vuosikymmenten. Edelleen laulun sanat ovat ajankohtaisia, erityisesti maininnat yhteisty\u00f6n merkityksest\u00e4.<\/p>\n<p>Yhteisty\u00f6ss\u00e4 on voimaa!<\/p>\n<p>Hyv\u00e4\u00e4 Vappua!<\/p>\n<p>&nbsp;<\/p>\n<p>&nbsp;<\/p>\n<p>&nbsp;<\/p>\n","protected":false},"excerpt":{"rendered":"<p>Hyv\u00e4\u00e4 vappua! Ensinn\u00e4kin haluan toivottaa onnea juhlivalle Nurmeksen Sosialidemokraatit ry:lle. 110 vuotta t\u00e4ytt\u00e4v\u00e4 ja jo kyps\u00e4ss\u00e4 i\u00e4ss\u00e4 oleva yhdistys on taistellut monien t\u00e4rkeiden asioiden puolesta. Uskon sen olevan t\u00e4rke\u00e4 paikallinen vaikuttaja my\u00f6s t\u00e4n\u00e4\u00e4n ja tulevina vuosikymmenin\u00e4. Kun t\u00e4m\u00e4 yhdistys aikanaan perustettiin, maailma oli kovin toisenlainen ja ty\u00f6v\u00e4enliikkeen haasteet olivat erilaisia. Paljon on saatu aikaan, mutta<\/p>\n","protected":false},"author":2,"featured_media":0,"comment_status":"open","ping_status":"open","sticky":false,"template":"","format":"standard","meta":{"_acf_changed":false,"footnotes":""},"categories":[15],"tags":[],"class_list":["post-818","post","type-post","status-publish","format-standard","hentry","category-puheet"],"acf":[],"_links":{"self":[{"href":"https:\/\/www.merjamakisalo.fi\/index.php?rest_route=\/wp\/v2\/posts\/818","targetHints":{"allow":["GET"]}}],"collection":[{"href":"https:\/\/www.merjamakisalo.fi\/index.php?rest_route=\/wp\/v2\/posts"}],"about":[{"href":"https:\/\/www.merjamakisalo.fi\/index.php?rest_route=\/wp\/v2\/types\/post"}],"author":[{"embeddable":true,"href":"https:\/\/www.merjamakisalo.fi\/index.php?rest_route=\/wp\/v2\/users\/2"}],"replies":[{"embeddable":true,"href":"https:\/\/www.merjamakisalo.fi\/index.php?rest_route=%2Fwp%2Fv2%2Fcomments&post=818"}],"version-history":[{"count":2,"href":"https:\/\/www.merjamakisalo.fi\/index.php?rest_route=\/wp\/v2\/posts\/818\/revisions"}],"predecessor-version":[{"id":820,"href":"https:\/\/www.merjamakisalo.fi\/index.php?rest_route=\/wp\/v2\/posts\/818\/revisions\/820"}],"wp:attachment":[{"href":"https:\/\/www.merjamakisalo.fi\/index.php?rest_route=%2Fwp%2Fv2%2Fmedia&parent=818"}],"wp:term":[{"taxonomy":"category","embeddable":true,"href":"https:\/\/www.merjamakisalo.fi\/index.php?rest_route=%2Fwp%2Fv2%2Fcategories&post=818"},{"taxonomy":"post_tag","embeddable":true,"href":"https:\/\/www.merjamakisalo.fi\/index.php?rest_route=%2Fwp%2Fv2%2Ftags&post=818"}],"curies":[{"name":"wp","href":"https:\/\/api.w.org\/{rel}","templated":true}]}}