{"id":3853,"date":"2025-12-13T08:08:12","date_gmt":"2025-12-13T06:08:12","guid":{"rendered":"https:\/\/www.merjamakisalo.fi\/?p=3853"},"modified":"2025-12-13T08:08:12","modified_gmt":"2025-12-13T06:08:12","slug":"puheeni-joensuun-valtuuston-kokouksessa-8-12","status":"publish","type":"post","link":"https:\/\/www.merjamakisalo.fi\/?p=3853","title":{"rendered":"Puheeni Joensuun valtuuston kokouksessa 8.12"},"content":{"rendered":"<p>Kun kunnissa puhutaan talousarvioista, on t\u00e4rke\u00e4\u00e4 puhua my\u00f6s hyvinvointitaloudesta. Panostukset hyvinvoinnin ja terveyden edist\u00e4miseen ovat t\u00e4rkeit\u00e4 investointeja, jos halutaan saada tulevaisuuden kustannuksia kuriin. Hyvinvoinnin ja terveyden edist\u00e4miseen kuuluu my\u00f6s yhdenvertaisuuden ja osallisuuden varmistaminen. Asia korostuu jatkossa entisest\u00e4\u00e4n, kun valtionosuuksissa on mukana ns. hyte-kerroin.<\/p>\n<p>N\u00e4it\u00e4 asioita pohditaan erityisesti hyvinvoinnin ja osallisuuden edist\u00e4misen lautakunnassa, mutta on t\u00e4rke\u00e4\u00e4 ymm\u00e4rt\u00e4\u00e4, ett\u00e4 n\u00e4m\u00e4 teemat kuuluvat poikkileikkaavasti kaikkeen kaupungin toimintaan ja siksi terveyden- ja hyvinvoinnin edist\u00e4minen tulee olla keskeisen\u00e4 osa-alueena p\u00e4\u00e4t\u00f6ksenteon ennakkovaikutusten arvioinneissa.<\/p>\n<p>Joensuun ensi vuoden talousarviossa on mielest\u00e4ni melko hyvin huomioitu hyvinvointi ja osallisuus eli uuden strategian kirjaus: Hyv\u00e4n arjen, hyvinvoinnin ja osallisuuden Joensuu, n\u00e4kyy kirjauksissa.<\/p>\n<p>Pari t\u00e4rke\u00e4\u00e4 nostoa:<\/p>\n<p>Hyvinvoinnin ja terveyden edist\u00e4minen vaatii yhdess\u00e4 tekemist\u00e4 &#8211; erityisesti hyvinvointialueen ja j\u00e4rjest\u00f6jen kanssa. Siksi on t\u00e4rke\u00e4\u00e4, ett\u00e4 hyvinvoinnin ja osallisuuden edist\u00e4misen lautakunnan viesti siit\u00e4, ettei j\u00e4rjest\u00f6avustuksista leikata, tuli kuulluksi.<\/p>\n<p>Lautakunta on mallintanut ja testannut osallisuuden edist\u00e4miseksi yhteissuunnittelun ideaa, jossa korostuu kohtaaminen, yhdess\u00e4 oppiminen ja konsensukseen pyrkiminen. Ensi vuonna t\u00e4t\u00e4 mallia hy\u00f6dynt\u00e4en teemme talousarviokirjaankin kirjatun kohtaamispaikkaselvityksen.<\/p>\n<p>Asia on t\u00e4rke\u00e4, koska valtiovallan taholta j\u00e4rjest\u00f6ihin kohdentuvat s\u00e4\u00e4st\u00f6t ovat johtaneet monen kohtaamispaikan sulkemiseen ja t\u00e4m\u00e4 on taas monelle yksin\u00e4iselle henkil\u00f6lle terveytt\u00e4 ja hyvinvointia heikent\u00e4v\u00e4 asia.<\/p>\n<p>Ja lopuksi nostan esille kirjauksen mielen hyvinvoinnin edist\u00e4misest\u00e4. Erilaiset mielenterveyden h\u00e4iri\u00f6t aiheuttavat t\u00e4ll\u00e4 hetkell\u00e4 Suomessa eniten sairauspoissaoloja ja ennenaikaista el\u00e4k\u00f6itymist\u00e4 ja trendi on kasvava erityisesti nuorten aikuisten kohdalla. Sitran uuden tutkimustuloksen mukaan nuorten tulevaisuudenusko on heikentynyt ja my\u00f6s t\u00e4m\u00e4 n\u00e4kyy psyykkisen\u00e4 oireiluna. Toivon, ett\u00e4 otamme mielen hyvinvoinnin edist\u00e4misen yhteiseksi asiaksi. Jokainen voi tehd\u00e4 asian eteen tekoja esimerkiksi pit\u00e4m\u00e4ll\u00e4 huolta itsest\u00e4 ja v\u00e4litt\u00e4m\u00e4ll\u00e4 kaverista, mutta my\u00f6s kaupungin toiminnassa ja p\u00e4\u00e4t\u00f6ksiss\u00e4 asia on t\u00e4rke\u00e4 nostaa esille.<\/p>\n<p>Erityisesti iloitsen talousarviossa olevasta kirjauksesta: Edistet\u00e4\u00e4n joensuulaisten hyvinvointia kulttuurin keinoin. Kulttuurin ja taiteen vaikuttavuudesta hyvinvointiin &#8211; my\u00f6s mielen hyvinvointiin &#8211; on niin runsaasti tutkimusn\u00e4ytt\u00f6\u00e4. Per\u00e4\u00e4nkuulutan muutenkin tutkimusn\u00e4ytt\u00f6\u00f6n perustuvan p\u00e4\u00e4t\u00f6ksenteon vahvistamista.<\/p>\n<p>Taloustilanteeseen vaikuttaa my\u00f6s se, ett\u00e4 ty\u00f6llisyystilanne on edelleen heikkenem\u00e4\u00e4n p\u00e4in.<\/p>\n<p>Suomessa ei kansalaisten perustuslaillinen oikeus ty\u00f6h\u00f6n toteudu ja siksi uudenlaisia tapoja auttaa ihmisi\u00e4 ty\u00f6h\u00f6n tarvitaan. Esimerkiksi yhteiskunnalliset yritykset ovat uudenlainen toimintatapa ja kenties saamme luotua t\u00e4st\u00e4 oman Pohjois-Karjalan mallin. Tarvitsemme my\u00f6s uudenlaista asennoitumista; edelleen ty\u00f6tt\u00f6mi\u00e4 syyllistet\u00e4\u00e4n ty\u00f6tt\u00f6myydest\u00e4, vaikka meid\u00e4n pit\u00e4isi mietti\u00e4, miten jokaiselle l\u00f6ytyy sopivaa ty\u00f6t\u00e4.<\/p>\n<p>Meill\u00e4 on suuria haasteita erityisesti pitk\u00e4\u00e4n ty\u00f6tt\u00f6m\u00e4n\u00e4 olleiden ty\u00f6llistymisess\u00e4, sill\u00e4 j\u00e4rjest\u00f6jen mahdollisuudet ty\u00f6llist\u00e4\u00e4 on viety l\u00e4hes kokonaan. Kaikilla ihmisill\u00e4 ei ole mahdollisuutta ty\u00f6llisty\u00e4 avoimille ty\u00f6markkinoille ja heillekin kuuluu mielek\u00e4s rooli yhteiskunnassa.<\/p>\n","protected":false},"excerpt":{"rendered":"<p>Kun kunnissa puhutaan talousarvioista, on t\u00e4rke\u00e4\u00e4 puhua my\u00f6s hyvinvointitaloudesta. Panostukset hyvinvoinnin ja terveyden edist\u00e4miseen ovat t\u00e4rkeit\u00e4 investointeja, jos halutaan saada tulevaisuuden kustannuksia kuriin. Hyvinvoinnin ja terveyden edist\u00e4miseen kuuluu my\u00f6s yhdenvertaisuuden ja osallisuuden varmistaminen. Asia korostuu jatkossa entisest\u00e4\u00e4n, kun valtionosuuksissa on mukana ns. hyte-kerroin. N\u00e4it\u00e4 asioita pohditaan erityisesti hyvinvoinnin ja osallisuuden edist\u00e4misen lautakunnassa, mutta on t\u00e4rke\u00e4\u00e4<\/p>\n","protected":false},"author":1,"featured_media":0,"comment_status":"open","ping_status":"closed","sticky":false,"template":"","format":"standard","meta":{"_acf_changed":false,"footnotes":""},"categories":[4],"tags":[],"class_list":["post-3853","post","type-post","status-publish","format-standard","hentry","category-kolumnit"],"acf":[],"_links":{"self":[{"href":"https:\/\/www.merjamakisalo.fi\/index.php?rest_route=\/wp\/v2\/posts\/3853","targetHints":{"allow":["GET"]}}],"collection":[{"href":"https:\/\/www.merjamakisalo.fi\/index.php?rest_route=\/wp\/v2\/posts"}],"about":[{"href":"https:\/\/www.merjamakisalo.fi\/index.php?rest_route=\/wp\/v2\/types\/post"}],"author":[{"embeddable":true,"href":"https:\/\/www.merjamakisalo.fi\/index.php?rest_route=\/wp\/v2\/users\/1"}],"replies":[{"embeddable":true,"href":"https:\/\/www.merjamakisalo.fi\/index.php?rest_route=%2Fwp%2Fv2%2Fcomments&post=3853"}],"version-history":[{"count":1,"href":"https:\/\/www.merjamakisalo.fi\/index.php?rest_route=\/wp\/v2\/posts\/3853\/revisions"}],"predecessor-version":[{"id":3854,"href":"https:\/\/www.merjamakisalo.fi\/index.php?rest_route=\/wp\/v2\/posts\/3853\/revisions\/3854"}],"wp:attachment":[{"href":"https:\/\/www.merjamakisalo.fi\/index.php?rest_route=%2Fwp%2Fv2%2Fmedia&parent=3853"}],"wp:term":[{"taxonomy":"category","embeddable":true,"href":"https:\/\/www.merjamakisalo.fi\/index.php?rest_route=%2Fwp%2Fv2%2Fcategories&post=3853"},{"taxonomy":"post_tag","embeddable":true,"href":"https:\/\/www.merjamakisalo.fi\/index.php?rest_route=%2Fwp%2Fv2%2Ftags&post=3853"}],"curies":[{"name":"wp","href":"https:\/\/api.w.org\/{rel}","templated":true}]}}