{"id":3663,"date":"2024-10-02T09:55:39","date_gmt":"2024-10-02T06:55:39","guid":{"rendered":"https:\/\/www.merjamakisalo.fi\/?p=3663"},"modified":"2024-10-02T09:55:39","modified_gmt":"2024-10-02T06:55:39","slug":"invalidiliiton-jarjestopaivat-28-9-2024","status":"publish","type":"post","link":"https:\/\/www.merjamakisalo.fi\/?p=3663","title":{"rendered":"Invalidiliiton j\u00e4rjest\u00f6p\u00e4iv\u00e4t 28.9.2024"},"content":{"rendered":"<p>Puheenvuoroni vaikuttamisesta<\/p>\n<p>1.10, vietet\u00e4\u00e4n Miina Sillanp\u00e4\u00e4n, j\u00e4rjest\u00f6jen ja kansalaisvaikuttamisen p\u00e4iv\u00e4\u00e4. Toisen kerran t\u00e4m\u00e4 p\u00e4iv\u00e4 on virallinen liputusp\u00e4iv\u00e4. Jo sit\u00e4 ennen muutaman vuoden ajan liputusta suositeltiin. Minulta pyydettiin t\u00e4nne j\u00e4rjest\u00f6p\u00e4iville puheenvuoroa, jonka aiheet sopivat hyvin t\u00e4h\u00e4n ensi viikon liputusp\u00e4iv\u00e4\u00e4n. Minua pyydettiin vastaamaan seuraaviin kysymyksiin:<\/p>\n<p>Miten olen kokenut vaikuttamisen alueella\/aikaisemmin eduskunnassa?<br \/>\nMitk\u00e4 asiat kannattaa vaikuttamisessa ottaa huomioon?<br \/>\nMist\u00e4 olen itse vaikuttunut?<\/p>\n<p>Toimin t\u00e4ll\u00e4 hetkell\u00e4 Joensuussa kaupungin valtuustossa ja Pohjois-Karjalan hyvinvointialueella, valtuuston puheenjohtajana. Olin eduskunnassa 12 vuotta, mutta viime vaaleissa en en\u00e4\u00e4 asettunut ehdolle. Eduskunnassa toimin kaksi kautta Vammaisasiain yhteisty\u00f6ryhm\u00e4ss\u00e4 eli Vamyt-ryhm\u00e4ss\u00e4 ja viimeiset nelj\u00e4 vuotta sen puheenjohtajana. Ryhm\u00e4\u00e4n kuuluu yleens\u00e4 j\u00e4seni\u00e4 l\u00e4hes kaikista eduskuntapuolueista. Olen kiitollinen, kun sain ty\u00f6skennell\u00e4 ryhm\u00e4ss\u00e4, sill\u00e4 harvassa teht\u00e4v\u00e4ss\u00e4 oppii niin paljon. Oli ilo tehd\u00e4 yhteisty\u00f6t\u00e4 monien vammaisj\u00e4rjest\u00f6jen kanssa. Vamyt ryhm\u00e4 on eduskunnan pisimp\u00e4\u00e4n yht\u00e4jaksoisesti toiminut ryhm\u00e4, jonka perustajana oli Kalle K\u00f6nkk\u00f6l\u00e4. T\u00e4ll\u00e4 kaudella Paula Risikko toimii puheenjohtaja. Kannattaa olla yhteydess\u00e4 t\u00e4h\u00e4n ryhm\u00e4\u00e4n, jos haluaa saada yhteyksi\u00e4 eduskuntaan.<\/p>\n<p>Opin Vamyt-ryhm\u00e4ss\u00e4 muun muassa sen, ett\u00e4 kaikkein vaikein vamma on asennevamma ja hankalin esteellisyyden muoto on asenne-esteellisyys. En halua uskoa, ett\u00e4 kysymys olisi ilkeydest\u00e4. Kysymys on siit\u00e4, ettei ihmisill\u00e4 ole tietoa. Tietopuutetta on muun muassa seuraavista asioista:<br \/>\n&#8211; Ei tiedet\u00e4, mik\u00e4 on YK:n vammaisoikeuksien yleissopimus, eik\u00e4 sit\u00e4, ett\u00e4 sen ratifiointi tarkoittaa laintasoista sitoutumista asiaan<br \/>\n&#8211; Ei tiedet\u00e4 mit\u00e4 on yhdenvertaisuus. Hyvin usein kuulen sen tarkoittavan \u201dkaikille kaikkea saman verran ja samalla tavalla\u201d. Seh\u00e4n ei ole yhdenvertaisuutta, vaan tasap\u00e4ist\u00e4mist\u00e4. Jos halutaan vammaisten yhdenvertaisuuden toteutuvan yhteiskunnassa, on ymm\u00e4rrett\u00e4v\u00e4, ett\u00e4 yhdenvertaisuuden idea on, ett\u00e4 vammaiset p\u00e4\u00e4sev\u00e4t samalle viivalle ei-vammaisen henkil\u00f6iden kanssa. T\u00e4m\u00e4 taas edellytt\u00e4\u00e4 yksil\u00f6llisi\u00e4 palveluja, mutta my\u00f6s yhteiskunnan rakentamista esteett\u00f6m\u00e4ksi ja saavutettavaksi.<\/p>\n<p>Esteet\u00f6n, saavutettava ja yhdenvertaisuuden mahdollistava yhteiskunta on muutakin kuin vammaispalvelulaki (joka siis on j\u00e4lleen kerran annettu eduskunnan k\u00e4sitelt\u00e4v\u00e4ksi). Edelleen huomaan ajattelun olevan kovin kapea-alaista ja keskusteluissa tulee esille, ett\u00e4 vammaisten asioiden ajatellaan olevan pelk\u00e4st\u00e4\u00e4n sosiaali- ja terveyspuolen asioita.<\/p>\n<p>T\u00f6rm\u00e4sin t\u00e4h\u00e4n itse \u00e4skett\u00e4in omalla hyvinvointialueellani. Meill\u00e4 on valtuustossa p\u00e4\u00e4tetty tehd\u00e4 hyvinvointialueelle oma vammaispoliittinen ohjelma. Kun sit\u00e4 ei kuulunut, ryhdyin kyselem\u00e4\u00e4n asiasta. Sain selville, ettei ohjelman tekemist\u00e4 ole viel\u00e4 aloitettu, koska odotetaan vammaispalvelulakia. Vammaispoliittinen ohjelma on kyll\u00e4 enimm\u00e4kseen muuta kuin vammaispalvelulaki.<\/p>\n<p>Kapeutunut ajattelu n\u00e4kyy monella yhteiskunnan sektorilla. Vammaisten ty\u00f6llisyys on paljon heikompaa kuin ei-vammaisten. Yhteiskunnan rakenteet usein est\u00e4v\u00e4t ty\u00f6el\u00e4m\u00e4\u00e4n osallistumisen. Esimerkiksi kulttuuritiloja suunnitellessa otetaan nykyisin jo hyvin huomioon, ett\u00e4 yleis\u00f6lle tarkoitetut tilat ovat esteett\u00f6mi\u00e4, mutta edelleen rakennetaan uusia tiloja, joissa vammaisen taiteilijan on melko mahdotonta ty\u00f6skennell\u00e4.<\/p>\n<p>Ty\u00f6voimapolitiikassa minua todella paljon harmittaa, kun edelleen puhutaan osaty\u00f6kykyisist\u00e4, kun pit\u00e4isi keskustella siit\u00e4, miten kaikille l\u00f6ytyy sopivaa ty\u00f6t\u00e4. T\u00e4ss\u00e4 viestinn\u00e4ss\u00e4 Invalidiliitto on ollut aktiivinen, mutta puhumista viel\u00e4 riitt\u00e4\u00e4.<\/p>\n<p>Mutta mit\u00e4 voisimme yhdess\u00e4 tehd\u00e4?<\/p>\n<p>Koska en halua uskoa ep\u00e4kohtien johtuvan ilkeydest\u00e4 vaan tiet\u00e4m\u00e4tt\u00f6myydest\u00e4, niin on puhuttava, puhuttava ja taas puhuttava \u2013 V\u00e4\u00e4nnett\u00e4v\u00e4 rautalangasta. J\u00e4\u00e4r\u00e4p\u00e4isell\u00e4 puhumisella on vaikutusta. Pohjois-Karjalan hyvinvointialueella olemme esimerkiksi saaneet vammaisneuvoston j\u00e4senille l\u00e4sn\u00e4olo- ja puheoikeuden lautakuntiin.<\/p>\n<p>Olemme k\u00e4ynnist\u00e4neet isoissa asioissa my\u00f6s p\u00e4\u00e4t\u00f6ksenteon ennakkovaikutusten arvioinnit, johon kuuluu my\u00f6s ihmisvaikutusten arviointi ja sen osana vammaisvaikutusten arviointi. Asia on viel\u00e4 opetteluvaiheessa, mutta t\u00e4rkeint\u00e4 on, ett\u00e4 asian merkitys ja t\u00e4rkeys on ymm\u00e4rretty.<\/p>\n<p>Aktiivinen vammaisneuvosto saa paljon aikaan. Meill\u00e4 on sellainen. Haasteena on tietysti se, ett\u00e4 j\u00e4senet pystyv\u00e4t nousemaan helikopteriperspektiiviin, puhumaan kaikkien vammaisten \u00e4\u00e4nell\u00e4,<br \/>\neik\u00e4 vain oman vammaisryhm\u00e4n tai j\u00e4rjest\u00f6n n\u00e4k\u00f6kulmasta.<\/p>\n<p>Yleens\u00e4kin vaikuttamisty\u00f6ss\u00e4 on t\u00e4rke\u00e4\u00e4, ett\u00e4 t\u00e4rkeist\u00e4 asioista puhutaan yhteisell\u00e4 \u00e4\u00e4nell\u00e4. Jos vammaisj\u00e4rjest\u00f6t riitelev\u00e4t kesken\u00e4\u00e4n, vaikuttamismahdollisuudet heikkenev\u00e4t. Ei ole helppo asia, ymm\u00e4rr\u00e4n hyvin.<\/p>\n<p>Asenne-esteellisyys tulee esille my\u00f6s siin\u00e4, ett\u00e4 vammaisten ei vaikuttamisessa ajatella olevan kiinnostuneita muusta kuin vammaisten asioiden ajamisesta ja siksi on t\u00e4rke\u00e4\u00e4, ett\u00e4 ensi kev\u00e4\u00e4n kunta- ja hyvinvointialuevaaleissa olisi paljon vammaisia ehdokkaina. Meill\u00e4 on t\u00e4ll\u00e4 hetkell\u00e4 hyvinvointialueen valtuustossa useampi vammainen ja heid\u00e4n ansiostaan esteett\u00f6myys ja saavutettavuus ovat parantuneet, mutta he ovat erinomaisesti n\u00e4ytt\u00e4neet my\u00f6s laaja-alaisuutta p\u00e4\u00e4t\u00f6ksenteossa.<\/p>\n<p>Vinkkej\u00e4 vaikuttamisty\u00f6h\u00f6n<br \/>\n&#8211; Napakkuus asian esitt\u00e4misess\u00e4 eli oleellisen kertominen. Liian suuren tietom\u00e4\u00e4r\u00e4n omaksuminen on kenelle tahansa vaikeaa.<br \/>\n&#8211; \u00c4l\u00e4 syyt\u00e4, syyllist\u00e4, ota kumppaniksi yhteiselle matkalle. Rakentava vuorovaikutus ja viestint\u00e4 ovat parempi vaihtoehto ja se ehk\u00e4isee puolustusmekanismien k\u00e4ynnistymisen.<br \/>\n&#8211; Kohdennettu viesti on t\u00e4rke\u00e4\u00e4. Mieti kenelle tai mille ryhm\u00e4lle puhut ja puhu juuri h\u00e4nelle tai heille.<br \/>\n&#8211; Edelleen on t\u00e4rke\u00e4\u00e4 muistuttaa ihmisoikeuksista ja lains\u00e4\u00e4d\u00e4nn\u00f6n vaatimuksista. Toisaalta faktojen esille tuominen esimerkiksi siit\u00e4, ett\u00e4 koko yhteiskunta tarvitsee kaikkien ty\u00f6panosta, on t\u00e4rke\u00e4\u00e4 p\u00e4\u00e4tt\u00e4jille puhuttaessa.<br \/>\n&#8211; T\u00e4rke\u00e4 viesti on my\u00f6s se, ett\u00e4 esteet\u00f6n ja saavutettava yhteiskunta on hyv\u00e4 kaikille.<br \/>\n&#8211; Nyt kannattaa hy\u00f6dynn\u00e4 ensi kev\u00e4\u00e4n vaaleja eli kutsua ehdokkaita tapaamisiin ja l\u00f6yt\u00e4\u00e4 sielt\u00e4 ydinporukka, joiden kanssa erityisesti jatkatte yhteisty\u00f6t\u00e4. Vaalien alla erilaiset haastekampanjat voivat olla my\u00f6s tehokkaita. Ottakaa huomioon kaikki poliittiset ryhm\u00e4t, sill\u00e4 vammaispolitiikka ei ole puoluepolitiikkaa ja mit\u00e4 useammassa ryhm\u00e4ss\u00e4 on asioista tiet\u00e4vi\u00e4, sen tehokkaammin tieto levi\u00e4\u00e4 ja asenteet korjaantuvat.<br \/>\n&#8211; Esimerkin voima on valtava. Olkaa esill\u00e4 ja n\u00e4kyvill\u00e4.<\/p>\n<p>Mist\u00e4 itse olen vaikuttunut?<\/p>\n<p>Viimeinen minulle asetettu kysymys oli, mist\u00e4 olen itse vaikuttunut. T\u00e4m\u00e4 kysymys oli hyv\u00e4 ja pisti minut todella miettim\u00e4\u00e4n. Kaksi asiaa tuli mieleeni. Olen Miina Sillanp\u00e4\u00e4 fani ja kun olen paneutunut h\u00e4nen el\u00e4m\u00e4nty\u00f6h\u00f6ns\u00e4, en voi olla vaikuttumatta h\u00e4nen tulevaisuusviisaudestaan. H\u00e4n oli ensimm\u00e4inen suomalainen naisministeri ja toimi kansanedustajana 36 vuotta. H\u00e4n oli rohkea uudistaja ja n\u00e4kij\u00e4. H\u00e4n uskalsi ottaa kantaa arkoihinkin asioihin. H\u00e4n perusti Suomeen muun muassa ensikodit, vaikka koki paljon vastustusta t\u00e4ss\u00e4 asiassa. H\u00e4net yritettiin monta kertaa vaientaa my\u00f6s eduskunnassa, mutta h\u00e4n ei halunnut vaieta. Kerrankin h\u00e4n totesi rauhallisesti ja provosoitumatta t\u00e4llaiseen vaientamisyritykseen: \u201dJospa min\u00e4 kuitenkin k\u00e4yt\u00e4n t\u00e4m\u00e4n puheenvuoron\u201d. H\u00e4n oli my\u00f6s j\u00e4rjest\u00f6ihminen ja totesi muun muassa: \u201dIlman j\u00e4rjest\u00f6j\u00e4 min\u00e4 en olisi mit\u00e4\u00e4n.\u201d<\/p>\n<p>Mielest\u00e4ni Miina on eritt\u00e4in hyv\u00e4 esikuva vaikuttamisesta ja h\u00e4nen toimintansa on vaikuttanut my\u00f6s minuun.<\/p>\n<p>Toinen asia, joka vaikuttaa minuun on taide ja kulttuuri. Taiteen teht\u00e4v\u00e4n\u00e4 on her\u00e4tt\u00e4\u00e4 tunteita. Taide on tehokas keino kertoa asioita. Sen avulla p\u00e4\u00e4st\u00e4\u00e4n syvemm\u00e4lle kuin pelk\u00e4ll\u00e4 asiapuheella. Taidetta kannattaa hy\u00f6dynt\u00e4\u00e4 vaikuttamisty\u00f6ss\u00e4. Haluankin lopettaa t\u00e4m\u00e4n puheenvuoroni runoon, joka kertoo mielest\u00e4ni paljon my\u00f6s vaikuttamisty\u00f6st\u00e4. Omaan asiaan on uskottava silloinkin, kun tuntuu, ett\u00e4 ly\u00f6 p\u00e4\u00e4t\u00e4 sein\u00e4\u00e4n.<\/p>\n<p>Runo on unkarilaiselta Mihaily Vacinilta. H\u00e4n oli runoilija, k\u00e4\u00e4nt\u00e4j\u00e4 ja poliitikko. H\u00e4n syntyi vuonna 1924 ja kuoli 1970.<\/p>\n<p>Ei virittely riit\u00e4, hehku tarvitaan.<br \/>\nEi leimahtelu riit\u00e4 vaan syty palamaan.<br \/>\nEi palaminen riit\u00e4, vilua siet\u00e4\u00e4 saa.<br \/>\nJoka tahtoo ter\u00e4st\u00e4 olla, perille suhahtaa.<\/p>\n<p>Ei unelmointi riit\u00e4, uni suurensuuri tarvitaan.<br \/>\nEi tunnustelu riit\u00e4: opi pohjaan asti tuntemaan!<br \/>\nEi riit\u00e4 aavistella, mik\u00e4 aika on tulossa: se tiedett\u00e4v\u00e4 on.<\/p>\n<p>Ei et\u00e4inen maali riit\u00e4; tie maaliin tarvitaan!<br \/>\nTien l\u00f6yt\u00e4minen ei riit\u00e4, on ment\u00e4v\u00e4 kulkemaan!<br \/>\nYksinkin, edelt\u00e4 \u2013 my\u00f6s ensimm\u00e4isen\u00e4.<br \/>\nMutta l\u00e4ht\u00f6 ei yksin riit\u00e4: tie muille auetkoon!<br \/>\nJa vain joka johtaa uskaltaa, my\u00f6s muita kutsukoon.<br \/>\nEi kaipaus hyv\u00e4\u00e4n riit\u00e4, sit\u00e4 tahdottava on.<br \/>\nEik\u00e4 tahtominen riit\u00e4, teht\u00e4v\u00e4, teht\u00e4v\u00e4 on.<br \/>\nMit\u00e4 auttaa viile\u00e4 j\u00e4rki ja harkinta, aikomus?<br \/>\nEnemm\u00e4n tarvitaan: tunne ja selv\u00e4 tarkoitus.<br \/>\nEi mik\u00e4 tahansa tunne vaan haavat polttavat, kun kyselet, miksi toivot, el\u00e4t, k\u00e4rsit,<br \/>\nrakastat.<\/p>\n<p>Min\u00e4 haluan uskoa siihen, ett\u00e4 on mahdollista rakentaa yhteiskuntaa, jossa toteutuu aito <!--more-->yhdenvertaisuus. Sen eteen on yhdess\u00e4 teht\u00e4v\u00e4 ty\u00f6t\u00e4, vaikka joskus matka tuntuu pitk\u00e4lt\u00e4.<\/p>\n","protected":false},"excerpt":{"rendered":"<p>Puheenvuoroni vaikuttamisesta 1.10, vietet\u00e4\u00e4n Miina Sillanp\u00e4\u00e4n, j\u00e4rjest\u00f6jen ja kansalaisvaikuttamisen p\u00e4iv\u00e4\u00e4. Toisen kerran t\u00e4m\u00e4 p\u00e4iv\u00e4 on virallinen liputusp\u00e4iv\u00e4. Jo sit\u00e4 ennen muutaman vuoden ajan liputusta suositeltiin. Minulta pyydettiin t\u00e4nne j\u00e4rjest\u00f6p\u00e4iville puheenvuoroa, jonka aiheet sopivat hyvin t\u00e4h\u00e4n ensi viikon liputusp\u00e4iv\u00e4\u00e4n. Minua pyydettiin vastaamaan seuraaviin kysymyksiin: Miten olen kokenut vaikuttamisen alueella\/aikaisemmin eduskunnassa? Mitk\u00e4 asiat kannattaa vaikuttamisessa ottaa huomioon?<\/p>\n","protected":false},"author":1,"featured_media":0,"comment_status":"open","ping_status":"closed","sticky":false,"template":"","format":"standard","meta":{"_acf_changed":false,"footnotes":""},"categories":[4],"tags":[],"class_list":["post-3663","post","type-post","status-publish","format-standard","hentry","category-kolumnit"],"acf":[],"_links":{"self":[{"href":"https:\/\/www.merjamakisalo.fi\/index.php?rest_route=\/wp\/v2\/posts\/3663","targetHints":{"allow":["GET"]}}],"collection":[{"href":"https:\/\/www.merjamakisalo.fi\/index.php?rest_route=\/wp\/v2\/posts"}],"about":[{"href":"https:\/\/www.merjamakisalo.fi\/index.php?rest_route=\/wp\/v2\/types\/post"}],"author":[{"embeddable":true,"href":"https:\/\/www.merjamakisalo.fi\/index.php?rest_route=\/wp\/v2\/users\/1"}],"replies":[{"embeddable":true,"href":"https:\/\/www.merjamakisalo.fi\/index.php?rest_route=%2Fwp%2Fv2%2Fcomments&post=3663"}],"version-history":[{"count":3,"href":"https:\/\/www.merjamakisalo.fi\/index.php?rest_route=\/wp\/v2\/posts\/3663\/revisions"}],"predecessor-version":[{"id":3666,"href":"https:\/\/www.merjamakisalo.fi\/index.php?rest_route=\/wp\/v2\/posts\/3663\/revisions\/3666"}],"wp:attachment":[{"href":"https:\/\/www.merjamakisalo.fi\/index.php?rest_route=%2Fwp%2Fv2%2Fmedia&parent=3663"}],"wp:term":[{"taxonomy":"category","embeddable":true,"href":"https:\/\/www.merjamakisalo.fi\/index.php?rest_route=%2Fwp%2Fv2%2Fcategories&post=3663"},{"taxonomy":"post_tag","embeddable":true,"href":"https:\/\/www.merjamakisalo.fi\/index.php?rest_route=%2Fwp%2Fv2%2Ftags&post=3663"}],"curies":[{"name":"wp","href":"https:\/\/api.w.org\/{rel}","templated":true}]}}