{"id":3480,"date":"2023-10-10T12:20:57","date_gmt":"2023-10-10T09:20:57","guid":{"rendered":"https:\/\/www.merjamakisalo.fi\/?p=3480"},"modified":"2023-10-10T12:20:57","modified_gmt":"2023-10-10T09:20:57","slug":"miina-sillanpaa-kansalaisvaikuttaja-tilaisuudessa-pitamani-puheenvuoro-joensuun-tyovaentalolla-8-10-2024-tsl-viikon-tilaisuus","status":"publish","type":"post","link":"https:\/\/www.merjamakisalo.fi\/?p=3480","title":{"rendered":"Miina Sillanp\u00e4\u00e4 &#8211; kansalaisvaikuttaja &#8211; tilaisuudessa pit\u00e4m\u00e4ni puheenvuoro Joensuun Ty\u00f6v\u00e4entalolla 8.10.2024 (TSL-viikon tilaisuus)"},"content":{"rendered":"<p>Miina Sillanp\u00e4\u00e4n, kansalaisvaikuttamisen ja j\u00e4rjest\u00f6jen liputusp\u00e4iv\u00e4 1.10<\/p>\n<p>1.10 vietettiin Miina Sillanp\u00e4\u00e4n ja samalla my\u00f6s kansalaisvaikuttamisen sek\u00e4 j\u00e4rjest\u00f6jen p\u00e4iv\u00e4\u00e4. Sis\u00e4ministeri\u00f6 on jo vuodesta 2016 antanut t\u00e4lle p\u00e4iv\u00e4lle liputussuosituksen. P\u00e4iv\u00e4n tarkoituksena on muistaa Miina Sillanp\u00e4\u00e4n el\u00e4m\u00e4nty\u00f6t\u00e4 ja samalla nostaa esille kansalaisvaikuttamisen merkityst\u00e4 yhteiskunnassa. T\u00e4n\u00e4 vuonna t\u00e4m\u00e4 p\u00e4iv\u00e4 on ensimm\u00e4isen kerran virallinen liputusp\u00e4iv\u00e4. Miina Sillanp\u00e4\u00e4 saa siis toisena suomalaisena naisena Minna Canthin j\u00e4lkeen oman liputusp\u00e4iv\u00e4ns\u00e4.<\/p>\n<p>T\u00e4ss\u00e4 puheessani kerron lyhyesti Miinan el\u00e4m\u00e4ntarinasta ja h\u00e4nen t\u00e4rkein\u00e4 pit\u00e4mist\u00e4\u00e4n asioista, mutta haluan tuoda my\u00f6s esille sen, mit\u00e4 Miina Sillanp\u00e4\u00e4 sanoisi kenties t\u00e4n\u00e4 p\u00e4iv\u00e4n\u00e4. Min\u00e4 olen tutustunut Miinaan Miina Sillanp\u00e4\u00e4n S\u00e4\u00e4ti\u00f6n hallituksessa ja viime vuosina sen puheenjohtajana. Voin todeta, ett\u00e4 Miina on minun idolini ja esikuvani.<\/p>\n<p>Vuonna 1866 syntyi keskelle katovuosien Wilhelmiina Riktig, joka tultiin my\u00f6hemmin tuntemaan nimell\u00e4 Miina Sillanp\u00e4\u00e4. K\u00f6yh\u00e4ss\u00e4 Sillanp\u00e4\u00e4n torpassa Jokioisilla asui Miinan lis\u00e4ksi \u00e4iti Leena, is\u00e4 Juho sek\u00e4 Miinan kahdeksan sisarusta. K\u00f6yhyys pakotti lapset t\u00f6ihin jopa viisivuotiaina. Miinakin meni paimeneen, auttoi lastenhoidossa ja oli \u00e4idin apuna kotona.<\/p>\n<p>Miina k\u00e4vi lapsena muutaman vuoden kiertokoulua ja oppi lukemaan 6-vuotiaana. Palkkaty\u00f6h\u00f6n Miina l\u00e4hti 12-vuotiaana Forssan puuvillatehtaaseen. Siell\u00e4 tehtiin 12-tuntisia ty\u00f6p\u00e4ivi\u00e4. N\u00e4in Miinakin joutui tekem\u00e4\u00e4n ja ty\u00f6skentelem\u00e4\u00e4n. Lapsetkin tekiv\u00e4t t\u00f6it\u00e4 my\u00f6s y\u00f6aikaan. Y\u00f6vuorojen aikaan lapset kuitenkin p\u00e4\u00e4siv\u00e4t p\u00e4ivisin k\u00e4ym\u00e4\u00e4n tehtaan koulua.<\/p>\n<p>Puuvillatehtaalla Miina sairasteli ja siksi h\u00e4n siirtyi veljiens\u00e4 per\u00e4ss\u00e4 naulatehtaalle t\u00f6ihin, mutta vuonna 1884, \u2013 18- vuotiaana &#8211; Miina sai mahdollisuuden l\u00e4hte\u00e4 Porvooseen piiaksi. Piikavuodet Porvoossa kasvattivat Miinasta yhteiskunnallisista asioista kiinnostuneen nuoren naisen.<\/p>\n<p>1900-luvun taitteessa eri ammattialat alkoivat j\u00e4rjest\u00e4yty\u00e4 vaatien joukkovoimalla muutosta kehnoihin ty\u00f6oloihinsa. N\u00e4in toimivat my\u00f6s piiat, joiden johtajahahmoksi Miina Sillanp\u00e4\u00e4 pian nousi. H\u00e4n sai liikanimen \u201dpiikakenraali\u201d, mik\u00e4 kuvaa h\u00e4nen merkityst\u00e4\u00e4n palvelijattarien ja ty\u00f6v\u00e4enluokan naisten \u00e4\u00e4nen kannattajana. Miinan tavoitteena oli ty\u00f6v\u00e4enluokan el\u00e4m\u00e4nlaadun kohottaminen sek\u00e4 ik\u00e4- ja sukupuolineutraali, tasa-arvoinen yhteiskunta.<\/p>\n<p>Miina Sillanp\u00e4\u00e4 liittyi Sosialidemokraattiseen Naisyhdistykseen vuonna 1904, jolloin h\u00e4nest\u00e4 tuli samalla puolueen j\u00e4sen. Vuonna 1907, kun naiset saivat ensi kertaa \u00e4\u00e4nest\u00e4\u00e4 ja asettua ehdolle, valittiin Miina eduskuntaan yhten\u00e4 19:sta Suomen yksikamarisen eduskunnan ensimm\u00e4isist\u00e4 naiskansanedustajista. Eduskunnassa h\u00e4n ty\u00f6skenteli yhteens\u00e4 38 vuotta. Vuonna 1948, ollessaan 81-vuotias, h\u00e4n j\u00e4tti pitk\u00e4n ty\u00f6ns\u00e4 kansanedustajana. Nelj\u00e4lle vuosikymmenelle ulottuva edustajuus kulkee halki Suomen historian vaiheiden itsen\u00e4istymisest\u00e4 sotavuosien kautta hyvinvointivaltion syntyaikoihin.<\/p>\n<p>Miina Sillanp\u00e4\u00e4 puolusti eduskunnassa aina heikoimmassa asemassa olevia<\/p>\n<p>Miina perusti Suomeen Ensikodit. Unelma Ensikodista kulki Miinan mukana aina vuoden 1907 valtiop\u00e4ivist\u00e4 alkaen, jolloin h\u00e4n nosti asian ensi kerran p\u00e4iv\u00e4n valoon. H\u00e4net yritettiin eduskunnassa vaientaa, mutta h\u00e4n totesi kylm\u00e4n viile\u00e4sti: \u201dJospa min\u00e4 kumminkin k\u00e4yt\u00e4n t\u00e4m\u00e4n puheenvuoron.\u201d Monissa muissakin asioissa Miina kohtasi vastustusta ja vaientamisyrityksi\u00e4, mutta sitke\u00e4sti h\u00e4n aina puolusti heikoimmassa asemassa olevia.<\/p>\n<p>Vuosikymmenien p\u00e4\u00e4st\u00e4 toteutunut Miinan haaveiden Ensikoti tarjosi alusta alkaen avioliiton ulkopuolelle syntyville lapsille ja heid\u00e4n \u00e4ideilleen tukea ja opastusta, jottei yksik\u00e4\u00e4n \u00e4iti joutuisi luopumaan lapsestaan. Miina totesi: \u201dPelastamalla \u00e4iti pelastetaan lapsi\u201d ja toisaalta h\u00e4n sanoi my\u00f6s: \u201dJokainen lapsi on pelastettava el\u00e4m\u00e4lle.\u201d<\/p>\n<p>Miinasta tuli my\u00f6s Suomen ensimm\u00e4inen naisministeri vuonna 1926. Ministerin\u00e4 ollessaan Minna Sillanp\u00e4\u00e4 kiersi ymp\u00e4ri Suomea ja toi esille eduskunnassa huomaamiaan vanhustenhoidon sek\u00e4 lasten ja nuorten koulutuksen puutteita. My\u00f6s lastenkotien ja lastensuojelun tilanne oli heikko. Valitettavasti samoja ongelmia on edelleen, kun kilpailutukset ovat johtaneet tilanteeseen, jossa hoitovaihtoehdot p\u00e4\u00e4tet\u00e4\u00e4n sen perusteella, kuka hoitaa halvimmalla.<\/p>\n<p>Jos Miina el\u00e4isi nyt, h\u00e4n varmasti vastustaisi sosiaaliturvan leikkauksia, erityisesti sellaisia, jotka johtavat lapsiperhek\u00f6yhyyden kasvuun. Lapset olivat Miinalle erityisen t\u00e4rkeit\u00e4 ja h\u00e4n muistuttaisi, ett\u00e4 seuraaville sukupolville velan j\u00e4tt\u00e4misest\u00e4 puhuttaessa, pit\u00e4isi puhua taloudellisen velan lis\u00e4ksi<\/p>\n<p>-ilmastovelasta<\/p>\n<p>-osaamis- ja koulutusvelasta ja<\/p>\n<p>-k\u00f6yhyysvelasta.<\/p>\n<p>H\u00e4n sanoisi, ett\u00e4 nyt pit\u00e4isi oppia 1990-luvun lamasta, ettei samoja virheit\u00e4 teht\u00e4isi uudestaan. Sen laman seuraukset n\u00e4kyv\u00e4t edelleen yhteiskunnassa ylisukupolvisena huono-osaisuutena. Miina puolustaisi hyvinvointivaltiota ja sen tavoitteita eli sit\u00e4, ett\u00e4 hyv\u00e4 kuulu kaikille &#8211; ei vain joillekin. T\u00e4m\u00e4 kulttuuri on nyt valitettavasti murenemassa ja siksi Miina puolustaisi my\u00f6s syrjim\u00e4tt\u00f6myytt\u00e4, yhdenvertaisuutta ja monikulttuurisuutta.<\/p>\n<p>H\u00e4n vastustaisi ty\u00f6lains\u00e4\u00e4d\u00e4nn\u00f6n heikent\u00e4mist\u00e4, erityisesti niit\u00e4 heikennyksi\u00e4, jotka iskev\u00e4t pahiten naisvaltaisiin aloihin. N\u00e4it\u00e4 ovat muun muassa ehdotukset ensimm\u00e4isen sairausp\u00e4iv\u00e4n palkattomuudesta ja ehdotus siit\u00e4, ettei valtakunnansovittelija saisi koskaan tehd\u00e4 sovintoesityst\u00e4 ty\u00f6ehtoriidoissa korkeimmista palkankorotuksista kuin muutama vientiala on sopinut. T\u00e4m\u00e4 pakottaisi naisvaltaiset alat ikuiseen palkkakuoppaan.<\/p>\n<p>H\u00e4n puhuisi my\u00f6s digisyrj\u00e4ytymisest\u00e4, sill\u00e4 kaikkien osallisuus oli h\u00e4nelle t\u00e4rke\u00e4\u00e4. H\u00e4nelle t\u00e4rke\u00e4\u00e4 olisi my\u00f6s puolustaa alustatalouden ty\u00f6ntekij\u00f6it\u00e4, jotka j\u00e4\u00e4v\u00e4t nyt monien ty\u00f6el\u00e4m\u00e4oikeuksien ulkopuolelle.<\/p>\n<p>Toisaalta Miina oli my\u00f6s sovittelija ja h\u00e4n totesi, ett\u00e4 \u201dneuvotteluista ei saa koskaan l\u00e4hte\u00e4 ovet paukkuen, vaan ovi on j\u00e4tett\u00e4v\u00e4 raolleen.\u201d T\u00e4m\u00e4 edellytt\u00e4\u00e4 vuorovaikutusta ja luottamusta. H\u00e4n surisi vuorovaikutuksen tasoa ja ihmettelisi, miten yhteiskunnallinen luottamus on n\u00e4in suuresti horjumassa.<\/p>\n<p>Mit\u00e4 muuta Miina Sillanp\u00e4\u00e4 sanoisi ja tekisi 2023?<\/p>\n<p>Yhteenvetona voidaan todeta, ett\u00e4 Miina Sillanp\u00e4\u00e4 oli rohkea edell\u00e4k\u00e4vij\u00e4 ja kansalaisvaikuttaja, jonka ty\u00f6n j\u00e4lki n\u00e4kyy viel\u00e4 nykyisinkin monilla yhteiskunnan osa-alueilla. Erityisesti heikossa asemassa olevien ryhmien, kuten palvelijattarien, naisten, vanhusten ja yksinhuoltaja\u00e4itien aseman parantaminen oli h\u00e4nelle t\u00e4rke\u00e4\u00e4. Miina Sillanp\u00e4\u00e4 oli tienraivaaja tasa-arvoon ja kansalaisvaikuttamiseen. Sivistyksen ja yhdenvertaisuuden edist\u00e4minen olivat h\u00e4nelle syd\u00e4menasia. H\u00e4n on esimerkiksi todennut: \u201dJokaisella ihmisell\u00e4 on el\u00e4m\u00e4ss\u00e4\u00e4n oikeus hyvinvointiin, inhimillisiin ty\u00f6oloihin ja ihmisyyden kunnioittamiseen.\u201d T\u00e4m\u00e4n tavoitteen toteutuminen on edelleen kesken.<\/p>\n<p>Kansalaisvaikuttaminen on demokratian ydint\u00e4 ja siksi sit\u00e4 on niin t\u00e4rke\u00e4 puolustaa. Erilaisten \u00e4\u00e4nien on tultava kuulluksi yhteiskunnassa ja t\u00e4m\u00e4n varmistamisessa esimerkiksi j\u00e4rjest\u00f6t tekev\u00e4t arvokasta ty\u00f6t\u00e4. J\u00e4rjest\u00f6jen toiminnan turvaaminen on t\u00e4rke\u00e4 asia my\u00f6s tulevaisuudessa. Demokratia edellytt\u00e4\u00e4 my\u00f6s toisten ihmisten ja mielipiteiden kunnioittamista. Eri mielt\u00e4 saa ja pit\u00e4\u00e4 olla, kriittisyys ja kyseenalaistaminen kuuluvat aina demokratiaan. Vapaan keskustelun kautta ihmiset voivat oppia toinen toisiltaan.<\/p>\n<p>Sananvapautta rajoittaa vain se, ett\u00e4 ilmaistut mielipiteet ja n\u00e4kemykset eiv\u00e4t saa tarkoituksellisesti johtaa harhaan eiv\u00e4tk\u00e4 vahingoittaa toisia. Sananvapaus voi toteutua vain silloin, kun ihmiset harkitsevat sanojaan ja pid\u00e4tt\u00e4ytyv\u00e4t tarkoituksellisesti loukkaamasta toisia. Suvaitsevaisuus on yhteiskuntarauhan v\u00e4ltt\u00e4m\u00e4t\u00f6n tae. Suvaitsevaisuus mahdollistaa tasa- arvoisen yhteistoiminnan ja keskustelun eri tavoin ajattelevien kanssa.<\/p>\n<p>Olen melko varma, ett\u00e4 Miina Sillanp\u00e4\u00e4 puhuisi t\u00e4n\u00e4 aikana \u2013 ja erityisesti t\u00e4n\u00e4 aikana \u2013 t\u00e4m\u00e4n asian t\u00e4rkeydest\u00e4. Valeuutiset ja ep\u00e4asiallinen k\u00e4ytt\u00e4ytyminen, erityisesti somessa, uhkaavat demokratian toteutumista.<\/p>\n<p>Miina Sillanp\u00e4\u00e4 puhuisi my\u00f6s kiitoksen voimasta. H\u00e4n on sanonut: \u201dJokaiselle ihmiselle tekee hyv\u00e4\u00e4, kun h\u00e4n saa n\u00e4hd\u00e4 ja kuulla, ett\u00e4 syd\u00e4men halulla tehty ty\u00f6 saa vastakaikua ja ymm\u00e4rt\u00e4myst\u00e4 osakseen\u201d. T\u00e4t\u00e4 ajatusta voimme vaalia t\u00e4n\u00e4\u00e4nkin, sill\u00e4 my\u00f6nteinen palaute ja toinen toistemme tukeminen saavat aikaan jaksamista ja hyvinvointia.<\/p>\n<p>On hyv\u00e4 muistaa, ett\u00e4 t\u00e4m\u00e4n p\u00e4iv\u00e4n hyv\u00e4t teot ja saavutukset ovat saaneet alkunsa jo kauan aikaa sitten. Siksi on t\u00e4rke\u00e4 jatkaa sit\u00e4 ty\u00f6t\u00e4 oikeudenmukaisemman maailman puolesta, joka on alkanut jo ennen meit\u00e4 ja jatkuu meid\u00e4n j\u00e4lkeemmekin. Miina Sillanp\u00e4\u00e4 on opettanut, ettei luovuttaa saa, vaikkei kaikki heti onnistuisi. Vastoink\u00e4ymiset eiv\u00e4t h\u00e4nt\u00e4 lannistaneet ja h\u00e4n totesikin: \u201dEi koskaan saa sanoa min\u00e4 en osaa, vaan vaikeimmissakin tilanteissa pit\u00e4\u00e4 sanoa min\u00e4 yrit\u00e4n.\u201d<\/p>\n<p>Miina Sillanp\u00e4\u00e4 oli eritt\u00e4in tulevaisuusviisas ja tulevaisuususkoinen ihminen. Ilman tulevaisuususkoa h\u00e4n ei olisi pystynyt saamaan sit\u00e4 valtavan suurta yhteiskunnallista kehityst\u00e4 ja muutosta aikaan t\u00e4rkeiksi pit\u00e4miss\u00e4\u00e4n asioissa. Miina oli ennakkoluuloton ja rohkea ja sit\u00e4 juuri tulevaisuuden rakentaminen edellytt\u00e4\u00e4: kyky\u00e4 kuvitella sellaista, mit\u00e4 ei viel\u00e4 ole ja n\u00e4hd\u00e4 sellaista, mik\u00e4 ei viel\u00e4 n\u00e4y. T\u00e4h\u00e4n sis\u00e4ltyy my\u00f6s tulevaisuuden kannalta t\u00e4rke\u00e4 sana toivo.<\/p>\n<p>Toivo tunnetilana on erityisen merkityksellinen asia silloin kun el\u00e4mme ep\u00e4varmoja aikoja. Toivo auttaa n\u00e4kem\u00e4\u00e4n mahdollisuuksien maailmaan.<\/p>\n<p>Nyt ep\u00e4vakaassa maailmassa ja my\u00f6s omassa yhteiskunnassamme tarvitaan luovuutta n\u00e4hd\u00e4 my\u00f6nteisi\u00e4 mahdollisuuksia ja toivoa paremmasta. Nyt on my\u00f6s oltava kyky\u00e4 mietti\u00e4, mist\u00e4 vanhasta voi ja kannattaa luopua, jotta saadaan tilaa jollekin uudelle. Toisaalta on osattava my\u00f6s pit\u00e4\u00e4 kiinni niist\u00e4 t\u00e4rkeist\u00e4 asioista, joista emme miss\u00e4\u00e4n tilanteessa halua luopua. Poikkeukselliset ajat ovat tarjonneet kautta historian ihmiskunnalle mahdollisuuden positiiviseen suunnanmuutokseen ja t\u00e4m\u00e4 nytkin toivoa<br \/>\nher\u00e4tt\u00e4v\u00e4 ajatus.<\/p>\n<p>Toivon taustalla on luottamus<\/p>\n<p>Suomalaisen yhteiskunnan resilienssi eli kriisin kest\u00e4vyys ja usko tulevaisuuteen ja muutoksen mahdollisuuteen on pitk\u00e4lti perustunut siihen luottamukseen, ett\u00e4 yhteiskunta pit\u00e4\u00e4 huolen kaikista eik\u00e4 ket\u00e4\u00e4n j\u00e4tet\u00e4 oman onnensa nojaan.<\/p>\n<p>Eriarvoisuuden kasvu ja p\u00e4\u00e4t\u00f6ksenteosta vieraantuminen heikent\u00e4v\u00e4t luottamusta ja kyky\u00e4 kohdata muutos oppimisprosessina ja mahdollisuutena. Osallisuuden ja osallistumisen kokemus oppimisprosessissa on merkitt\u00e4v\u00e4.<\/p>\n<p>Miina Sillanp\u00e4\u00e4 oli oman aikansa toivon tuoja \u2013 erityisesti heikoimmassa asemassa oleville kansalaisille. Miina my\u00f6s muutti paljon maailmaa \u2013 ja mekin voimme muuttaa! Jokainen erikseen, mutta viel\u00e4 enemm\u00e4n yhdess\u00e4.<\/p>\n<p>Olen eritt\u00e4in iloinen, ett\u00e4 lopultakin t\u00e4m\u00e4 ihmisyyden, yhdenvertaisuuden ja tasa-arvon puolustaja on saanut vakiintuneen liputusp\u00e4iv\u00e4ns\u00e4. Sit\u00e4 kannattaa juhlia!<\/p>\n","protected":false},"excerpt":{"rendered":"<p>Miina Sillanp\u00e4\u00e4n, kansalaisvaikuttamisen ja j\u00e4rjest\u00f6jen liputusp\u00e4iv\u00e4 1.10 1.10 vietettiin Miina Sillanp\u00e4\u00e4n ja samalla my\u00f6s kansalaisvaikuttamisen sek\u00e4 j\u00e4rjest\u00f6jen p\u00e4iv\u00e4\u00e4. Sis\u00e4ministeri\u00f6 on jo vuodesta 2016 antanut t\u00e4lle p\u00e4iv\u00e4lle liputussuosituksen. P\u00e4iv\u00e4n tarkoituksena on muistaa Miina Sillanp\u00e4\u00e4n el\u00e4m\u00e4nty\u00f6t\u00e4 ja samalla nostaa esille kansalaisvaikuttamisen merkityst\u00e4 yhteiskunnassa. T\u00e4n\u00e4 vuonna t\u00e4m\u00e4 p\u00e4iv\u00e4 on ensimm\u00e4isen kerran virallinen liputusp\u00e4iv\u00e4. Miina Sillanp\u00e4\u00e4 saa siis toisena<\/p>\n","protected":false},"author":1,"featured_media":0,"comment_status":"open","ping_status":"closed","sticky":false,"template":"","format":"standard","meta":{"_acf_changed":false,"footnotes":""},"categories":[4],"tags":[],"class_list":["post-3480","post","type-post","status-publish","format-standard","hentry","category-kolumnit"],"acf":[],"_links":{"self":[{"href":"https:\/\/www.merjamakisalo.fi\/index.php?rest_route=\/wp\/v2\/posts\/3480","targetHints":{"allow":["GET"]}}],"collection":[{"href":"https:\/\/www.merjamakisalo.fi\/index.php?rest_route=\/wp\/v2\/posts"}],"about":[{"href":"https:\/\/www.merjamakisalo.fi\/index.php?rest_route=\/wp\/v2\/types\/post"}],"author":[{"embeddable":true,"href":"https:\/\/www.merjamakisalo.fi\/index.php?rest_route=\/wp\/v2\/users\/1"}],"replies":[{"embeddable":true,"href":"https:\/\/www.merjamakisalo.fi\/index.php?rest_route=%2Fwp%2Fv2%2Fcomments&post=3480"}],"version-history":[{"count":1,"href":"https:\/\/www.merjamakisalo.fi\/index.php?rest_route=\/wp\/v2\/posts\/3480\/revisions"}],"predecessor-version":[{"id":3481,"href":"https:\/\/www.merjamakisalo.fi\/index.php?rest_route=\/wp\/v2\/posts\/3480\/revisions\/3481"}],"wp:attachment":[{"href":"https:\/\/www.merjamakisalo.fi\/index.php?rest_route=%2Fwp%2Fv2%2Fmedia&parent=3480"}],"wp:term":[{"taxonomy":"category","embeddable":true,"href":"https:\/\/www.merjamakisalo.fi\/index.php?rest_route=%2Fwp%2Fv2%2Fcategories&post=3480"},{"taxonomy":"post_tag","embeddable":true,"href":"https:\/\/www.merjamakisalo.fi\/index.php?rest_route=%2Fwp%2Fv2%2Ftags&post=3480"}],"curies":[{"name":"wp","href":"https:\/\/api.w.org\/{rel}","templated":true}]}}