{"id":3466,"date":"2023-09-19T18:36:24","date_gmt":"2023-09-19T15:36:24","guid":{"rendered":"https:\/\/www.merjamakisalo.fi\/?p=3466"},"modified":"2023-09-19T18:36:24","modified_gmt":"2023-09-19T15:36:24","slug":"muistimessu-rantakylan-kirkossa-17-9-2023-tasta-alkaa-taman-vuoden-muistiviikko","status":"publish","type":"post","link":"https:\/\/www.merjamakisalo.fi\/?p=3466","title":{"rendered":"Muistimessu Rantakyl\u00e4n kirkossa 17.9.2023. T\u00e4st\u00e4 alkaa t\u00e4m\u00e4n vuoden muistiviikko"},"content":{"rendered":"<p>Muistiviikko k\u00e4ynnistyy t\u00e4n\u00e4\u00e4n ja mik\u00e4 sen parempi aloitus muistiviikolle kuin tulla muistimessuun ja sen j\u00e4lkeen kirkkokahveille. Muistiviikon teemana on toista kertaa per\u00e4kk\u00e4in Hyv\u00e4\u00e4 el\u00e4m\u00e4\u00e4 muistiyst\u00e4v\u00e4llisess\u00e4 yhteiskunnassa. T\u00e4m\u00e4n vuoden muistiviikon erityisen\u00e4 n\u00e4k\u00f6kulmana on muistiyst\u00e4v\u00e4llinen kohtaaminen. Muistiyst\u00e4v\u00e4llist\u00e4 yhteiskuntaa rakennetaan yhteiskunnan jokaisella tasolla aina p\u00e4\u00e4tt\u00e4jist\u00e4 ihan jokaiseen kansalaiseen. Meist\u00e4 jokainen on muistiyst\u00e4v\u00e4llisen yhteiskunnan rakentaja. Sit\u00e4 rakennetaan tekojen kautta ja jokainen meist\u00e4 voi my\u00f6s tehd\u00e4 n\u00e4it\u00e4 tekoja. Esimerkiksi voin tarjota vapaahetken omaishoitajille tarjoutumalla \u201dkotimieheksi\u201d vaikka omaishoitajan kampaajalla tai kaupassa k\u00e4ymisen ajaksi. Voin pyyt\u00e4\u00e4 naapurissa yksin asuvan muistisairaan lenkille, kauppaan, konserttiin tai kirkkoon. Voin l\u00e4hett\u00e4\u00e4 postikortin ilahduttamaan arkea. Tai voin liitty\u00e4 muistiyhdistykseen ja ryhty\u00e4 vapaaehtoiseksi. Jokaiselle vapaaehtoiselle l\u00f6ytyy varmasti mieleist\u00e4 ja mielek\u00e4st\u00e4 tekemist\u00e4. Meill\u00e4 t\u00e4\u00e4ll\u00e4 Pohjois-Karjalassa on Pohjois-Karjalan Muisti. Sinne voi ottaa yhteytt\u00e4 t\u00e4ysin kynnyksett\u00f6m\u00e4sti!<\/p>\n<p>My\u00f6s muistiyst\u00e4v\u00e4llisen kielen \u2013 ns. selkokielen &#8211; k\u00e4yt\u00f6n opettelu on muistiyst\u00e4v\u00e4llinen teko. Selkokieli on kielt\u00e4, jossa k\u00e4ytet\u00e4\u00e4n helppoja sanoja ja rakenteita, ja jota on n\u00e4in helpompi ymm\u00e4rt\u00e4\u00e4. Selkokielest\u00e4 hy\u00f6tyy muutkin ihmisryhm\u00e4t kuin muistisairaat, kuten esimerkiksi monet vammaisryhm\u00e4t ja maahanmuuttajat. Suomessa arvioidaan olevan jopa puoli miljoonaa ihmist\u00e4, joita selkokielen k\u00e4ytt\u00f6 auttaisi arjessa. Katriinan saarna oli mielest\u00e4ni oikein selkokielinen.<\/p>\n<p>Muistiviikon aikana Muistiliitto haluaa korostaa erityisesti yht\u00e4 t\u00e4rke\u00e4\u00e4 muistiyst\u00e4v\u00e4llist\u00e4 tekoa, jota jokainen voi olla toteuttamassa. Voimme olla v\u00e4hent\u00e4m\u00e4ss\u00e4 muistisairauksiin liittyv\u00e4\u00e4 kielteist\u00e4 leimaa eli stigmaa. Selvitysten mukaan muistisairauksiin liittyv\u00e4t kielteiset asenteen edelleen est\u00e4v\u00e4t ihmisi\u00e4 hakemasta tietoa, tukea ja hoitoa. Kuka tahansa voi sairastua muistisairauteen ja mit\u00e4 varhaisemmassa vaiheessa sairaus todetaan, sen tehokkaammin voidaan hoidolla ja kuntoutuksella hidastuttaa sairauden etenemist\u00e4 ja parantaa el\u00e4m\u00e4nlaatua. Muistisairaudet eiv\u00e4t ole toivottomia sairauksia. Jos sinua askarruttaa omaan tai l\u00e4heisesi muistiin liittyv\u00e4t asiat, kannattaa ottaa yhteytt\u00e4 muistihoitajiin, joiden yhteystiedot l\u00f6ytyv\u00e4t Hyvinvointialueen eli Siun soten sivuilta. Jos googlettaa esimerkiksi Muistihoitajat Siun sotessa, niin sielt\u00e4 l\u00f6ytyv\u00e4t yhteystiedot.<\/p>\n<p>Joidenkin meid\u00e4n el\u00e4m\u00e4ntarinaan kuuluu muistisairaus \u2013 tai muistisairaan l\u00e4heisen\u00e4 oleminen \u2013 eik\u00e4 se tee tarinasta v\u00e4hemm\u00e4n arvokasta. Muistisairaudessa ei ole mit\u00e4\u00e4n h\u00e4vett\u00e4v\u00e4\u00e4 ja h\u00e4pe\u00e4n leiman poistaminen on t\u00e4rke\u00e4\u00e4, jos haluamme edist\u00e4\u00e4 muistiyst\u00e4v\u00e4llisen yhteiskunnan rakentamista. Muistisairas voi el\u00e4\u00e4 hyv\u00e4\u00e4 ja onnellista el\u00e4m\u00e4\u00e4, kun h\u00e4n saa el\u00e4\u00e4 muistiyst\u00e4v\u00e4llisess\u00e4 ymp\u00e4rist\u00f6ss\u00e4 ja v\u00e4litt\u00e4vien ihmisten l\u00e4heisyydess\u00e4. Samasta asiasta puhuttiin my\u00f6s p\u00e4iv\u00e4n lukukappaleessa.<\/p>\n<p>Kukaan meist\u00e4 ei halua j\u00e4\u00e4d\u00e4 yksin. Ihminen tarvitsee toista ihmist\u00e4. Kun muistisairaus etenee, sanojen merkitys vuorovaikutuksessa v\u00e4henee ja sanattoman viestinn\u00e4n merkitys kasvaa. Muistisairas aistii herk\u00e4sti kosketusta, \u00e4\u00e4nens\u00e4vyj\u00e4, kohtaamisen levollisuutta tai kiireen tuntua, my\u00f6nteisyytt\u00e4 tai kielteisyytt\u00e4. Aina ei tarvita sanoja \u2013 l\u00e4heisyys riitt\u00e4\u00e4. Silmiin katsominen, lempe\u00e4 \u00e4\u00e4nens\u00e4vy ja kosketus ovat usein jo avain aitoon kohtaamiseen. Laulaminen ja valokuvien katsominen on mukavaa yhdess\u00e4 oloa. My\u00f6s yhdess\u00e4 ulkoilu ja sis\u00e4ll\u00e4kin liikkuminen tekee usein vuorovaikutuksesta luontevaa. Yksin j\u00e4\u00e4minen, tarpeettomuuden ja hyl\u00e4tyksi tulemisen tunteet ahdistavat useimpia meist\u00e4 \u2013 niin my\u00f6s muistisairasta. Hyv\u00e4 ja turvallinen kohtaaminen syntyy v\u00e4litt\u00e4misen tunteesta, omana itsen\u00e4\u00e4n arvostetuksi tulemisen kokemuksesta ja yhdenvertaisuudesta. Kaikkein t\u00e4rkein asia kaikessa vuorovaikutuksessa on: Kohtaa toinen omana itsen\u00e4si ja kunnioita ja arvosta toista sellaisena ihmisen\u00e4 kuin h\u00e4n on.\u00a0 Mit\u00e4 paremmin ymm\u00e4rt\u00e4\u00e4 muistisairauksien oireita ja sen vaikutuksia el\u00e4m\u00e4\u00e4n, sit\u00e4 helpompaa on my\u00f6s kohtaaminen ja vuorovaikutus. Ensisijaisesti ihminen kohdataan kuitenkin ihmisen\u00e4 &#8211; ja erityisesti aikuisena ihmisen\u00e4 &#8211; oli h\u00e4nell\u00e4 muistisairaus tai ei. Kukaan meist\u00e4 ei ole diagnoosi \u2013 kaikki olemme persoonallisia ihmisi\u00e4 syntym\u00e4st\u00e4 kuolemaan. Lopuksi on hyv\u00e4 muistaa, ett\u00e4 kaikilla meill\u00e4 on hyvi\u00e4 ja huonoja p\u00e4ivi\u00e4. Huonona p\u00e4iv\u00e4n\u00e4 asiat eiv\u00e4t suju ja helpommin suututtaa. Seuraavana p\u00e4iv\u00e4n\u00e4 tilanne voi olla jo toinen.<\/p>\n<p>Jos haluaa oppia lis\u00e4\u00e4 muistisairaan henkil\u00f6n kohtaamisesta, voit kysy\u00e4 Muistiyhdistykselt\u00e4, milloin siell\u00e4 j\u00e4rjestet\u00e4\u00e4n seuraavan kerran muistikummituokio. Tunnin kest\u00e4v\u00e4n tuokion aikana opitaan enemm\u00e4n t\u00e4st\u00e4 t\u00e4m\u00e4n p\u00e4iv\u00e4n t\u00e4rke\u00e4st\u00e4 kansalaistaidosta eli kuinka muistisairas ihminen kohdataan arvokkaasti ja l\u00e4mpim\u00e4sti. N\u00e4m\u00e4 tuokiot sopivat kaikille.<\/p>\n<p>Toivotan kaikille hyv\u00e4\u00e4 Muistiviikkoa! Pidet\u00e4\u00e4n huoli itsest\u00e4 ja toisista!<\/p>\n","protected":false},"excerpt":{"rendered":"<p>Muistiviikko k\u00e4ynnistyy t\u00e4n\u00e4\u00e4n ja mik\u00e4 sen parempi aloitus muistiviikolle kuin tulla muistimessuun ja sen j\u00e4lkeen kirkkokahveille. Muistiviikon teemana on toista kertaa per\u00e4kk\u00e4in Hyv\u00e4\u00e4 el\u00e4m\u00e4\u00e4 muistiyst\u00e4v\u00e4llisess\u00e4 yhteiskunnassa. T\u00e4m\u00e4n vuoden muistiviikon erityisen\u00e4 n\u00e4k\u00f6kulmana on muistiyst\u00e4v\u00e4llinen kohtaaminen. Muistiyst\u00e4v\u00e4llist\u00e4 yhteiskuntaa rakennetaan yhteiskunnan jokaisella tasolla aina p\u00e4\u00e4tt\u00e4jist\u00e4 ihan jokaiseen kansalaiseen. Meist\u00e4 jokainen on muistiyst\u00e4v\u00e4llisen yhteiskunnan rakentaja. Sit\u00e4 rakennetaan tekojen kautta<\/p>\n","protected":false},"author":1,"featured_media":0,"comment_status":"open","ping_status":"closed","sticky":false,"template":"","format":"standard","meta":{"_acf_changed":false,"footnotes":""},"categories":[4],"tags":[],"class_list":["post-3466","post","type-post","status-publish","format-standard","hentry","category-kolumnit"],"acf":[],"_links":{"self":[{"href":"https:\/\/www.merjamakisalo.fi\/index.php?rest_route=\/wp\/v2\/posts\/3466","targetHints":{"allow":["GET"]}}],"collection":[{"href":"https:\/\/www.merjamakisalo.fi\/index.php?rest_route=\/wp\/v2\/posts"}],"about":[{"href":"https:\/\/www.merjamakisalo.fi\/index.php?rest_route=\/wp\/v2\/types\/post"}],"author":[{"embeddable":true,"href":"https:\/\/www.merjamakisalo.fi\/index.php?rest_route=\/wp\/v2\/users\/1"}],"replies":[{"embeddable":true,"href":"https:\/\/www.merjamakisalo.fi\/index.php?rest_route=%2Fwp%2Fv2%2Fcomments&post=3466"}],"version-history":[{"count":2,"href":"https:\/\/www.merjamakisalo.fi\/index.php?rest_route=\/wp\/v2\/posts\/3466\/revisions"}],"predecessor-version":[{"id":3468,"href":"https:\/\/www.merjamakisalo.fi\/index.php?rest_route=\/wp\/v2\/posts\/3466\/revisions\/3468"}],"wp:attachment":[{"href":"https:\/\/www.merjamakisalo.fi\/index.php?rest_route=%2Fwp%2Fv2%2Fmedia&parent=3466"}],"wp:term":[{"taxonomy":"category","embeddable":true,"href":"https:\/\/www.merjamakisalo.fi\/index.php?rest_route=%2Fwp%2Fv2%2Fcategories&post=3466"},{"taxonomy":"post_tag","embeddable":true,"href":"https:\/\/www.merjamakisalo.fi\/index.php?rest_route=%2Fwp%2Fv2%2Ftags&post=3466"}],"curies":[{"name":"wp","href":"https:\/\/api.w.org\/{rel}","templated":true}]}}