{"id":3381,"date":"2023-05-26T07:56:11","date_gmt":"2023-05-26T04:56:11","guid":{"rendered":"https:\/\/www.merjamakisalo.fi\/?p=3381"},"modified":"2023-05-26T07:56:11","modified_gmt":"2023-05-26T04:56:11","slug":"vammaispalvelulain-uudistus-viimein-maaliin","status":"publish","type":"post","link":"https:\/\/www.merjamakisalo.fi\/?p=3381","title":{"rendered":"Vammaispalvelulain uudistus viimein maaliin!"},"content":{"rendered":"<p>(kirjoitukseni Perhehoito &#8211; lehdess\u00e4 3\/2023)<\/p>\n<p>Kauan odotettu vammaispalvelulain uudistus saatiin maaliin edellisen eduskunnan viime metreill\u00e4. Laki hyv\u00e4ksyttiin 1.3.2023 ja se astuu voimaan 1.10.2023. Uudistuksen tavoitteena on ollutvammaisten henkil\u00f6iden osallisuus ja yhdenvertaisuus sek\u00e4 vammaisten henkil\u00f6iden tarpeiden mukaiset, yksil\u00f6lliset ja itsen\u00e4ist\u00e4 el\u00e4m\u00e4\u00e4 tukevat palvelut.<\/p>\n<p>Vammaiset henkil\u00f6t saavat jatkossa tarvitsemansa sosiaali- ja terveyspalvelut saman lains\u00e4\u00e4d\u00e4nn\u00f6n perusteella diagnoosista riippumatta. Palvelua ei n\u00e4in ollen j\u00e4rjestet\u00e4 en\u00e4\u00e4 esimerkiksi kehitysvammalain perusteella. Kehitysvammalain perusteella tehd\u00e4\u00e4n ainoastaan p\u00e4\u00e4t\u00f6kset erityishuollon antamisesta ja lopettamisesta, rajoitustoimenpiteiden k\u00e4ytt\u00e4misest\u00e4 sek\u00e4 tahdosta riippumattomasta erityishuollosta.<\/p>\n<p>Aiempi vammaispalvelulaki kohteli eri vammaisryhmi\u00e4 eri tavoin eik\u00e4 huomioinut eri ik\u00e4isi\u00e4 vammaisia henkil\u00f6it\u00e4. Vaikka uusi laki parantaa tilannetta, emme viel\u00e4k\u00e4\u00e4n t\u00e4ysin pysty turvaamaan kaikkien YK:n vammaisten henkil\u00f6iden oikeuksia koskevan sopimuksen periaatteiden toteutumista. Laki on kuitenkin riitt\u00e4v\u00e4n joustava, mik\u00e4 mahdollistaa YK:n sopimuksen velvoittamien yksil\u00f6llisten palvelujen j\u00e4rjest\u00e4misen. Lis\u00e4ksi lakia hyv\u00e4ksyess\u00e4\u00e4n eduskunta hyv\u00e4ksyi lausuman, jonka mukaan lain vaikutuksia seurataan ja mahdolliset puutteet korjataan.<\/p>\n<p>&nbsp;<\/p>\n<p><strong>Mit\u00e4 tarkoittaa vammaispalvelulain toissijaisuus?\u00a0<\/strong><\/p>\n<p>Sosiaalihuollon yleislakina sovelletaan sosiaalihuoltolakia, jonka perusteella my\u00f6s vammaiset henkil\u00f6t saavat tarvitsemansa sosiaalihuollon palvelut ja tuen. Vastaavasti my\u00f6s vammaisten terveydenhuolto j\u00e4rjestet\u00e4\u00e4n yhdenvertaisesti muiden kanssa terveydenhuoltolain perusteella.<\/p>\n<p>Vammaispalvelulain perusteella j\u00e4rjestet\u00e4\u00e4n t\u00e4ydent\u00e4vi\u00e4 erityispalveluita henkil\u00f6lle, joka ei saa yksil\u00f6llisen tarpeensa mukaisia, sopivia ja tavanomaisessa el\u00e4m\u00e4ss\u00e4 tarvittavia palveluita yleislakien perusteella. Laki sis\u00e4lt\u00e4\u00e4 laajan palveluvalikoiman. Vammaisella henkil\u00f6ll\u00e4 on subjektiivinen oikeus l\u00e4hes kaikkiin vammaispalvelulain mukaisiin palveluihin. Tavoitteena on turvata jokaiselle h\u00e4nen yksil\u00f6llisi\u00e4 tarpeitaan vastaava palvelukokonaisuus.<\/p>\n<p>&nbsp;<\/p>\n<p><strong>Perhehoito t\u00e4ydent\u00e4\u00e4 vammaisten palveluita<\/strong><\/p>\n<p>Perhehoito osaltaan turvaa eri-ik\u00e4isten kehitysvammaisten osallisuutta, yhdenvertaisuutta ja yksil\u00f6llisten tarpeiden toteutumista\u00a0ja\u00a0tukee\u00a0n\u00e4in\u00a0erinomaisesti vammaispalvelulain tavoitteiden toteutumista.<\/p>\n<p>Perhehoitoliitolla on oma valmennusmalli kehitysvammaisten perhehoitoon suuntautuville perhehoitajille. Suomessa onkin paljon upeita kehitysvammaisten tarpeisiin vastaamiseen erikoistuneita perhehoitokoteja ja kiert\u00e4vi\u00e4 perhehoitajia.<\/p>\n<p>Vammaispalvelulaissa korostetaan, ett\u00e4 vammaisen lapsen ja h\u00e4nen perheens\u00e4 on saatava\u00a0sellainen tuki, joka mahdollistaa lapsen asumisen perheens\u00e4 kanssa. Niiss\u00e4 tilanteissa, joissa lapsi ei voi vammansa aiheuttaman avun ja tuen tarpeen vuoksi asua vanhempiensa kanssa, asuminen voidaan j\u00e4rjest\u00e4\u00e4 perhehoidossa.<\/p>\n<p>Perhehoito on hyv\u00e4 vaihtoehto my\u00f6s vammaisen nuoren itsen\u00e4istymisen tukemisessa esimerkiksi opintojen p\u00e4\u00e4tt\u00f6vaiheessa tai irrottauduttaessa syntym\u00e4kodista.<\/p>\n<p>Lasten ja nuorten kohdalla lyhytaikainen perhehoito ja osavuorokautinen perhehoito tukevat lapsen kehityst\u00e4 ja hyvinvointia sek\u00e4 vanhempien jaksamista. Lyhytaikaista perhehoitoa voidaan j\u00e4rjest\u00e4\u00e4 my\u00f6s\u00a0lapsen\u00a0omassa kodissa esimerkiksi tilanteissa, joissa lapsella on paljon apuv\u00e4lineit\u00e4.<\/p>\n<p>Perhehoitoa suunniteltaessa tulee huomioida my\u00f6s muiden palvelujen, kuten kuljetuspalveluiden ja harrastusmahdollisuuksien sek\u00e4 henkil\u00f6kohtaisen avun tarve ja turvata niiden saatavuus.<\/p>\n<p>Uusi\u00a0vammaispalvelulaki tuo muutoksia vammaisten henkil\u00f6iden palveluihin ja siksi hyvinvointialueilla on pidett\u00e4v\u00e4 huolta siit\u00e4, ett\u00e4 koulutusta uuden lain sis\u00e4ll\u00f6st\u00e4 j\u00e4rjestet\u00e4\u00e4n riitt\u00e4v\u00e4sti.<\/p>\n<p>&nbsp;<\/p>\n<p>Merja M\u00e4kisalo-Ropponen<br \/>\nTtT, Pohjois-Karjalan Hyvinvointialueen valtuuston pj.<\/p>\n","protected":false},"excerpt":{"rendered":"<p>(kirjoitukseni Perhehoito &#8211; lehdess\u00e4 3\/2023) Kauan odotettu vammaispalvelulain uudistus saatiin maaliin edellisen eduskunnan viime metreill\u00e4. Laki hyv\u00e4ksyttiin 1.3.2023 ja se astuu voimaan 1.10.2023. Uudistuksen tavoitteena on ollutvammaisten henkil\u00f6iden osallisuus ja yhdenvertaisuus sek\u00e4 vammaisten henkil\u00f6iden tarpeiden mukaiset, yksil\u00f6lliset ja itsen\u00e4ist\u00e4 el\u00e4m\u00e4\u00e4 tukevat palvelut. Vammaiset henkil\u00f6t saavat jatkossa tarvitsemansa sosiaali- ja terveyspalvelut saman lains\u00e4\u00e4d\u00e4nn\u00f6n perusteella diagnoosista riippumatta.<\/p>\n","protected":false},"author":1,"featured_media":0,"comment_status":"open","ping_status":"closed","sticky":false,"template":"","format":"standard","meta":{"_acf_changed":false,"footnotes":""},"categories":[4],"tags":[],"class_list":["post-3381","post","type-post","status-publish","format-standard","hentry","category-kolumnit"],"acf":[],"_links":{"self":[{"href":"https:\/\/www.merjamakisalo.fi\/index.php?rest_route=\/wp\/v2\/posts\/3381","targetHints":{"allow":["GET"]}}],"collection":[{"href":"https:\/\/www.merjamakisalo.fi\/index.php?rest_route=\/wp\/v2\/posts"}],"about":[{"href":"https:\/\/www.merjamakisalo.fi\/index.php?rest_route=\/wp\/v2\/types\/post"}],"author":[{"embeddable":true,"href":"https:\/\/www.merjamakisalo.fi\/index.php?rest_route=\/wp\/v2\/users\/1"}],"replies":[{"embeddable":true,"href":"https:\/\/www.merjamakisalo.fi\/index.php?rest_route=%2Fwp%2Fv2%2Fcomments&post=3381"}],"version-history":[{"count":1,"href":"https:\/\/www.merjamakisalo.fi\/index.php?rest_route=\/wp\/v2\/posts\/3381\/revisions"}],"predecessor-version":[{"id":3382,"href":"https:\/\/www.merjamakisalo.fi\/index.php?rest_route=\/wp\/v2\/posts\/3381\/revisions\/3382"}],"wp:attachment":[{"href":"https:\/\/www.merjamakisalo.fi\/index.php?rest_route=%2Fwp%2Fv2%2Fmedia&parent=3381"}],"wp:term":[{"taxonomy":"category","embeddable":true,"href":"https:\/\/www.merjamakisalo.fi\/index.php?rest_route=%2Fwp%2Fv2%2Fcategories&post=3381"},{"taxonomy":"post_tag","embeddable":true,"href":"https:\/\/www.merjamakisalo.fi\/index.php?rest_route=%2Fwp%2Fv2%2Ftags&post=3381"}],"curies":[{"name":"wp","href":"https:\/\/api.w.org\/{rel}","templated":true}]}}