{"id":3301,"date":"2023-03-09T08:28:24","date_gmt":"2023-03-09T06:28:24","guid":{"rendered":"https:\/\/www.merjamakisalo.fi\/?p=3301"},"modified":"2023-03-09T08:28:24","modified_gmt":"2023-03-09T06:28:24","slug":"onko-vammaiselle-henkilolla-yhdenvertaiset-mahdollisuudet-osallistua-politiikkaan","status":"publish","type":"post","link":"https:\/\/www.merjamakisalo.fi\/?p=3301","title":{"rendered":"Onko vammaiselle henkil\u00f6ll\u00e4 yhdenvertaiset mahdollisuudet osallistua politiikkaan?"},"content":{"rendered":"<p>T\u00e4m\u00e4n viikon tiistaina oli Musiikkitalolla Demo Finlandin ja Eduskunnan Vammaisasiain yhteisty\u00f6ryhm\u00e4n (VAMYT) koordinoima tilaisuus, jonka teeman oli Vammaiset henkil\u00f6t p\u00e4\u00e4tt\u00e4jien paikalla. Tilaisuudessa pohdittiin, miksi vammaiset henkil\u00f6t j\u00e4\u00e4v\u00e4t niin usein politiikan ulkopuolelle ja miten puolueet voisivat tehd\u00e4 politiikasta kaikkien paikan, jotta yh\u00e4 useamman \u00e4\u00e4ni kuuluisi p\u00e4\u00e4t\u00f6ksenteossa.<\/p>\n<p>Demo Finland on eduskuntapuolueiden yhteisty\u00f6j\u00e4rjest\u00f6, joka edist\u00e4\u00e4 demokratiaa Suomessa ja maailmassa. VAMYT puolestaan kokoaa yhteen kansanedustajia kaikista eduskuntapuolueista yhdess\u00e4 edist\u00e4m\u00e4\u00e4n vammaisten ihmisten oikeuksia sek\u00e4 tietoisuutta n\u00e4ist\u00e4 p\u00e4\u00e4tt\u00e4jien keskuudessa.<\/p>\n<p>K\u00e4ytin tilaisuudessa puheenvuoron, jossa pohdin eduskunnan vammaisasiain yhteisty\u00f6ryhm\u00e4n puheenjohtajana vammaisten yhdenvertaisuuden toteutumista yhteiskunnassa yleisell\u00e4 tasolla.<\/p>\n<p>Vammaisten yhdenvertaisuus tarkoittaa sit\u00e4, ett\u00e4 vammaisten p\u00e4\u00e4sev\u00e4t samalle viivalle ei- vammaisten kanssa. T\u00e4m\u00e4 edellytt\u00e4\u00e4 my\u00f6s positiivista erityiskohtelua ja yksil\u00f6llisen el\u00e4m\u00e4ntilanteen huomioimista palvelujen toteutuksessa. Usein keskustelussa kuulee yhdenvertaisuutta selitett\u00e4v\u00e4n siten, ett\u00e4 kaikki saavat samoja palveluja, saman verran ja samalla tavalla toteutettuna. T\u00e4m\u00e4 ei ole yhdenvertaisuutta vaan tasap\u00e4ist\u00e4mist\u00e4 ja est\u00e4\u00e4 usein vammaisia olemasta yhdenvertaisesti osallisena yhteiskunnassa.<\/p>\n<p>Vammaiset ihmiset kokevat syrjint\u00e4\u00e4 monella el\u00e4m\u00e4n osa-alueella Suomessa. Esimerkiksi yhdenvertaisuusvaltuutettuun otetaan yhteytt\u00e4 eniten vammaisuuteen ja alkuper\u00e4\u00e4n perustuvaan syrjint\u00e4\u00e4n liittyen. Yhteydenotot useimmiten koskevat yksitt\u00e4isi\u00e4 palveluita, kuten asumista tai kauppaa, ty\u00f6el\u00e4m\u00e4\u00e4 sek\u00e4 sosiaali- ja terveyspalveluita ja muita julkisia palveluita.<\/p>\n<p>Vammaisyleissopimuksen 27 artiklan mukaisesti vammaisilla henkil\u00f6ill\u00e4 on oikeus tehd\u00e4 ty\u00f6t\u00e4 yhdenvertaisesti muiden kanssa. Ty\u00f6ymp\u00e4rist\u00f6n on oltava avoin, osallistava ja vammaisten henkil\u00f6iden saavutettavissa.<\/p>\n<p>Vammaisille henkil\u00f6ille ei tule luoda eriytyneit\u00e4 ty\u00f6markkinoita, vaan heille tulee tarjota tarvittavat tukitoimet, jotta mahdollisimman moni voi toimia tavallisilla ty\u00f6markkinoilla tai yritt\u00e4jin\u00e4. Henkil\u00f6kohtainen apu ja kuljetuspalvelut ovat keskeisess\u00e4 osassa ty\u00f6el\u00e4m\u00e4oikeuksien toteutumisessa.<\/p>\n<p>Yhdenvertaisuusvaltuutettu on todennut, ettei lains\u00e4\u00e4d\u00e4nt\u00f6, viranomaisk\u00e4yt\u00e4nn\u00f6t ja yleiset asenteet luo edellytyksi\u00e4 vammaisten ihmisten ty\u00f6el\u00e4m\u00e4oikeuksien toteutumiselle vammaisyleissopimuksen edellytt\u00e4m\u00e4ll\u00e4 tavalla. Vammaiset kokevat syrjint\u00e4\u00e4 erityisesti ty\u00f6nhaussa ja kohtuullisten mukautusten j\u00e4rjest\u00e4misess\u00e4, mutta my\u00f6s yleens\u00e4 ty\u00f6urallaan. N\u00e4iden asioiden korjaamiseksi tarvitaan velvoittavampia s\u00e4\u00e4nn\u00f6ksi\u00e4 esimerkiksi yhdenvertaisuuslakiin. My\u00f6s ehdokkuus vaaleissa on er\u00e4\u00e4nlainen ty\u00f6nhakutilanne.<\/p>\n<p>Ongelmana yhdenvertaisten oikeuksien ja ty\u00f6el\u00e4m\u00e4\u00e4n osallisuuden kannalta on my\u00f6s ymp\u00e4rist\u00f6n esteellisyys ja saavutettavuus.\u00a0Suomesta puuttuu rakennetun ymp\u00e4rist\u00f6n osalta s\u00e4\u00e4ntely, joka velvoittaa edist\u00e4m\u00e4\u00e4n muun muassa jo k\u00e4yt\u00f6ss\u00e4 olevien julkisten tilojen esteett\u00f6myytt\u00e4 ja saavutettavuutta. Lis\u00e4ksi esteett\u00f6myys ymm\u00e4rret\u00e4\u00e4n edelleen hyvin kapea-alaisesti l\u00e4hinn\u00e4 liikuntaesteett\u00f6myydeksi. Aistiesteett\u00f6myys on monelle t\u00e4ysin tuntematon k\u00e4site.<\/p>\n<p>Julkisia tiloja rakennettaessa edelleenkin tapahtuu virheit\u00e4 esteett\u00f6myyden ja saavutettavuuden varmistamisessa. Ja vaikka yleis\u00f6lle suunnitellut tilat olisivatkin esteett\u00f6mi\u00e4, niin ty\u00f6ntekij\u00f6ille tarkoitetuissa tiloissa asia unohtuu helpommin. Teatteri- tai konserttisali voi olla esteet\u00f6n, mutta p\u00e4\u00e4seek\u00f6 vammainen taiteilija ty\u00f6paikalle ja lavalle esiintym\u00e4\u00e4n onkin jo toinen juttu. Esteett\u00f6myyslains\u00e4\u00e4d\u00e4nt\u00f6\u00e4 on tiukennettava ja asetettava my\u00f6s sanktioita sen laiminly\u00f6misest\u00e4. Ty\u00f6paikat tulee saada esteett\u00f6myyslains\u00e4\u00e4d\u00e4nn\u00f6n piiriin: ty\u00f6skentelytiloja, kuten toimistojen ja digialustojen, tulee olla esteett\u00f6mi\u00e4 ja saavutettavia. Jos asia huomioidaan suunnittelun alusta alkaen, toteutus ei tule yht\u00e4\u00e4n kalliimmaksi kuin esteellisten tilojen rakentaminen.<\/p>\n<p>Yhteenvetona voidaan todeta, ett\u00e4 meill\u00e4\u00a0on yh\u00e4 paljon korjattavaa sek\u00e4 vammaispolitiikassa ett\u00e4 asenteissa. Esimerkiksi viime viikolla eduskunnassa hyv\u00e4ksytty uusi vammaispalvelulaki ei tilannetta kokonaan korjaa. \u00a0Puutteita on asumiseen, osallisuuteen, ty\u00f6ss\u00e4 k\u00e4ymiseen ja palkkaan sek\u00e4 toimeentuloon liittyen\u00a0ja on selv\u00e4\u00e4, ett\u00e4 tarvitsemme vammaisten ihmisten oikeuksien edist\u00e4miseen pitk\u00e4j\u00e4nteist\u00e4 ty\u00f6t\u00e4 ja sitovampaa p\u00e4\u00e4t\u00f6ksentekoa. Vammaispolitiikkaa\u00a0on teht\u00e4v\u00e4 nykyist\u00e4 pitk\u00e4j\u00e4nteisemmin niin ett\u00e4 asia huomioidaan kaikessa p\u00e4\u00e4t\u00f6ksenteossa esimerkiksi vammaisvaikutusten arviointien tekemisen\u00e4. Tein viel\u00e4 ennen eduskuntakauden loppumista toimenpidealoitteen, miss\u00e4 edellytet\u00e4\u00e4n valtioneuvoston periaatep\u00e4\u00e4t\u00f6st\u00e4, jossa sitoudutaan yhdenvertaisuuden ja vammaisten oikeuksien edist\u00e4miseen yli hallituskausien.<\/p>\n<p>T\u00e4m\u00e4nhetkisen k\u00e4yt\u00e4nn\u00f6n mukaan\u00a0Vammaisten henkil\u00f6iden oikeuksien neuvottelukunta VANE valmistelee hallituskausittain kansallisen YK:n vammaisten henkil\u00f6iden oikeuksien yleissopimuksen toimintaohjelman. Toimintaohjelman toimenpiteet on laadittu yhdess\u00e4 ministeri\u00f6iden kanssa ja ohjelma on hyv\u00e4ksytty\u00a0VANEssa. Ongelmaksi on osoittautunut hallitusohjelmasidonnaisuudesta johtuva toimenpiteiden yleisluonteisuus ja v\u00e4ljyys, jolloin k\u00e4yt\u00e4nn\u00f6n toimeenpanon merkitys j\u00e4\u00e4 v\u00e4h\u00e4iseksi. Lis\u00e4ksi poikkihallinnollisten toimenpiteiden toteutus on ollut hankalaa.<\/p>\n<p>N\u00e4m\u00e4 kaikki edell\u00e4 mainitut asiat vaikuttavat my\u00f6s poliittiseen osallistumiseen. Esteellinen ymp\u00e4rist\u00f6 on asia, josta muodostuu monelle vammaiselle konkreettisesti kynnyskysymys. Liian usein lis\u00e4ksi kuulee sanottavan esteett\u00f6myydest\u00e4 kysytt\u00e4ess\u00e4, ett\u00e4 kyll\u00e4 meill\u00e4 on py\u00f6r\u00e4tuoliluiska &#8211; aivan kuin se olisi ainoa asia, joka takaa esteett\u00f6myyden.<\/p>\n<p>Asenteissa on my\u00f6s paljon korjaamista &#8211; tai oikeastaan sanon mieluummin, ett\u00e4 meill\u00e4 on liian paljon tiet\u00e4m\u00e4tt\u00f6myytt\u00e4, josta seuraa yhdenvertaisuuden kannalta ongelmia. Esimerkiksi Joensuun kaupunginvaltuustossa on kuulovammainen henkil\u00f6 ja minulla meni monta vuotta valtuuston puheenjohtajana saada valtuutetut ja viranhaltijat ymm\u00e4rt\u00e4m\u00e4\u00e4n, ettei ilman mikrofonia saa kokouksissa puhua. Nyt hyvinvointialueen valtuustossa olen jo vuoden sanonut toistuvasti samaa ja edelleen kuulen kommentteja: \u201dEn tarvitse mikrofonia, minulla on niin kuuluva \u00e4\u00e4ni\u201d. Kuulovammainen ei kuitenkaan pysty kuulemaan, jos ei puhuta mikrofoniin.<\/p>\n<p>Asenteissa on korjaamista my\u00f6s sen suhteen, saako vammainen olla kiinnostunut muista kuin vammaispolitiikkaan liittyvist\u00e4 teemoista. Min\u00e4, vammattomana henkil\u00f6n\u00e4, saan valita vapaasti omat mielenkiinnon kohteeni, mutta vammaisen henkil\u00f6n edellytet\u00e4\u00e4n olevan aktiivinen vain vammaisuuteen, esteett\u00f6myyteen ja saavutettavuuteen tai vammaispalveluihin liittyviss\u00e4 asioissa. T\u00e4ss\u00e4 on kysymys asenne-esteellisyydest\u00e4.<\/p>\n<p>Minun haaveeni ja unelmani on yhteiskunta, jossa ei tarvitsisi en\u00e4\u00e4 erikseen puhua vammaisten oikeuksista eik\u00e4 j\u00e4rjest\u00e4\u00e4 t\u00e4m\u00e4n kaltaisia tilaisuuksia. Milloin t\u00e4m\u00e4 toteutuu &#8211; en osaa sanoa, mutta sit\u00e4 kohden meid\u00e4n on edett\u00e4v\u00e4. Niin kauan kuin yhdenvertaisuus ei ole uusi normaali, asioista on puhuttava ja t\u00e4h\u00e4n tarvitaan meit\u00e4 kaikkia.<\/p>\n","protected":false},"excerpt":{"rendered":"<p>T\u00e4m\u00e4n viikon tiistaina oli Musiikkitalolla Demo Finlandin ja Eduskunnan Vammaisasiain yhteisty\u00f6ryhm\u00e4n (VAMYT) koordinoima tilaisuus, jonka teeman oli Vammaiset henkil\u00f6t p\u00e4\u00e4tt\u00e4jien paikalla. Tilaisuudessa pohdittiin, miksi vammaiset henkil\u00f6t j\u00e4\u00e4v\u00e4t niin usein politiikan ulkopuolelle ja miten puolueet voisivat tehd\u00e4 politiikasta kaikkien paikan, jotta yh\u00e4 useamman \u00e4\u00e4ni kuuluisi p\u00e4\u00e4t\u00f6ksenteossa. Demo Finland on eduskuntapuolueiden yhteisty\u00f6j\u00e4rjest\u00f6, joka edist\u00e4\u00e4 demokratiaa Suomessa ja<\/p>\n","protected":false},"author":1,"featured_media":0,"comment_status":"open","ping_status":"open","sticky":false,"template":"","format":"standard","meta":{"_acf_changed":false,"footnotes":""},"categories":[3],"tags":[],"class_list":["post-3301","post","type-post","status-publish","format-standard","hentry","category-blogilta"],"acf":[],"_links":{"self":[{"href":"https:\/\/www.merjamakisalo.fi\/index.php?rest_route=\/wp\/v2\/posts\/3301","targetHints":{"allow":["GET"]}}],"collection":[{"href":"https:\/\/www.merjamakisalo.fi\/index.php?rest_route=\/wp\/v2\/posts"}],"about":[{"href":"https:\/\/www.merjamakisalo.fi\/index.php?rest_route=\/wp\/v2\/types\/post"}],"author":[{"embeddable":true,"href":"https:\/\/www.merjamakisalo.fi\/index.php?rest_route=\/wp\/v2\/users\/1"}],"replies":[{"embeddable":true,"href":"https:\/\/www.merjamakisalo.fi\/index.php?rest_route=%2Fwp%2Fv2%2Fcomments&post=3301"}],"version-history":[{"count":1,"href":"https:\/\/www.merjamakisalo.fi\/index.php?rest_route=\/wp\/v2\/posts\/3301\/revisions"}],"predecessor-version":[{"id":3302,"href":"https:\/\/www.merjamakisalo.fi\/index.php?rest_route=\/wp\/v2\/posts\/3301\/revisions\/3302"}],"wp:attachment":[{"href":"https:\/\/www.merjamakisalo.fi\/index.php?rest_route=%2Fwp%2Fv2%2Fmedia&parent=3301"}],"wp:term":[{"taxonomy":"category","embeddable":true,"href":"https:\/\/www.merjamakisalo.fi\/index.php?rest_route=%2Fwp%2Fv2%2Fcategories&post=3301"},{"taxonomy":"post_tag","embeddable":true,"href":"https:\/\/www.merjamakisalo.fi\/index.php?rest_route=%2Fwp%2Fv2%2Ftags&post=3301"}],"curies":[{"name":"wp","href":"https:\/\/api.w.org\/{rel}","templated":true}]}}