{"id":3266,"date":"2023-02-09T09:18:45","date_gmt":"2023-02-09T07:18:45","guid":{"rendered":"https:\/\/www.merjamakisalo.fi\/?p=3266"},"modified":"2023-02-09T09:18:45","modified_gmt":"2023-02-09T07:18:45","slug":"lisaako-digitaalisuus-ikaihmisten-syrjaytymisriskia","status":"publish","type":"post","link":"https:\/\/www.merjamakisalo.fi\/?p=3266","title":{"rendered":"Lis\u00e4\u00e4k\u00f6 digitaalisuus ik\u00e4ihmisten syrj\u00e4ytymisriski\u00e4?"},"content":{"rendered":"<p>Digitaalisuus on tullut j\u00e4\u00e4d\u00e4kseen ja siihen liittyy yhteiskunnan kannalta paljon my\u00f6nteist\u00e4. Samalla on kuitenkin todettava, ett\u00e4 joukossamme on paljon ihmisi\u00e4, joilla ei ole mahdollisuutta digiteknologian hankintaan tai k\u00e4ytt\u00f6\u00f6n. T\u00e4h\u00e4n ryhm\u00e4\u00e4n kuuluu paljon ik\u00e4ihmisi\u00e4.<\/p>\n<p>\u00c4lypuhelimesta ja tietokoneesta on tullut jokap\u00e4iv\u00e4isen el\u00e4m\u00e4\u00e4n kuuluvia asioita. Niiden k\u00e4ytt\u00f6\u00f6n on my\u00f6s sitouduttu julkisissa palveluissa. Teknologia on tullut merkitt\u00e4v\u00e4ksi osaksi my\u00f6s sosiaalisten suhteiden luomisessa ja yll\u00e4pit\u00e4misess\u00e4. Sosiaali- ja terveyspalvelujen tehokkuuspuheessa vannotaan digitaalisten palvelujen nimeen.<\/p>\n<p>Kyseess\u00e4 on suuri ja nopeasti tapahtunut muutos, jossa kaikki kansalaiset eiv\u00e4t ole pysyneet per\u00e4ss\u00e4. Kaikista kansalaisista ei ole tullut digiosallisia, jotka kykenev\u00e4t hy\u00f6tym\u00e4\u00e4n laajenemista digipalveluista osallistumaan digitalisoitumisen yhteiskunnan toimintaan. Suomessa on t\u00e4ll\u00e4kin hetkell\u00e4 l\u00e4hes miljoona kansalaista, jotka eiv\u00e4t syyst\u00e4 tai toisesta pysty k\u00e4ytt\u00e4m\u00e4\u00e4n digitaalisia palveluita niin hyvin kuin yhteiskunnassa toivottaisiin. Toisin sanoen osaa kansalaisista uhkaa digisyrj\u00e4ytyneisyys tai digiosattomuus, joka tarkoittaa my\u00f6s sit\u00e4, ett\u00e4 asioiminen julkisissa palveluissa on todella hankalaa ja osallistuminen sosiaaliseen el\u00e4m\u00e4\u00e4n vaikeutuu. Ne ihmiset, jotka eiv\u00e4t osaa tai eiv\u00e4t voi hy\u00f6dynt\u00e4\u00e4 digipalveluja ovat vaarassa pudota oleellisten palvelujen saavuttamattomiin.<\/p>\n<p>Jotta voimme pit\u00e4\u00e4 kaikki kansalaiset yhteiskunnassa mukana ja v\u00e4hent\u00e4\u00e4 digitaalista eriarvoisuutta, on digitaalisuuden ohjaaminen ja siin\u00e4 tukeminen tulisi s\u00e4\u00e4t\u00e4\u00e4 jonkun tahon, esimerkiksi kuntien, velvollisuudeksi. Kunnat voisivat palkata digitalkkarin tai osata palveluita j\u00e4rjest\u00f6lt\u00e4. Digitalkkarin teht\u00e4v\u00e4n\u00e4 on toimia digiloikan mahdollistajana ja auttaa digipalvelujen haltuunotossa ja teknologian p\u00e4ivityksiss\u00e4. Digitalkkariin voisi kuka tahansa olla yhteydess\u00e4, mutta h\u00e4nelle \u201dl\u00e4hetteen\u201d voisi kirjoittaa my\u00f6s esimerkiksi ik\u00e4neuvolan terveydenhoitaja, jos tapaamisessa tulee esille digitaitojen puutteet.<\/p>\n<p>Lis\u00e4ksi yhteiskunnan on luotava digipalveluja k\u00e4ytt\u00e4m\u00e4tt\u00f6mille kansalaisille keskitetty asiointikanava, sill\u00e4 aina tulee olemaan henkil\u00f6it\u00e4, jotka eiv\u00e4t pysty k\u00e4ytt\u00e4m\u00e4\u00e4n digipalveluja. Lis\u00e4ksi on lains\u00e4\u00e4d\u00e4nn\u00f6llisesti selkeytett\u00e4v\u00e4 s\u00e4hk\u00f6ist\u00e4 asiointia toisten puolesta asioinnissa ja tuetuista asioinnissa. T\u00e4m\u00e4 korostuu esimerkiksi muistisairaiden henkil\u00f6iden kohdalla.<\/p>\n<p>Lopuksi on syyt\u00e4 korostaa laitteiden ja ohjelmistojen k\u00e4ytett\u00e4vyytt\u00e4 ja saavutettavuutta. Digipalveluja tulee kehitt\u00e4\u00e4 yhteisty\u00f6ss\u00e4 niiden k\u00e4ytt\u00e4jien kanssa, joilla on haasteita digiosaamisessa. T\u00e4llainen kehitt\u00e4misty\u00f6 todenn\u00e4k\u00f6isesti tekisi digitaalisuuden helpommaksi meille kaikille!<\/p>\n","protected":false},"excerpt":{"rendered":"<p>Digitaalisuus on tullut j\u00e4\u00e4d\u00e4kseen ja siihen liittyy yhteiskunnan kannalta paljon my\u00f6nteist\u00e4. Samalla on kuitenkin todettava, ett\u00e4 joukossamme on paljon ihmisi\u00e4, joilla ei ole mahdollisuutta digiteknologian hankintaan tai k\u00e4ytt\u00f6\u00f6n. T\u00e4h\u00e4n ryhm\u00e4\u00e4n kuuluu paljon ik\u00e4ihmisi\u00e4. \u00c4lypuhelimesta ja tietokoneesta on tullut jokap\u00e4iv\u00e4isen el\u00e4m\u00e4\u00e4n kuuluvia asioita. Niiden k\u00e4ytt\u00f6\u00f6n on my\u00f6s sitouduttu julkisissa palveluissa. Teknologia on tullut merkitt\u00e4v\u00e4ksi osaksi my\u00f6s<\/p>\n","protected":false},"author":1,"featured_media":0,"comment_status":"open","ping_status":"open","sticky":false,"template":"","format":"standard","meta":{"_acf_changed":false,"footnotes":""},"categories":[3],"tags":[130,129,131],"class_list":["post-3266","post","type-post","status-publish","format-standard","hentry","category-blogilta","tag-digipalvelut","tag-digitalisaatio","tag-digitalkkari"],"acf":[],"_links":{"self":[{"href":"https:\/\/www.merjamakisalo.fi\/index.php?rest_route=\/wp\/v2\/posts\/3266","targetHints":{"allow":["GET"]}}],"collection":[{"href":"https:\/\/www.merjamakisalo.fi\/index.php?rest_route=\/wp\/v2\/posts"}],"about":[{"href":"https:\/\/www.merjamakisalo.fi\/index.php?rest_route=\/wp\/v2\/types\/post"}],"author":[{"embeddable":true,"href":"https:\/\/www.merjamakisalo.fi\/index.php?rest_route=\/wp\/v2\/users\/1"}],"replies":[{"embeddable":true,"href":"https:\/\/www.merjamakisalo.fi\/index.php?rest_route=%2Fwp%2Fv2%2Fcomments&post=3266"}],"version-history":[{"count":1,"href":"https:\/\/www.merjamakisalo.fi\/index.php?rest_route=\/wp\/v2\/posts\/3266\/revisions"}],"predecessor-version":[{"id":3267,"href":"https:\/\/www.merjamakisalo.fi\/index.php?rest_route=\/wp\/v2\/posts\/3266\/revisions\/3267"}],"wp:attachment":[{"href":"https:\/\/www.merjamakisalo.fi\/index.php?rest_route=%2Fwp%2Fv2%2Fmedia&parent=3266"}],"wp:term":[{"taxonomy":"category","embeddable":true,"href":"https:\/\/www.merjamakisalo.fi\/index.php?rest_route=%2Fwp%2Fv2%2Fcategories&post=3266"},{"taxonomy":"post_tag","embeddable":true,"href":"https:\/\/www.merjamakisalo.fi\/index.php?rest_route=%2Fwp%2Fv2%2Ftags&post=3266"}],"curies":[{"name":"wp","href":"https:\/\/api.w.org\/{rel}","templated":true}]}}