{"id":3258,"date":"2023-02-07T09:49:22","date_gmt":"2023-02-07T07:49:22","guid":{"rendered":"https:\/\/www.merjamakisalo.fi\/?p=3258"},"modified":"2023-02-07T09:49:22","modified_gmt":"2023-02-07T07:49:22","slug":"muistiparlamentti-kokoontui-toisen-kerran-eduskunnassa","status":"publish","type":"post","link":"https:\/\/www.merjamakisalo.fi\/?p=3258","title":{"rendered":"Muistiparlamentti kokoontui toisen kerran eduskunnassa"},"content":{"rendered":"<p>Viime viikolla kokoontui Eduskunnan muistiverkoston ja Muistiliiton muistiaktiivien toimesta muistiparlamentti. Eduskunnan muistiverkostoon kuuluu edustajia eri eduskuntaryhmist\u00e4 ja tavoitteemme on lis\u00e4t\u00e4 tietoa muistista ja muistisairauksista, parantaa muistisairauden asemaa yhteiskunnassamme sek\u00e4 vaikuttaa muistisairauksia koskevaan lains\u00e4\u00e4d\u00e4nt\u00f6\u00f6n.<\/p>\n<p>Muistiparlamentti on Muistiaktiivien ja kansanedustajien keskustelu- ja vaikuttamisfoorumi. Ensimm\u00e4inen Muistiparlamentti j\u00e4rjestettiin noin nelj\u00e4 vuotta sitten ennen edellisi\u00e4 eduskuntavaaleja. Silloin oli puhetta, ett\u00e4 seuraava vastaavanlainen tilaisuus j\u00e4rjestet\u00e4\u00e4n noin kahden vuoden kuluttua, mutta korona sotki n\u00e4m\u00e4 suunnitelmat ja tilaisuus siirtyi j\u00e4lleen melko l\u00e4helle vaaleja. Tiistain tilaisuuden ohjelma koostui puheenvuoroista, kansanedustajien kyselytunnista ja musiikkiesityksest\u00e4. Puheenvuorot k\u00e4yttiv\u00e4t muun muassa muistiaktiiviryhm\u00e4n puheenjohtaja Mauri Laine ja Muistiliiton puheenjohtaja Katariina Suomu. Muistiaktiivit olivat koonneet kansanedustajien vastattaviksi kiperi\u00e4 kysymyksi\u00e4 ja niihin vastaamassa olivat lis\u00e4kseni Sari Sarkomaa (Kok), Katja H\u00e4nninen (Vas), Pasi Kivisaari (Kesk), Sari Essayah (KD) ja Inka Hopsu (Vihr)<\/p>\n<h4>Ket\u00e4 ovat muistiaktiivit?<\/h4>\n<p>Muistiaktiivit ovat muistisairauksiin sairastuneiden ihmisten ja l\u00e4heisten asiantuntijaryhm\u00e4, jonka teht\u00e4v\u00e4n\u00e4 on kommentoida ja tuoda esiin n\u00e4kemyksi\u00e4 Muistiliiton toiminnasta ja kiinnitt\u00e4\u00e4 huomiota ja ottaa kantaa muistisairaiden ihmisten ja l\u00e4heisten kannalta t\u00e4rkeisiin ajankohtaisiin kysymyksiin. Kysymys ei siis ole mist\u00e4\u00e4n vertaistukiryhm\u00e4st\u00e4 tai keskustelukerhosta vaan aktiivisesta vaikuttaja- ja asiantuntijaryhm\u00e4st\u00e4, joka haluaa, ett\u00e4 sen n\u00e4kemyksi\u00e4 kuullaan ja niill\u00e4 on vaikutusta.\u00a0Valtakunnalliset Muistiaktiivit aloittivat toimintansa syksyll\u00e4 2013. Ryhm\u00e4n j\u00e4senet ovat paikallisyhdistysten aktiiveja \u2013 sek\u00e4 muistisairaita ett\u00e4 l\u00e4heisi\u00e4 \u2013 eri puolilta Suomea.\u00a0Toimintaa organisoi Muistiliitto.\u00a0My\u00f6s Muistiliiton eurooppalaisen kattoj\u00e4rjest\u00f6ss\u00e4, Alzheimer Europessa, toimii sairastuneiden ty\u00f6ryhm\u00e4, jonka suomalaisena j\u00e4senen\u00e4 toimii\u00a0Petri Lampinen.<\/p>\n<p>Muistiaktiivien toiminnassa ja tapaamisissa korostuu kognitiivinen ergonomia, joka varmistaa, ett\u00e4 kaikkien j\u00e4senten n\u00e4kemykset tulevat huomioiduksi. Kognitiivisella ergonomialla tarkoitetaan\u00a0toiminnan sek\u00e4 ty\u00f6v\u00e4lineiden, -ymp\u00e4rist\u00f6jen ja -tapojen yhteensovittamista ihmisen tiedonk\u00e4sittelykykyjen ja -rajoitusten kanssa. Kognitiivisen ergonomia taidot ovat tarpeellisia meille kaikille, sill\u00e4 nykyisess\u00e4 nopeatempoisessa maailmassa aivomme joutuvat kovalle koetukselle. Kognitiivinen ergonomia on osa aivoterveyden edist\u00e4mist\u00e4. Muistisairaiden kohdalla kysymys on my\u00f6s esteett\u00f6myyden ja saavutettavuuden varmistamista. Esteett\u00f6myys ja saavutettavuus eiv\u00e4t ole vain fyysisten esteiden poistamista, vaan kaikki aistien huomioon ottamista ja my\u00f6s esimerkiksi muistamisen, ongelmanratkaisun ja hahmottamisen helpottamiseen liittyvi\u00e4 toimia. Esimerkiksi selkokielell\u00e4 k\u00e4ytt\u00f6 helpottaa monen muistisairaan henkil\u00f6n osallisuutta omien asioiden hoitamiseen.<\/p>\n<h4>Vammaispalvelut kuuluvat my\u00f6s muistisairaille<\/h4>\n<p>Muistisairaudet ovat neurologisia sairauksia, jotka edetess\u00e4\u00e4n vaikeuttavat ihmisen itsen\u00e4ist\u00e4 toimintaa ja osallistumista yhteiskuntaan. YK:n\u00a0Vammaisyleissopimus, jonka Suomi on ratifioinut vuonna 2016, m\u00e4\u00e4rittelee vammaisuuden toimintarajoitteen n\u00e4k\u00f6kulmasta, ei l\u00e4\u00e4ketieteellisen\u00e4 diagnoosina. Vammaisyleissopimuksen mukaan vammaisiin henkil\u00f6ihin kuuluvat ne, joilla on sellainen pitk\u00e4aikainen ruumiillinen, henkinen, kognitiivinen tai aisteihin liittyv\u00e4 vamma, joka vuorovaikutuksessa erilaisten esteiden kanssa voi est\u00e4\u00e4 heid\u00e4n t\u00e4ysim\u00e4\u00e4r\u00e4isen ja tehokkaan osallistumisensa yhteiskuntaan yhdenvertaisesti muiden kanssa. YK:n vammaissopimus koskee my\u00f6s muistisairaita henkil\u00f6it\u00e4. Yksi sopimuksen keskeisist\u00e4 periaatteista on kaikkien vammaisten henkil\u00f6iden osallistuminen ja osallisuus yhteiskuntaan.<\/p>\n<p>Olen iloinen, ett\u00e4 Perustuslakivaliokunta piti t\u00e4t\u00e4 vammaissopimuksen periaatetta t\u00e4rke\u00e4n\u00e4, eik\u00e4 hyv\u00e4ksynyt vammaispalvelulakiesitykseen j\u00e4\u00e4nytt\u00e4 ik\u00e4rajausta, joka olisi asettanut vammaiset henkil\u00f6t i\u00e4n perusteella eriarvoiseen asemaan. T\u00e4m\u00e4 olisi rajannut suuren osan muistisairaista vammaispalvelulain ulkopuolelle, vaikka vammaissopimus velvoittaa edist\u00e4m\u00e4\u00e4n, suojelemaan ja takaamaan KAIKILLE vammaisille t\u00e4ysim\u00e4\u00e4r\u00e4isesti ja yhdenvertaisesti heid\u00e4n ihmisoikeuksiensa ja perusoikeuksiensa toteutuminen.<\/p>\n<p>Nyt lakiesitykseen on tehty korjauksia ja ik\u00e4rajoite on poistettu esityksest\u00e4. Esitys on nyt perustuslakivaliokunnan tarkastettavana ja toivon, ett\u00e4 saamme uuden vammaispalvelulain hyv\u00e4ksytty\u00e4 viel\u00e4 t\u00e4\u00e4ll\u00e4 kaudella. Kyseess\u00e4 on selk\u00e4 parannus nykytilaan, mutta toisaalta on todettava, ett\u00e4 ihan valmista ei viel\u00e4k\u00e4\u00e4n tullut, eli YK:n vammaissopimus ei t\u00e4ysim\u00e4\u00e4r\u00e4isesti tule toteutumaan viel\u00e4 t\u00e4m\u00e4nk\u00e4\u00e4n lakiuudistuksen my\u00f6t\u00e4 eli ty\u00f6t\u00e4 vammaisten &#8211; my\u00f6s muistisairaiden &#8211; oikeuksien puolesta tulee jatkaa.<\/p>\n<p>Vammaisten oikeudet kuuluvat muistisairaille, mutta Muistiliiton sivuilla on julkaistu my\u00f6s <a href=\"https:\/\/www.muistiliitto.fi\/fi\/etuudet-ja-oikeudet\/muistisairaan-ihmisen-oikeudet\">muistisairaiden oikeuksista oma luettelo<\/a>, joissa mainitaan esimerkiksi, ett\u00e4 muistisairaalla on oikeus olla oman el\u00e4m\u00e4ns\u00e4 asiantuntija ja halutessaan ajaa muistisairaiden ihmisten etuja sek\u00e4 osallistua aktiivisena toimijana niin l\u00e4hipiiriss\u00e4\u00e4n kuin maailmanlaajuisestikin. Muistiparlamentti omalta osaltaan varmistaa n\u00e4iden oikeuksien toteutumista.<\/p>\n<p>T\u00e4h\u00e4n loppuun muistiaktiivi Mauri Laineen itse kirjoittama runo, jonka luki osana puheenvuoroaan:<\/p>\n<p>Ohiammutut sodassa<br \/>\nselvisiv\u00e4t hengiss\u00e4.<br \/>\nOhikatsotut k\u00e4rsiv\u00e4t<br \/>\nkoko el\u00e4m\u00e4ns\u00e4.<br \/>\nKatseen puute<br \/>\npahin puutostauti,<br \/>\nsinua ei<br \/>\nole olemassa.<br \/>\nMilloin min\u00e4<br \/>\nolen ollut<br \/>\nohitse katsomassa<br \/>\nnihiloimassa ihmist\u00e4?<br \/>\nAivan kuin<br \/>\nihminen varttuisi<br \/>\nilman ihoa<br \/>\naivan paljaana.<\/p>\n<p>Merja M\u00e4kisalo-Ropponen<br \/>\nkansanedustaja (sd)<br \/>\nEduskunnan muistiverkoston pj.<\/p>\n<p>&nbsp;<\/p>\n","protected":false},"excerpt":{"rendered":"<p>Viime viikolla kokoontui Eduskunnan muistiverkoston ja Muistiliiton muistiaktiivien toimesta muistiparlamentti. Eduskunnan muistiverkostoon kuuluu edustajia eri eduskuntaryhmist\u00e4 ja tavoitteemme on lis\u00e4t\u00e4 tietoa muistista ja muistisairauksista, parantaa muistisairauden asemaa yhteiskunnassamme sek\u00e4 vaikuttaa muistisairauksia koskevaan lains\u00e4\u00e4d\u00e4nt\u00f6\u00f6n. Muistiparlamentti on Muistiaktiivien ja kansanedustajien keskustelu- ja vaikuttamisfoorumi. Ensimm\u00e4inen Muistiparlamentti j\u00e4rjestettiin noin nelj\u00e4 vuotta sitten ennen edellisi\u00e4 eduskuntavaaleja. Silloin oli puhetta, ett\u00e4<\/p>\n","protected":false},"author":1,"featured_media":0,"comment_status":"open","ping_status":"open","sticky":false,"template":"","format":"standard","meta":{"_acf_changed":false,"footnotes":""},"categories":[3],"tags":[],"class_list":["post-3258","post","type-post","status-publish","format-standard","hentry","category-blogilta"],"acf":[],"_links":{"self":[{"href":"https:\/\/www.merjamakisalo.fi\/index.php?rest_route=\/wp\/v2\/posts\/3258","targetHints":{"allow":["GET"]}}],"collection":[{"href":"https:\/\/www.merjamakisalo.fi\/index.php?rest_route=\/wp\/v2\/posts"}],"about":[{"href":"https:\/\/www.merjamakisalo.fi\/index.php?rest_route=\/wp\/v2\/types\/post"}],"author":[{"embeddable":true,"href":"https:\/\/www.merjamakisalo.fi\/index.php?rest_route=\/wp\/v2\/users\/1"}],"replies":[{"embeddable":true,"href":"https:\/\/www.merjamakisalo.fi\/index.php?rest_route=%2Fwp%2Fv2%2Fcomments&post=3258"}],"version-history":[{"count":1,"href":"https:\/\/www.merjamakisalo.fi\/index.php?rest_route=\/wp\/v2\/posts\/3258\/revisions"}],"predecessor-version":[{"id":3259,"href":"https:\/\/www.merjamakisalo.fi\/index.php?rest_route=\/wp\/v2\/posts\/3258\/revisions\/3259"}],"wp:attachment":[{"href":"https:\/\/www.merjamakisalo.fi\/index.php?rest_route=%2Fwp%2Fv2%2Fmedia&parent=3258"}],"wp:term":[{"taxonomy":"category","embeddable":true,"href":"https:\/\/www.merjamakisalo.fi\/index.php?rest_route=%2Fwp%2Fv2%2Fcategories&post=3258"},{"taxonomy":"post_tag","embeddable":true,"href":"https:\/\/www.merjamakisalo.fi\/index.php?rest_route=%2Fwp%2Fv2%2Ftags&post=3258"}],"curies":[{"name":"wp","href":"https:\/\/api.w.org\/{rel}","templated":true}]}}