{"id":3236,"date":"2023-01-19T13:21:30","date_gmt":"2023-01-19T11:21:30","guid":{"rendered":"https:\/\/www.merjamakisalo.fi\/?p=3236"},"modified":"2023-01-19T13:21:30","modified_gmt":"2023-01-19T11:21:30","slug":"oikeus-oikeudenmukaiseen-palkkaukseen-varmistettava-lainsaadannolla","status":"publish","type":"post","link":"https:\/\/www.merjamakisalo.fi\/?p=3236","title":{"rendered":"Oikeus oikeudenmukaiseen palkkaukseen varmistettava lains\u00e4\u00e4d\u00e4nn\u00f6ll\u00e4"},"content":{"rendered":"<p>Viime viikon torstaina (12.1.2023) oli l\u00e4hetekeskustelussa SDP:n vaasalaisen kansanedustajan Kim Bergin lakialoite rikoslain muuttamisesta, jossa ehdotetaan alipalkkauksen kriminalisointia. T\u00e4m\u00e4 on ehdottomasti kannatettava aloite. Alipalkkauksen kriminalisoinnilla on laaja kansan tuki ja my\u00f6s suurin osa yritt\u00e4jist\u00e4 pit\u00e4\u00e4 kriminalisointia tarpeellisena. Alipalkkaukseen puuttumisen tunnistetaan edist\u00e4v\u00e4n my\u00f6s reilua kilpailua ja olevan elinkeinoel\u00e4m\u00e4n etu. Kuten lakialoitteessa todetaan, hyv\u00e4ksik\u00e4yt\u00f6n uhreina ovat usein ulkomaalaiset ty\u00f6ntekij\u00e4t, mutta my\u00f6s nuorille ja vammaisille ty\u00f6ntekij\u00f6ille j\u00e4tet\u00e4\u00e4n maksamatta pakollisia palkanlisi\u00e4 tai peruspalkkaa maksetaan liian v\u00e4h\u00e4n.<\/p>\n<p>Kehitysvammaisten kohdalla tulee esille my\u00f6s toisenlaista, vakavaa alipalkkausongelmaa. T\u00e4ll\u00e4 hetkell\u00e4 Suomessa on yli 2 000 kehitysvammaista, jotka ty\u00f6skentelev\u00e4t niin sanotussa avoty\u00f6toiminnassa eli sosiaalihuollon palveluissa tavallisilla ty\u00f6paikoilla. Avoty\u00f6st\u00e4 ei siis saa palkkaa, vaan sosiaalitoimi maksaa kehitysvammaiselle verottomana avustuksena korkeintaan 12 euroa p\u00e4iv\u00e4ss\u00e4. He eiv\u00e4t my\u00f6sk\u00e4\u00e4n ole ty\u00f6suhteessa, eli heill\u00e4 ei ole ty\u00f6suhteeseen perustuvaa turvaa ja oikeuksia. Suurin osa n\u00e4ist\u00e4 kehitysvammaisista kuitenkin tekee ihan tavallisia ty\u00f6teht\u00e4vi\u00e4 ihan tavallisissa ty\u00f6paikoissa.<\/p>\n<p>T\u00e4m\u00e4 v\u00e4\u00e4rink\u00e4ytt\u00f6 voitaisiin est\u00e4\u00e4 ottamalla k\u00e4ytt\u00f6\u00f6n niin sanottu ty\u00f6kyvytt\u00f6myysel\u00e4kkeen lineaarinen malli, jossa kehitysvammaisen el\u00e4ke pienenisi v\u00e4hitellen palkkatulon kohotessa. T\u00e4ll\u00e4 hetkell\u00e4 el\u00e4ke leikkautuu kokonaan pois, jos palkkatulo on enemm\u00e4n kuin 922,42 \u20ac kuukaudessa\u00a0<a href=\"https:\/\/www.kela.fi\/tyokyvyttomyyselake-ja-kuntoutustuki-tyonteko-elakkeella\">(joitain poikkeuksia lukuun ottamatta<\/a>). Lineaarisen malli varmistaisi riitt\u00e4v\u00e4n toimeentulon ty\u00f6- ja el\u00e4m\u00e4ntilanteen vaihdellessa.<\/p>\n<p>Lineaarisen mallin kolmikantainen valmistelu sis\u00e4ltyi nykyisen hallituksen ohjelmaan, mutta valmisteleva ty\u00f6ryhm\u00e4 ei p\u00e4\u00e4ssyt sen toteutuksesta riitt\u00e4v\u00e4\u00e4n yhteisymm\u00e4rrykseen. T\u00e4rke\u00e4t\u00e4 olisi kuitenkin t\u00e4ss\u00e4 asiassa menn\u00e4 eteenp\u00e4in, koska my\u00f6s kehitysvammaisilla on oikeus saada ty\u00f6st\u00e4\u00e4n palkkaa ja lineaarisen mallin toteuttaminen olisi t\u00e4rke\u00e4\u00e4 vammaisten ty\u00f6llisyyden kannalta.<\/p>\n<p>Hallitus on kautensa aikana saanut my\u00f6s hyv\u00e4\u00e4 aikaan vammaisten henkil\u00f6iden ty\u00f6llistymisen edist\u00e4miseksi. Keskeinen uudistus oli t\u00e4ysin valtion omistuksessa olevan Ty\u00f6kanava Oy:n perustaminen. Sen teht\u00e4v\u00e4n\u00e4 on edist\u00e4\u00e4 kaikkein vaikeimmassa asemassa olevien osaty\u00f6kykyisten henkil\u00f6iden ty\u00f6llistymist\u00e4. Yritys aloitti toimintansa viime vuoden hein\u00e4kuussa ja sen tavoitteena on toiminnan vakiinnuttua ty\u00f6llist\u00e4\u00e4 noin tuhat henkil\u00f6\u00e4. T\u00e4m\u00e4 helpottaa my\u00f6s kehitysvammaisten p\u00e4\u00e4semist\u00e4 tavalliseen palkkaty\u00f6h\u00f6n avoimille ty\u00f6markkinoille, mutta edelleen kehitysvammaisia on paljon perusteettomasti avoty\u00f6toiminnassa. Yhti\u00f6n toiminta perustuu eduskunnan hyv\u00e4ksym\u00e4\u00e4n lakiin Ty\u00f6kanava Oy -nimisest\u00e4 osakeyhti\u00f6st\u00e4 (<a href=\"https:\/\/www.finlex.fi\/fi\/laki\/alkup\/2022\/20220242\">242\/2022<\/a>).<\/p>\n<p>Lopuksi en voi olla mainitsematta my\u00f6s asennemuutoksen tarvetta. Ty\u00f6nantajien asenteet ja tiet\u00e4m\u00e4tt\u00f6myys voivat olla my\u00f6s merkitt\u00e4v\u00e4n\u00e4 esteen\u00e4 vammaisten ty\u00f6llistymismahdollisuuksille. On t\u00e4rke\u00e4\u00e4 n\u00e4hd\u00e4, ett\u00e4 ihmisell\u00e4 vammaisuudesta huolimatta on erilaista taitoa, osaamista ja kykyj\u00e4 tehd\u00e4 ty\u00f6t\u00e4, kunhan ty\u00f6teht\u00e4v\u00e4t ja -olosuhteet ovat oikeanlaiset.<\/p>\n<p>On t\u00e4rke\u00e4\u00e4, ett\u00e4 ty\u00f6el\u00e4m\u00e4mme on reilu kaikille ja ett\u00e4 kaikki p\u00e4\u00e4sev\u00e4t haluamallaan tavalla osalliseksi yhteiskuntaan my\u00f6s ty\u00f6n kautta ja saavat siit\u00e4 ansaitsemansa riitt\u00e4v\u00e4n korvauksen. Alipalkkauksen kriminalisointi ja vammaisten ty\u00f6llisyyden edist\u00e4minen ovat t\u00e4rkeit\u00e4 askelia kohti entist\u00e4 parempaa ty\u00f6el\u00e4m\u00e4\u00e4.<\/p>\n","protected":false},"excerpt":{"rendered":"<p>Viime viikon torstaina (12.1.2023) oli l\u00e4hetekeskustelussa SDP:n vaasalaisen kansanedustajan Kim Bergin lakialoite rikoslain muuttamisesta, jossa ehdotetaan alipalkkauksen kriminalisointia. T\u00e4m\u00e4 on ehdottomasti kannatettava aloite. Alipalkkauksen kriminalisoinnilla on laaja kansan tuki ja my\u00f6s suurin osa yritt\u00e4jist\u00e4 pit\u00e4\u00e4 kriminalisointia tarpeellisena. Alipalkkaukseen puuttumisen tunnistetaan edist\u00e4v\u00e4n my\u00f6s reilua kilpailua ja olevan elinkeinoel\u00e4m\u00e4n etu. Kuten lakialoitteessa todetaan, hyv\u00e4ksik\u00e4yt\u00f6n uhreina ovat usein<\/p>\n","protected":false},"author":1,"featured_media":0,"comment_status":"open","ping_status":"open","sticky":false,"template":"","format":"standard","meta":{"_acf_changed":false,"footnotes":""},"categories":[3],"tags":[122,120,121,116,117],"class_list":["post-3236","post","type-post","status-publish","format-standard","hentry","category-blogilta","tag-palkkaus","tag-tyoelama","tag-tyomarkkinat","tag-vammaiset","tag-yhdenvertaisuus"],"acf":[],"_links":{"self":[{"href":"https:\/\/www.merjamakisalo.fi\/index.php?rest_route=\/wp\/v2\/posts\/3236","targetHints":{"allow":["GET"]}}],"collection":[{"href":"https:\/\/www.merjamakisalo.fi\/index.php?rest_route=\/wp\/v2\/posts"}],"about":[{"href":"https:\/\/www.merjamakisalo.fi\/index.php?rest_route=\/wp\/v2\/types\/post"}],"author":[{"embeddable":true,"href":"https:\/\/www.merjamakisalo.fi\/index.php?rest_route=\/wp\/v2\/users\/1"}],"replies":[{"embeddable":true,"href":"https:\/\/www.merjamakisalo.fi\/index.php?rest_route=%2Fwp%2Fv2%2Fcomments&post=3236"}],"version-history":[{"count":1,"href":"https:\/\/www.merjamakisalo.fi\/index.php?rest_route=\/wp\/v2\/posts\/3236\/revisions"}],"predecessor-version":[{"id":3237,"href":"https:\/\/www.merjamakisalo.fi\/index.php?rest_route=\/wp\/v2\/posts\/3236\/revisions\/3237"}],"wp:attachment":[{"href":"https:\/\/www.merjamakisalo.fi\/index.php?rest_route=%2Fwp%2Fv2%2Fmedia&parent=3236"}],"wp:term":[{"taxonomy":"category","embeddable":true,"href":"https:\/\/www.merjamakisalo.fi\/index.php?rest_route=%2Fwp%2Fv2%2Fcategories&post=3236"},{"taxonomy":"post_tag","embeddable":true,"href":"https:\/\/www.merjamakisalo.fi\/index.php?rest_route=%2Fwp%2Fv2%2Ftags&post=3236"}],"curies":[{"name":"wp","href":"https:\/\/api.w.org\/{rel}","templated":true}]}}