{"id":3221,"date":"2022-12-15T13:55:05","date_gmt":"2022-12-15T11:55:05","guid":{"rendered":"https:\/\/www.merjamakisalo.fi\/?p=3221"},"modified":"2022-12-15T13:55:05","modified_gmt":"2022-12-15T11:55:05","slug":"palkkatukiuudistus-pohdittava-uudestaan","status":"publish","type":"post","link":"https:\/\/www.merjamakisalo.fi\/?p=3221","title":{"rendered":"Palkkatukiuudistus pohdittava uudestaan"},"content":{"rendered":"<p>Pari viikkoa sitten uutisoitiin palkkatukia uudistavan ty\u00f6voima- ja yrityspalvelulain eduskuntak\u00e4sittely viiv\u00e4styv\u00e4n todenn\u00e4k\u00f6isesti ensi vuoden puolelle, vaikka lain piti alun perin tulla jo vuoden vaihteessa voimaan. Esitys on osa julkista taloutta vahvistavia ty\u00f6llisyystoimia ja s\u00e4\u00e4st\u00f6j\u00e4 on laskettu saatavan 10 miljoonaa euroa. Lakiuudistuksen joitakin muutoksia on my\u00f6s perusteltu Euroopan unionin s\u00e4\u00e4d\u00f6ksill\u00e4. Esitys muun muassa rajoittaa merkitt\u00e4v\u00e4sti sataprosenttisen palkkatuen k\u00e4ytt\u00f6\u00e4, lis\u00e4\u00e4m\u00e4ll\u00e4 kauppavaikutusten arvioinnin.<\/p>\n<p>Monet j\u00e4rjest\u00f6t, kuten sosiaali- ja terveysalan j\u00e4rjest\u00f6j\u00e4 edustava Soste, ovat kritisoineet vahvasti uudistusta ja aivan syyst\u00e4. Sataprosenttisen palkkatuen rajaaminen vaikuttaisi merkitt\u00e4v\u00e4sti moniin j\u00e4rjest\u00f6ihin, jotka ty\u00f6llist\u00e4v\u00e4t erityisesti avoimilla markkinoilla kaikista heikoimmassa asemassa olevia. Erityisesti rajaus osuisi kierr\u00e4tyskeskuksiin, jotka my\u00f6s edist\u00e4v\u00e4t kiertotaloutta ja kierr\u00e4tt\u00e4mist\u00e4.<\/p>\n<p>Ty\u00f6- ja elinkeinoministeri\u00f6 perustelee rajausta Euroopan unionin s\u00e4\u00e4ntelyll\u00e4. Sataprosenttisen palkkatuen voidaan heid\u00e4n mukaansa katsoa vaikuttavan maiden v\u00e4liseen kauppaan. T\u00e4lle arviolle ei ole kuitenkaan miss\u00e4\u00e4n kohtaa tuotu esiin selkeit\u00e4 perusteluita. Vaikea n\u00e4hd\u00e4, ett\u00e4 kierr\u00e4tyskeskukset erityisesti haittaisivat esimerkiksi suurten kansainv\u00e4listen vaatekauppojen mahdollisuuksia k\u00e4yd\u00e4 Suomessa kauppaa. Jos tuen ei t\u00e4h\u00e4n asti ole n\u00e4hty liikaa v\u00e4\u00e4rist\u00e4v\u00e4n kilpailua, niin miten sen voidaan yht\u00e4kki\u00e4 katsoa vaikuttavan liikaa rajat ylitt\u00e4v\u00e4\u00e4n kilpailuun ja kauppaan. Ty\u00f6- ja elinkeinoministeri\u00f6n arvioita EU-s\u00e4\u00e4ntelyn vaikutuksista tulisi siis viel\u00e4 tarkastella eduskunnassa uudestaan.<\/p>\n<p>Mielest\u00e4ni olisi eritt\u00e4in t\u00e4rke\u00e4\u00e4 pohtia uudistuksen kohdalla perusteellisemmin my\u00f6s sen aiheuttamia vaihtoehtoiskustannuksia. My\u00f6nnett\u00e4k\u00f6\u00f6n, ett\u00e4 arviointi on vaikeaa, mutta uskon kokonaisuudessa uudistuksen aiheuttavan jopa lis\u00e4kustannuksia erityisesti pidemm\u00e4ll\u00e4 aikav\u00e4lill\u00e4. J\u00e4rjest\u00f6jen mukaan uudistuksen toteutuessa se johtaisi muun muassa kierr\u00e4tyskeskusten toiminnan muuttumiseen merkitt\u00e4v\u00e4sti nykyisest\u00e4.<\/p>\n<p>Uudistus v\u00e4hent\u00e4isi merkitt\u00e4v\u00e4sti erityisesti vaikeasti ty\u00f6llistyvi\u00e4 auttavia ty\u00f6paikkoja j\u00e4rjest\u00f6iss\u00e4. Vaarana on my\u00f6s, ett\u00e4 monet pitk\u00e4aikaisty\u00f6tt\u00f6m\u00e4t j\u00e4\u00e4v\u00e4t vaille tarvitsemaansa tukea ja siten syrj\u00e4ytyminen ty\u00f6markkinoilta lis\u00e4\u00e4ntyy. T\u00e4m\u00e4 on t\u00e4ysin t\u00e4m\u00e4n hallituskauden, ja kyseisen esityksenkin, tavoitteiden vastaista. Kun mietit\u00e4\u00e4n, millaiset kustannukset kasvava sosiaaliturvan ja palveluiden tarve yksin voi aiheuttaa julkiselle taloudelle, voidaan tulla nopeastikin jo 10 miljoonan euron ylitt\u00e4viin lukuihin.<\/p>\n<p>Lis\u00e4ksi t\u00e4m\u00e4 vaikeuttaisi muun muassa kiertotalouden edist\u00e4mist\u00e4 ja kierr\u00e4tt\u00e4mist\u00e4. N\u00e4it\u00e4 vaikutuksia esityksess\u00e4 ei ole arvioitu. On my\u00f6s eritt\u00e4in t\u00e4rke\u00e4\u00e4 huomioida, ett\u00e4 kierr\u00e4tyskeskuksista hy\u00f6tyv\u00e4t monet pienituloiset my\u00f6s edullisten tuotteiden muodossa.<\/p>\n<p>Toivon siis todella, ettei lakiesitys toteudu t\u00e4llaisenaan, sill\u00e4 toteutuessaan edellytykset sataprosenttiseen palkkatukeen rajoittuisivat merkitt\u00e4v\u00e4sti ja moni toimija joutuisi lopettamaan toimintansa. Jos uudistus k\u00e4yt\u00e4nn\u00f6ss\u00e4 johtaa siihen, ett\u00e4 vaikeimmassa asemassa olevien ty\u00f6llistymisen tueksi tapahtuvaa toimintaa loppuu paljon t\u00e4st\u00e4 maasta, tai esimerkiksi tavaroiden kierr\u00e4tt\u00e4minen ja kiertotalouden edist\u00e4minen vaikeutuu, saattavat kustannukset lopulta olla syntyvi\u00e4 s\u00e4\u00e4st\u00f6j\u00e4 merkitt\u00e4v\u00e4mm\u00e4t.<\/p>\n","protected":false},"excerpt":{"rendered":"<p>Pari viikkoa sitten uutisoitiin palkkatukia uudistavan ty\u00f6voima- ja yrityspalvelulain eduskuntak\u00e4sittely viiv\u00e4styv\u00e4n todenn\u00e4k\u00f6isesti ensi vuoden puolelle, vaikka lain piti alun perin tulla jo vuoden vaihteessa voimaan. Esitys on osa julkista taloutta vahvistavia ty\u00f6llisyystoimia ja s\u00e4\u00e4st\u00f6j\u00e4 on laskettu saatavan 10 miljoonaa euroa. Lakiuudistuksen joitakin muutoksia on my\u00f6s perusteltu Euroopan unionin s\u00e4\u00e4d\u00f6ksill\u00e4. Esitys muun muassa rajoittaa merkitt\u00e4v\u00e4sti sataprosenttisen<\/p>\n","protected":false},"author":1,"featured_media":0,"comment_status":"open","ping_status":"open","sticky":false,"template":"","format":"standard","meta":{"_acf_changed":false,"footnotes":""},"categories":[3],"tags":[],"class_list":["post-3221","post","type-post","status-publish","format-standard","hentry","category-blogilta"],"acf":[],"_links":{"self":[{"href":"https:\/\/www.merjamakisalo.fi\/index.php?rest_route=\/wp\/v2\/posts\/3221","targetHints":{"allow":["GET"]}}],"collection":[{"href":"https:\/\/www.merjamakisalo.fi\/index.php?rest_route=\/wp\/v2\/posts"}],"about":[{"href":"https:\/\/www.merjamakisalo.fi\/index.php?rest_route=\/wp\/v2\/types\/post"}],"author":[{"embeddable":true,"href":"https:\/\/www.merjamakisalo.fi\/index.php?rest_route=\/wp\/v2\/users\/1"}],"replies":[{"embeddable":true,"href":"https:\/\/www.merjamakisalo.fi\/index.php?rest_route=%2Fwp%2Fv2%2Fcomments&post=3221"}],"version-history":[{"count":1,"href":"https:\/\/www.merjamakisalo.fi\/index.php?rest_route=\/wp\/v2\/posts\/3221\/revisions"}],"predecessor-version":[{"id":3222,"href":"https:\/\/www.merjamakisalo.fi\/index.php?rest_route=\/wp\/v2\/posts\/3221\/revisions\/3222"}],"wp:attachment":[{"href":"https:\/\/www.merjamakisalo.fi\/index.php?rest_route=%2Fwp%2Fv2%2Fmedia&parent=3221"}],"wp:term":[{"taxonomy":"category","embeddable":true,"href":"https:\/\/www.merjamakisalo.fi\/index.php?rest_route=%2Fwp%2Fv2%2Fcategories&post=3221"},{"taxonomy":"post_tag","embeddable":true,"href":"https:\/\/www.merjamakisalo.fi\/index.php?rest_route=%2Fwp%2Fv2%2Ftags&post=3221"}],"curies":[{"name":"wp","href":"https:\/\/api.w.org\/{rel}","templated":true}]}}