{"id":3183,"date":"2022-11-09T13:52:09","date_gmt":"2022-11-09T11:52:09","guid":{"rendered":"https:\/\/www.merjamakisalo.fi\/?p=3183"},"modified":"2022-11-09T13:52:09","modified_gmt":"2022-11-09T11:52:09","slug":"sosiaali-ja-terveydenhuollon-kirjaamisessa-tarvitaan-eettista-ja-juridista-osaamista","status":"publish","type":"post","link":"https:\/\/www.merjamakisalo.fi\/?p=3183","title":{"rendered":"Sosiaali- ja terveydenhuollon kirjaamisessa tarvitaan eettist\u00e4 ja juridista osaamista"},"content":{"rendered":"<div class=\"article-excerpt\">\n<p>Eduskuntaan tuli tiistaina 8.11. k\u00e4sittelyyn hallituksen esitys sosiaali- ja terveydenhuollon asiakastietojen k\u00e4sittelyst\u00e4 sek\u00e4 siihen liittyviksi laeiksi. Sosiaali- ja terveydenhuollon asiakastietojen k\u00e4sittely\u00e4 koskevaa s\u00e4\u00e4ntely\u00e4 on tarkoitus selkeytt\u00e4\u00e4 ja yhten\u00e4ist\u00e4\u00e4. SDP:n kansanedustajan ja eduskunnan vammaisasiain yhteisty\u00f6ryhm\u00e4n puheenjohtajan Merja M\u00e4kisalo-Ropposen mukaan monissa tapauksissa t\u00e4m\u00e4 on tarpeellista, mutta h\u00e4nen mielest\u00e4\u00e4n esimerkiksi Vammaisfoorumin esitt\u00e4m\u00e4 huoli siit\u00e4, ettei lakiesityksess\u00e4 ole kiinnitetty huomiota vammaisten ihmisten asemaan ja oikeuksiin YK:n vammaissopimuksen edellytt\u00e4m\u00e4ll\u00e4 tavalla, on oikeutettu.<\/p>\n<\/div>\n<p>\u2013 Lakiehdotus on tehty \u201dterveydenhoito edell\u00e4\u201d ja unohdettu esimerkiksi vammaispalvelujen k\u00e4ytt\u00e4jien erilaiset tarpeet. Lakiesityksest\u00e4 olisi tullut t\u00e4st\u00e4 n\u00e4k\u00f6kulmasta parempi, jos sen laatimisen yhteydess\u00e4 olisi tehty vammaisvaikutusten arviointi. Lakiesityksess\u00e4 kyll\u00e4 korostetaan, ett\u00e4 henkil\u00f6tietojen on oltava asianmukaisia ja olennaisia sek\u00e4 rajoitettuja siihen, mik\u00e4 on tarpeellista niiden k\u00e4ytt\u00f6tarkoituksiin, pyrkien tietojen minimointiin. Lis\u00e4ksi tietojen on oltava t\u00e4sm\u00e4llisi\u00e4 ja tarvittaessa p\u00e4ivitettyj\u00e4, M\u00e4kisalo-Ropponen toteaa.<\/p>\n<p>Tietojen minimoinnin periaatteen mukaisesti henkil\u00f6tietojen tulee olla asianmukaisia ja olennaisia ja rajoitettuja siihen, mik\u00e4 on tarpeellista suhteessa niihin tarkoituksiin, joita varten niit\u00e4 k\u00e4sitell\u00e4\u00e4n. Henkil\u00f6tietoja ei saa ker\u00e4t\u00e4 tai k\u00e4sitell\u00e4 laajemmin kuin on v\u00e4ltt\u00e4m\u00e4t\u00f6nt\u00e4 k\u00e4ytt\u00f6tarkoituksen kannalta.<\/p>\n<p>\u2013 K\u00e4yt\u00e4nn\u00f6ss\u00e4 erityisesti haavoittuvassa asemassa olevien ihmisten el\u00e4m\u00e4st\u00e4 ker\u00e4t\u00e4\u00e4n ja kirjataan paljon my\u00f6s turhaa tietoa. Esimerkkein\u00e4 mainittakoon seuraavat vammaispalvelun kirjaukset: \u201dOli ollut \u00e4\u00e4nest\u00e4m\u00e4ss\u00e4\u201d, \u201dKertoo menev\u00e4ns\u00e4 katsomaan valoshown\u201d, \u201dEx-puoliso hakee kotiavaimen\u201d, mik\u00e4 muodostaa laittoman henkil\u00f6rekisterin, koska henkil\u00f6 tunnistettavissa, \u201dOttanut itse aamupalaa j\u00e4\u00e4kaapista\u201d. Voidaan oikeutetusti kysy\u00e4, mihin kukaan viranomainen tarvitsee t\u00e4llaisia tietoja. Lain toimeenpano edellytt\u00e4\u00e4kin nyt riitt\u00e4v\u00e4\u00e4 sosiaali- ja terveystoimen henkil\u00f6st\u00f6n kouluttamista, niin ett\u00e4 potilas- ja asiakastietojen kirjaamisessa voidaan v\u00e4ltty\u00e4 turhalta ja jopa ep\u00e4asiallisesta kirjaamiselta.<\/p>\n<p>Toivottavasti sosiaali- ja terveysvaliokunnassa katsotaan lakiesitys viel\u00e4 erityisen huolellisesti eettisen ja juridisen kirjaamisen n\u00e4k\u00f6kannalta. On my\u00f6s t\u00e4rke\u00e4\u00e4, ett\u00e4 perustuslakivaliokunta, joka antaa esityksest\u00e4 lausunnon, arvioi tarkasti esityst\u00e4 suhteessa yksityisel\u00e4m\u00e4n suojaan, M\u00e4kisalo-Ropponen toteaa.<\/p>\n","protected":false},"excerpt":{"rendered":"<p>Eduskuntaan tuli tiistaina 8.11. k\u00e4sittelyyn hallituksen esitys sosiaali- ja terveydenhuollon asiakastietojen k\u00e4sittelyst\u00e4 sek\u00e4 siihen liittyviksi laeiksi. Sosiaali- ja terveydenhuollon asiakastietojen k\u00e4sittely\u00e4 koskevaa s\u00e4\u00e4ntely\u00e4 on tarkoitus selkeytt\u00e4\u00e4 ja yhten\u00e4ist\u00e4\u00e4. SDP:n kansanedustajan ja eduskunnan vammaisasiain yhteisty\u00f6ryhm\u00e4n puheenjohtajan Merja M\u00e4kisalo-Ropposen mukaan monissa tapauksissa t\u00e4m\u00e4 on tarpeellista, mutta h\u00e4nen mielest\u00e4\u00e4n esimerkiksi Vammaisfoorumin esitt\u00e4m\u00e4 huoli siit\u00e4, ettei lakiesityksess\u00e4 ole kiinnitetty<\/p>\n","protected":false},"author":1,"featured_media":0,"comment_status":"open","ping_status":"open","sticky":false,"template":"","format":"standard","meta":{"_acf_changed":false,"footnotes":""},"categories":[14],"tags":[],"class_list":["post-3183","post","type-post","status-publish","format-standard","hentry","category-tiedotteet"],"acf":[],"_links":{"self":[{"href":"https:\/\/www.merjamakisalo.fi\/index.php?rest_route=\/wp\/v2\/posts\/3183","targetHints":{"allow":["GET"]}}],"collection":[{"href":"https:\/\/www.merjamakisalo.fi\/index.php?rest_route=\/wp\/v2\/posts"}],"about":[{"href":"https:\/\/www.merjamakisalo.fi\/index.php?rest_route=\/wp\/v2\/types\/post"}],"author":[{"embeddable":true,"href":"https:\/\/www.merjamakisalo.fi\/index.php?rest_route=\/wp\/v2\/users\/1"}],"replies":[{"embeddable":true,"href":"https:\/\/www.merjamakisalo.fi\/index.php?rest_route=%2Fwp%2Fv2%2Fcomments&post=3183"}],"version-history":[{"count":1,"href":"https:\/\/www.merjamakisalo.fi\/index.php?rest_route=\/wp\/v2\/posts\/3183\/revisions"}],"predecessor-version":[{"id":3184,"href":"https:\/\/www.merjamakisalo.fi\/index.php?rest_route=\/wp\/v2\/posts\/3183\/revisions\/3184"}],"wp:attachment":[{"href":"https:\/\/www.merjamakisalo.fi\/index.php?rest_route=%2Fwp%2Fv2%2Fmedia&parent=3183"}],"wp:term":[{"taxonomy":"category","embeddable":true,"href":"https:\/\/www.merjamakisalo.fi\/index.php?rest_route=%2Fwp%2Fv2%2Fcategories&post=3183"},{"taxonomy":"post_tag","embeddable":true,"href":"https:\/\/www.merjamakisalo.fi\/index.php?rest_route=%2Fwp%2Fv2%2Ftags&post=3183"}],"curies":[{"name":"wp","href":"https:\/\/api.w.org\/{rel}","templated":true}]}}