{"id":2999,"date":"2022-05-31T10:54:58","date_gmt":"2022-05-31T07:54:58","guid":{"rendered":"https:\/\/www.merjamakisalo.fi\/?p=2999"},"modified":"2022-05-31T10:55:46","modified_gmt":"2022-05-31T07:55:46","slug":"lasten-hyvinvoinnin-turvaaminen-on-meidan-kaikkien-asia","status":"publish","type":"post","link":"https:\/\/www.merjamakisalo.fi\/?p=2999","title":{"rendered":"Lasten hyvinvoinnin turvaaminen on meid\u00e4n kaikkien asia"},"content":{"rendered":"<p>Eduskunta keskusteli viime keskiviikkona sosiaali- ja terveysvaliokunnan mietinn\u00f6st\u00e4 Lapsiasianvaltuutetun kertomuksesta. Siin\u00e4 nostetaan keskeisiksi huoliksi korona-ajan vaikutus lapsiin, mielenterveyden ongelmat, lastensuojelun pitkittynyt ja kriisiytynyt tilanne sek\u00e4 koulutuksen resurssien riitt\u00e4m\u00e4tt\u00f6myys.<\/p>\n<p>Kriisin kielteiset vaikutukset kohdistuvat erityisesti niihin lapsiin, nuoriin ja perheisiin, jotka ovat jo ennest\u00e4\u00e4n olleet heikommassa asemassa. V\u00e4h\u00e4varaisissa perheiss\u00e4 el\u00e4v\u00e4t lapset, vammaiset lapset, lastensuojelun tai muun erityispalvelujen piiriss\u00e4 olevat lapset tai v\u00e4hemmist\u00f6ryhmiin kuuluvat lapset ovat k\u00e4rsineet pandemian seurauksista eniten.<\/p>\n<p>Koronapandemia on entist\u00e4kin voimakkaammin korostanut my\u00f6s tarvetta laadukkaille ja riitt\u00e4ville koulutusresursseille. Koko ajan kasvava tutkimusn\u00e4ytt\u00f6 osoittaa jo varsin vakuuttavasti, ett\u00e4 sek\u00e4 pandemialla ett\u00e4 koulujen sulkemisilla on ollut merkitt\u00e4v\u00e4 negatiivinen vaikutus lasten oppimistuloksiin, kehitykseen ja hyvinvointiin.\u00a0Vahinkojen korjaaminen vaatiikin merkitt\u00e4vi\u00e4 lis\u00e4panostuksia varhaiskasvatukseen ja opetukseen.<\/p>\n<p>Kev\u00e4\u00e4st\u00e4 2020 asti kasvatusalan ammattilaiset viestittiv\u00e4t opetuksesta j\u00e4lkeenj\u00e4\u00e4vist\u00e4 tai kokonaan pois putoavista lapsista, poliisit lis\u00e4\u00e4ntyvist\u00e4 kotih\u00e4lytyksist\u00e4, lastensuojelun sosiaality\u00f6ntekij\u00e4t uupuvista perheist\u00e4 ja terveydenhuollon ammattilaiset v\u00e4liin j\u00e4\u00e4neist\u00e4 neuvola- ja kouluterveydenhuollon k\u00e4ynneist\u00e4.<\/p>\n<p>Samoin perheiss\u00e4, joissa vanhemmat eiv\u00e4t pystyneet tukemaan et\u00e4opetuksessa, lapset j\u00e4iv\u00e4t eriarvoiseen asemaan. Erityist\u00e4 tukea tarvitsevien lasten perheet kokivat palvelujen alasajon erityisen raskaana. Voikin perustellusti todeta, ett\u00e4 pandemia syvensi lasten v\u00e4list\u00e4 eriarvoisuutta eik\u00e4 yhteiskunta pystynyt t\u00e4t\u00e4 kehityst\u00e4 est\u00e4m\u00e4\u00e4n.<\/p>\n<p>&nbsp;<\/p>\n<p><strong>Lapsistrategia vahvistaa yhdenvertaisten oikeuksien toteutumista<\/strong><\/p>\n<p>Lapsiasiavaltuutetun kertomuksessa viitataan my\u00f6s lapsistrategiaan, jonka visiona on Kaikkien lasten Suomi. Visio on hyv\u00e4, sill\u00e4 kaikilla lapsilla tulee olla yht\u00e4l\u00e4iset mahdollisuudet olla lapsia ja oppia. Lasten yhdenvertaisuuden toteutuminen on aikuisten toiminnan tulosta, mik\u00e4 korostuu etenkin haavoittuvassa asemassa olevien lasten kohdalla.<\/p>\n<p>T\u00e4ll\u00e4 hetkell\u00e4 ne lapset, jotka ovat muita haavoittuvammassa asemassa, kuten esimerkiksi vammaiset, sairaat, lastensuojelun asiakkaat tai rikoksen uhrit, eiv\u00e4t aina saa tarvitsemaansa tukea. Lapsille tarkoitetut palvelut eiv\u00e4t aina ole johdonmukaisesti ja kattavasti saatavilla, ja palvelujen saavuttaminen voi tosiasiassa edellytt\u00e4\u00e4 voimavaroja, joita kaikilla perheill\u00e4 ei ole.<\/p>\n<p>Lapsen olosuhteissa voi olla yht\u00e4 aikaa monia eri seikkoja, jotka lis\u00e4\u00e4v\u00e4t eri tavoin h\u00e4nen asemansa haavoittuvuutta. T\u00e4m\u00e4 haastaa viranomaisia ja muita toimijoita herkk\u00e4\u00e4n lapsen edun punnintaan, moniammatilliseen yhteisty\u00f6h\u00f6n ja palvelujen saavutettavuuden lis\u00e4\u00e4miseen.<\/p>\n<p>&nbsp;<\/p>\n<p><strong>Hallitus panostaa lasten ja nuorten tukeen <\/strong><\/p>\n<p>T\u00e4t\u00e4 taustaa vasten onkin \u00e4\u00e4rimm\u00e4isen t\u00e4rke\u00e4\u00e4, ett\u00e4 hallitus p\u00e4\u00e4tti vuoden toisessa lis\u00e4talousarviossaan laajasta paketista lasten ja nuorten tukemiseksi. Nyt on keskeist\u00e4 voida laajasti tarjoa tukea ja apua nuorille, jotka ovat koronapandemian ja sen vuoksi k\u00e4ytt\u00f6\u00f6notettujen varotoimenpiteiden vuoksi vaarassa j\u00e4\u00e4d\u00e4 syrj\u00e4\u00e4n.<\/p>\n<p>Lasten ja nuorten paketissa hallitus suuntaan rahoitusta yhteens\u00e4 120 miljoonaa euroa. Paketilla vahvistetaan esi- ja perusopetusta sek\u00e4 lukio- ett\u00e4 ammatillista koulutusta. M\u00e4\u00e4r\u00e4rahoja suunnataan my\u00f6s oppilaitoksissa tapahtuvaan nuorisoty\u00f6h\u00f6n ja harrastamisen Suomen malliin. \u00a0Lis\u00e4ksi lasten ja nuorten mielenterveyspalveluiden saatavuutta parannetaan.<\/p>\n<p>Yhdess\u00e4 n\u00e4m\u00e4 panostukset tukevat lasten ja nuorten turvallisen arjen rakentamista ja antavat oppilaitoksille valmiuksia tarvittavien tukitoimien j\u00e4rjest\u00e4miseen.<\/p>\n<p>&nbsp;<\/p>\n<p><strong>Lasten ja nuorten tukeminen on investointi tulevaisuuteen <\/strong><\/p>\n<p>Yhteiskunnan my\u00f6nteisen kehittymisen kannalta lasten ja nuorten auttaminen selviytym\u00e4\u00e4n kriisist\u00e4 on oleellisen t\u00e4rke\u00e4\u00e4. 1990-luvun alun laman hoito ep\u00e4onnistui ja sen seurauksena monen silloin lapsuuttaan ja nuoruuttaan viett\u00e4neen el\u00e4m\u00e4\u00e4n tuli toivottomuus, joka n\u00e4kyi monin eri tavoin yhteiskunnassa useita vuosikymmeni\u00e4 \u2013 ja osittain jopa edelleen.<\/p>\n<p>Onkin t\u00e4rke\u00e4\u00e4, ettei n\u00e4it\u00e4 virheit\u00e4 toisteta. Lapsissa ja nuorissa on koko yhteiskunnan toivo ja tulevaisuus. Meill\u00e4 ei ole varaa menett\u00e4\u00e4 yht\u00e4\u00e4n t\u00e4st\u00e4 tulevaisuuden potentiaalista. Jos emme onnistu tekem\u00e4\u00e4n toimia, joissa n\u00e4m\u00e4 lapset ja nuoret on erityisesti huomioitu,\u00a0kielteiset seuraukset voivat olla pitk\u00e4kestoiset heid\u00e4n el\u00e4m\u00e4ss\u00e4\u00e4n.<\/p>\n<p>&nbsp;<\/p>\n<p>-Merja M\u00e4kisalo-Ropponen<\/p>\n<p>kansanedustaja (sd)<\/p>\n<p>&nbsp;<\/p>\n<p>&nbsp;<\/p>\n<p>Julkaistu Savon Sanomien blogissa 31.5.2022.<\/p>\n","protected":false},"excerpt":{"rendered":"<p>Eduskunta keskusteli viime keskiviikkona sosiaali- ja terveysvaliokunnan mietinn\u00f6st\u00e4 Lapsiasianvaltuutetun kertomuksesta. Siin\u00e4 nostetaan keskeisiksi huoliksi korona-ajan vaikutus lapsiin, mielenterveyden ongelmat, lastensuojelun pitkittynyt ja kriisiytynyt tilanne sek\u00e4 koulutuksen resurssien riitt\u00e4m\u00e4tt\u00f6myys. Kriisin kielteiset vaikutukset kohdistuvat erityisesti niihin lapsiin, nuoriin ja perheisiin, jotka ovat jo ennest\u00e4\u00e4n olleet heikommassa asemassa. V\u00e4h\u00e4varaisissa perheiss\u00e4 el\u00e4v\u00e4t lapset, vammaiset lapset, lastensuojelun tai muun erityispalvelujen<\/p>\n","protected":false},"author":1,"featured_media":0,"comment_status":"open","ping_status":"open","sticky":false,"template":"","format":"standard","meta":{"_acf_changed":false,"footnotes":""},"categories":[3],"tags":[],"class_list":["post-2999","post","type-post","status-publish","format-standard","hentry","category-blogilta"],"acf":[],"_links":{"self":[{"href":"https:\/\/www.merjamakisalo.fi\/index.php?rest_route=\/wp\/v2\/posts\/2999","targetHints":{"allow":["GET"]}}],"collection":[{"href":"https:\/\/www.merjamakisalo.fi\/index.php?rest_route=\/wp\/v2\/posts"}],"about":[{"href":"https:\/\/www.merjamakisalo.fi\/index.php?rest_route=\/wp\/v2\/types\/post"}],"author":[{"embeddable":true,"href":"https:\/\/www.merjamakisalo.fi\/index.php?rest_route=\/wp\/v2\/users\/1"}],"replies":[{"embeddable":true,"href":"https:\/\/www.merjamakisalo.fi\/index.php?rest_route=%2Fwp%2Fv2%2Fcomments&post=2999"}],"version-history":[{"count":3,"href":"https:\/\/www.merjamakisalo.fi\/index.php?rest_route=\/wp\/v2\/posts\/2999\/revisions"}],"predecessor-version":[{"id":3002,"href":"https:\/\/www.merjamakisalo.fi\/index.php?rest_route=\/wp\/v2\/posts\/2999\/revisions\/3002"}],"wp:attachment":[{"href":"https:\/\/www.merjamakisalo.fi\/index.php?rest_route=%2Fwp%2Fv2%2Fmedia&parent=2999"}],"wp:term":[{"taxonomy":"category","embeddable":true,"href":"https:\/\/www.merjamakisalo.fi\/index.php?rest_route=%2Fwp%2Fv2%2Fcategories&post=2999"},{"taxonomy":"post_tag","embeddable":true,"href":"https:\/\/www.merjamakisalo.fi\/index.php?rest_route=%2Fwp%2Fv2%2Ftags&post=2999"}],"curies":[{"name":"wp","href":"https:\/\/api.w.org\/{rel}","templated":true}]}}