{"id":2925,"date":"2022-04-01T08:46:07","date_gmt":"2022-04-01T05:46:07","guid":{"rendered":"https:\/\/www.merjamakisalo.fi\/?p=2925"},"modified":"2022-04-01T08:46:07","modified_gmt":"2022-04-01T05:46:07","slug":"rasismilla-ei-tule-olla-sijaa-suomessa","status":"publish","type":"post","link":"https:\/\/www.merjamakisalo.fi\/?p=2925","title":{"rendered":"Rasismilla ei tule olla sijaa Suomessa"},"content":{"rendered":"<p>Putinin hallinnon aloittama hy\u00f6kk\u00e4yssota Ukrainassa on t\u00e4ysin tuomittava. Hy\u00f6kk\u00e4ys on ihmishenkien menetyksen lis\u00e4ksi aiheuttanut valtaisan humanitaarisen katastrofin ja ajanut miljoonat ihmiset pakolaisiksi, niin kotimaassaan kuin my\u00f6s eri puolille Eurooppaa. Nyt on teht\u00e4v\u00e4 kansainv\u00e4lisess\u00e4 yhteisty\u00f6ss\u00e4 kaikki voitava, ett\u00e4 verenvuodatus ja sotatoimet saadaan p\u00e4\u00e4ttym\u00e4\u00e4n.<\/p>\n<p>Tilanne on my\u00f6s kanavoitunut valtaisaksi auttamishaluksi niin meill\u00e4 kuin laajemmin maailmalla. Valtioiden sek\u00e4 rahallisen ett\u00e4 materiaalisen tuen lis\u00e4ksi lukuiset j\u00e4rjest\u00f6t, yritykset ja yksitt\u00e4iset ihmiset ovat halunneet auttaa h\u00e4d\u00e4ss\u00e4 olevia ukrainalaisia ja organisoineet ker\u00e4yksi\u00e4 sek\u00e4 lahjoittaneet niin rahaa kuin esimerkiksi vaatteita ja muita tarpeellisia tavaroita sotaa pakoon joutuneille.<\/p>\n<p>Samalla ik\u00e4v\u00e4 kyll\u00e4 my\u00f6s negatiiviset tunteet ovat kasvaneet, mik\u00e4 on n\u00e4kynyt siin\u00e4, ett\u00e4 paikoin Suomessa asuvat ven\u00e4l\u00e4iset tai ven\u00e4l\u00e4istaustaiset ovat joutuneet rasistisen ja asiattoman kohtelun uhreiksi. T\u00e4t\u00e4 on tapahtunut niin kasvotusten, mutta erityisesti netiss\u00e4 ja sosiaalisen median palveluissa.<\/p>\n<p>Sota Ukrainassa on kauhea asia, mutta se ei ole Suomessa asuvien ven\u00e4l\u00e4isten vika. On eritt\u00e4in ymm\u00e4rrett\u00e4v\u00e4\u00e4, ett\u00e4 reagoimme helposti tunteella, kun katsomme ukrainalaisten k\u00e4rsimyksi\u00e4, mutta nyt pit\u00e4\u00e4 ottaa my\u00f6s j\u00e4rki tunteen rinnalle.<\/p>\n<p>Tilastokeskuksen mukaan Suomessa ven\u00e4j\u00e4\u00e4 \u00e4idinkielen\u00e4\u00e4n puhui vuonna 2020 yli 84\u2009000 ihmist\u00e4. Heist\u00e4 moni asuu It\u00e4-Suomessa ja monet ovat olleet maassa jo vuosia. Heill\u00e4 ei ole mit\u00e4\u00e4n tekemist\u00e4 Ven\u00e4j\u00e4n nykyjohdon, saati sitten sodan, kanssa.<\/p>\n<p>T\u00e4m\u00e4 on Putinin sota &#8211; ei t\u00e4\u00e4ll\u00e4 asuvien ven\u00e4l\u00e4isten sota. Kukaan ei ole syyllinen Ukrainan tilanteeseen pelk\u00e4st\u00e4\u00e4n syntyper\u00e4ns\u00e4 tai kielens\u00e4 vuoksi. T\u00e4m\u00e4 on hyv\u00e4 meid\u00e4n kaikkien pit\u00e4\u00e4 mieless\u00e4. Siksi onkin ollut erityisen ik\u00e4v\u00e4\u00e4 kuulla, ett\u00e4 kiusaamista on ty\u00f6paikoilla ja jopa kouluissa. T\u00e4m\u00e4 on saatava kerta kaikkiaan loppumaan.<\/p>\n<p>Viime viikolla Suomessa vietettiin my\u00f6s rasismin vastaista viikkoa teemalla: \u201dTunnista, tiedosta, toimi.\u201d On t\u00e4rke\u00e4\u00e4 tunnistaa rasismi arjessa, tiedostaa omat ennakkoluulot ja oppia lis\u00e4\u00e4, sek\u00e4 toimia aktiivisesti rasismia vastaan ja edist\u00e4\u00e4 suvaitsevaisuutta. Erityisesti meid\u00e4n aikuisten tulee olla esimerkkej\u00e4 asiallisuudesta ja ihmisyydest\u00e4 n\u00e4in\u00e4 vaikeina aikoina.<\/p>\n<p>Erimielisyyksi\u00e4 lietsomalla emme auta ukrainalaisten tilannetta mill\u00e4\u00e4n tavalla, vaan ainoastaan luomme kuiluja eri ihmisryhmien v\u00e4lille. Itseasiassa Putin ja Ven\u00e4j\u00e4n poliittinen johto voivat k\u00e4ytt\u00e4\u00e4 hy\u00f6dykseen omassa propagandassaan sit\u00e4, jos ven\u00e4l\u00e4isi\u00e4 kohdellaan ulkomailla huonosti. Nyt tarvitaan malttia ja tilanteen ymm\u00e4rryst\u00e4 meilt\u00e4 kaikilta.<\/p>\n<p>&nbsp;<\/p>\n<p>-Merja M\u00e4kisalo-Ropponen<\/p>\n<p>kansanedustaja (sd)<\/p>\n<p>&nbsp;<\/p>\n<p>&nbsp;<\/p>\n<p>Julkaistu Viikko-Pohjois-Karjala -lehdess\u00e4 31.3.2022.<\/p>\n","protected":false},"excerpt":{"rendered":"<p>Putinin hallinnon aloittama hy\u00f6kk\u00e4yssota Ukrainassa on t\u00e4ysin tuomittava. Hy\u00f6kk\u00e4ys on ihmishenkien menetyksen lis\u00e4ksi aiheuttanut valtaisan humanitaarisen katastrofin ja ajanut miljoonat ihmiset pakolaisiksi, niin kotimaassaan kuin my\u00f6s eri puolille Eurooppaa. Nyt on teht\u00e4v\u00e4 kansainv\u00e4lisess\u00e4 yhteisty\u00f6ss\u00e4 kaikki voitava, ett\u00e4 verenvuodatus ja sotatoimet saadaan p\u00e4\u00e4ttym\u00e4\u00e4n. Tilanne on my\u00f6s kanavoitunut valtaisaksi auttamishaluksi niin meill\u00e4 kuin laajemmin maailmalla. Valtioiden sek\u00e4<\/p>\n","protected":false},"author":1,"featured_media":0,"comment_status":"open","ping_status":"open","sticky":false,"template":"","format":"standard","meta":{"_acf_changed":false,"footnotes":""},"categories":[4],"tags":[],"class_list":["post-2925","post","type-post","status-publish","format-standard","hentry","category-kolumnit"],"acf":[],"_links":{"self":[{"href":"https:\/\/www.merjamakisalo.fi\/index.php?rest_route=\/wp\/v2\/posts\/2925","targetHints":{"allow":["GET"]}}],"collection":[{"href":"https:\/\/www.merjamakisalo.fi\/index.php?rest_route=\/wp\/v2\/posts"}],"about":[{"href":"https:\/\/www.merjamakisalo.fi\/index.php?rest_route=\/wp\/v2\/types\/post"}],"author":[{"embeddable":true,"href":"https:\/\/www.merjamakisalo.fi\/index.php?rest_route=\/wp\/v2\/users\/1"}],"replies":[{"embeddable":true,"href":"https:\/\/www.merjamakisalo.fi\/index.php?rest_route=%2Fwp%2Fv2%2Fcomments&post=2925"}],"version-history":[{"count":1,"href":"https:\/\/www.merjamakisalo.fi\/index.php?rest_route=\/wp\/v2\/posts\/2925\/revisions"}],"predecessor-version":[{"id":2926,"href":"https:\/\/www.merjamakisalo.fi\/index.php?rest_route=\/wp\/v2\/posts\/2925\/revisions\/2926"}],"wp:attachment":[{"href":"https:\/\/www.merjamakisalo.fi\/index.php?rest_route=%2Fwp%2Fv2%2Fmedia&parent=2925"}],"wp:term":[{"taxonomy":"category","embeddable":true,"href":"https:\/\/www.merjamakisalo.fi\/index.php?rest_route=%2Fwp%2Fv2%2Fcategories&post=2925"},{"taxonomy":"post_tag","embeddable":true,"href":"https:\/\/www.merjamakisalo.fi\/index.php?rest_route=%2Fwp%2Fv2%2Ftags&post=2925"}],"curies":[{"name":"wp","href":"https:\/\/api.w.org\/{rel}","templated":true}]}}