{"id":2894,"date":"2022-03-03T10:50:26","date_gmt":"2022-03-03T08:50:26","guid":{"rendered":"https:\/\/www.merjamakisalo.fi\/?p=2894"},"modified":"2022-03-03T10:50:26","modified_gmt":"2022-03-03T08:50:26","slug":"vammaisvaikutusten-arvioinnissa-vakavia-puutteita","status":"publish","type":"post","link":"https:\/\/www.merjamakisalo.fi\/?p=2894","title":{"rendered":"Vammaisvaikutusten arvioinnissa vakavia puutteita"},"content":{"rendered":"<p>Eduskunnan tarkastusvaliokunnassa on parhaillaan k\u00e4sittelyss\u00e4 selvitys lains\u00e4\u00e4d\u00e4nn\u00f6n vaikutusten arvioinnin nykytilasta ja sen kehitt\u00e4mistarpeista. T\u00e4ss\u00e4 yhteydess\u00e4 on tullut esille my\u00f6s vammaisvaikutusten arvioinnin puutteet. Yksi keskeinen syy puutteisiin on tiedon puute. Lainvalmistelijoilla ei ole tietoa vammaisista ihmisist\u00e4 ja heid\u00e4n oikeuksistaan. My\u00f6s yleinen tietopohja ja tiedonkeruu on huteraa.<\/p>\n<p>Esimerkiksi vammaisten ty\u00f6llisyydest\u00e4 on vain yksitt\u00e4isi\u00e4 tutkimuksia ja arvioita, mutta ei t\u00e4sm\u00e4llisi\u00e4 tilastoja, koska vammaiset ihmiset luetaan kuuluvaksi osaty\u00f6kykyisten ryhm\u00e4\u00e4n. Samoin koulutuksen osalta tilastoidaan tuen tarvetta, mutta ei vammaisia oppilaita tai opiskelijoita.<\/p>\n<p>Vammaiset ihmiset ovat heterogeeninen ryhm\u00e4 yksil\u00f6llisine tarpeineen, ja t\u00e4m\u00e4 tulee tiedostaa my\u00f6s s\u00e4\u00e4d\u00f6svalmistelussa. Jotta vammaiset ihmiset ja heid\u00e4n erityistarpeensa osattaisiin ottaa oikeissa yhteyksiss\u00e4 ja riitt\u00e4v\u00e4ll\u00e4 tavalla huomioon on edellytyksen\u00e4, ett\u00e4 valmistelijat ovat tietoisia vammaisten ihmisten asemasta ja oikeuksista ja ett\u00e4 heill\u00e4 on mahdollisuus hankkia riitt\u00e4v\u00e4 vammaisiin ihmisiin liittyv\u00e4 tietopohja vaikutusten arvioimiseksi. YK:n vammaisoikeuksien sopimuksen tulisi ohjata lains\u00e4\u00e4d\u00e4nt\u00f6ty\u00f6t\u00e4.<\/p>\n<p>Vammaisten ihmisten kannalta vaikutusarviot ovat t\u00e4rkeit\u00e4 ja tarpeellisia. S\u00e4\u00e4d\u00f6sehdotuksissa tulisi arvioida vammaisten ihmisten n\u00e4k\u00f6kulmasta vaikutuksia esimerkiksi esteett\u00f6myyteen, saavutettavuuteen, palvelujen saatavuuteen tai ty\u00f6llisyyteen.<\/p>\n<p>Esimerkki vakavasta ep\u00e4onnistumisesta oli viime vaalikaudella toteutettu taksiuudistus. Sen vaikutukset vammaisiin ihmisiin ohitettiin asiantuntijoiden mukaan l\u00e4hes kokonaan, vaikka useille vammaisille ihmisille taksien avulla k\u00e4yt\u00e4nn\u00f6ss\u00e4 j\u00e4rjestetty kuljetuspalvelu on tosiasiassa ainoa tapa liikkua ja n\u00e4in osallistua yhteiskuntaan.<\/p>\n<p>&nbsp;<\/p>\n<p><strong>Ent\u00e4 sitten hyvinvointialueilla ja kunnissa?<\/strong><\/p>\n<p>Hyvinvointialueiden rakentamisen ja sit\u00e4 koskevan lains\u00e4\u00e4d\u00e4nt\u00f6ty\u00f6n yhteydess\u00e4 on puhuttu paljon osallisuuden lis\u00e4\u00e4misest\u00e4.\u00a0Osallisuus\u00a0on vaikuttamista oman el\u00e4m\u00e4ns\u00e4 kulkuun, mahdollisuuksiin, toimintoihin, palveluihin ja itseen liittyviin yhteisiin asioihin.<\/p>\n<p>Toivottavasti hyvinvointialueiden valmistelussa ymm\u00e4rret\u00e4\u00e4n asia oikein. Ei riit\u00e4, ett\u00e4 hyvinvointialueilla on nuorisovaltuusto, vammaisneuvosto ja vanhusneuvosto. Toimintoja suunniteltaessa on pidett\u00e4v\u00e4 huolta, ett\u00e4 n\u00e4iden lakis\u00e4\u00e4teisten toimielinten j\u00e4seni\u00e4 aidosti my\u00f6s kuullaan ja he voivat kokea osallisuutta.<\/p>\n<p>Nuorisovaltuutettujen l\u00e4sn\u00e4olo-oikeus valiokunnissa ja vastaavissa pidet\u00e4\u00e4n itsest\u00e4\u00e4n selv\u00e4n\u00e4, mutta vanhusneuvostojen ja vammaisneuvostojen edustajat harvemmin p\u00e4\u00e4sev\u00e4t osallistumaan lautakuntien kokouksiin. Sama puute koskee my\u00f6s kunnallista p\u00e4\u00e4t\u00f6ksentekoa. T\u00e4m\u00e4 johtaa siihen, ettei esimerkiksi vammaisvaikutusten arviointia juurikaan tehd\u00e4, vaikka l\u00e4hes jokaisen p\u00e4\u00e4t\u00f6ksen yhteydess\u00e4 pit\u00e4isi pysty\u00e4 arvioimaan my\u00f6s p\u00e4\u00e4t\u00f6ksen merkitys vammaisten yhdenvertaisuuden n\u00e4k\u00f6kulmasta.<\/p>\n<p>Vetoankin uusien hyvinvointialueiden valmisteluun osallistuviin henkil\u00f6ihin: YK:n vammaissopimus edellytt\u00e4\u00e4, ett\u00e4 vammaisten \u00e4\u00e4ni otetaan huomioon kaikessa heit\u00e4 koskevassa p\u00e4\u00e4t\u00f6ksenteossa. Laadukkaaseen p\u00e4\u00e4t\u00f6ksentekoon kuuluu my\u00f6s vammaisvaikutusten arviointi ja varmimmin se muistetaan, jos vammaisneuvoston edustajat my\u00f6s osallistuvat p\u00e4\u00e4tt\u00e4vien elimien kokouksiin.<\/p>\n<p>&nbsp;<\/p>\n<p>-Merja M\u00e4kisalo-Ropponen<\/p>\n<p>kansanedustaja (sd)<\/p>\n<p>Eduskunnan tarkastusvaliokunnan varapuheenjohtaja ja Vammaisasiain yhteisty\u00f6ryhm\u00e4n puheenjohtaja<\/p>\n<p>&nbsp;<\/p>\n<p>&nbsp;<\/p>\n<p>Julkaistu Uuden Suomen blogissa 3.3.2022.<\/p>\n","protected":false},"excerpt":{"rendered":"<p>Eduskunnan tarkastusvaliokunnassa on parhaillaan k\u00e4sittelyss\u00e4 selvitys lains\u00e4\u00e4d\u00e4nn\u00f6n vaikutusten arvioinnin nykytilasta ja sen kehitt\u00e4mistarpeista. T\u00e4ss\u00e4 yhteydess\u00e4 on tullut esille my\u00f6s vammaisvaikutusten arvioinnin puutteet. Yksi keskeinen syy puutteisiin on tiedon puute. Lainvalmistelijoilla ei ole tietoa vammaisista ihmisist\u00e4 ja heid\u00e4n oikeuksistaan. My\u00f6s yleinen tietopohja ja tiedonkeruu on huteraa. Esimerkiksi vammaisten ty\u00f6llisyydest\u00e4 on vain yksitt\u00e4isi\u00e4 tutkimuksia ja arvioita, mutta<\/p>\n","protected":false},"author":1,"featured_media":0,"comment_status":"open","ping_status":"open","sticky":false,"template":"","format":"standard","meta":{"_acf_changed":false,"footnotes":""},"categories":[3],"tags":[],"class_list":["post-2894","post","type-post","status-publish","format-standard","hentry","category-blogilta"],"acf":[],"_links":{"self":[{"href":"https:\/\/www.merjamakisalo.fi\/index.php?rest_route=\/wp\/v2\/posts\/2894","targetHints":{"allow":["GET"]}}],"collection":[{"href":"https:\/\/www.merjamakisalo.fi\/index.php?rest_route=\/wp\/v2\/posts"}],"about":[{"href":"https:\/\/www.merjamakisalo.fi\/index.php?rest_route=\/wp\/v2\/types\/post"}],"author":[{"embeddable":true,"href":"https:\/\/www.merjamakisalo.fi\/index.php?rest_route=\/wp\/v2\/users\/1"}],"replies":[{"embeddable":true,"href":"https:\/\/www.merjamakisalo.fi\/index.php?rest_route=%2Fwp%2Fv2%2Fcomments&post=2894"}],"version-history":[{"count":1,"href":"https:\/\/www.merjamakisalo.fi\/index.php?rest_route=\/wp\/v2\/posts\/2894\/revisions"}],"predecessor-version":[{"id":2895,"href":"https:\/\/www.merjamakisalo.fi\/index.php?rest_route=\/wp\/v2\/posts\/2894\/revisions\/2895"}],"wp:attachment":[{"href":"https:\/\/www.merjamakisalo.fi\/index.php?rest_route=%2Fwp%2Fv2%2Fmedia&parent=2894"}],"wp:term":[{"taxonomy":"category","embeddable":true,"href":"https:\/\/www.merjamakisalo.fi\/index.php?rest_route=%2Fwp%2Fv2%2Fcategories&post=2894"},{"taxonomy":"post_tag","embeddable":true,"href":"https:\/\/www.merjamakisalo.fi\/index.php?rest_route=%2Fwp%2Fv2%2Ftags&post=2894"}],"curies":[{"name":"wp","href":"https:\/\/api.w.org\/{rel}","templated":true}]}}