{"id":2807,"date":"2021-12-03T13:08:50","date_gmt":"2021-12-03T11:08:50","guid":{"rendered":"https:\/\/www.merjamakisalo.fi\/?p=2807"},"modified":"2021-12-03T13:08:50","modified_gmt":"2021-12-03T11:08:50","slug":"vammaispolitiikka-vahvasti-esilla-aluevaaliohjelmassa","status":"publish","type":"post","link":"https:\/\/www.merjamakisalo.fi\/?p=2807","title":{"rendered":"Vammaispolitiikka vahvasti esill\u00e4 aluevaaliohjelmassa"},"content":{"rendered":"<p>Ensi tammikuun j\u00e4lkeen Suomi siirtyy uuteen aikakauteen, kun ensimm\u00e4ist\u00e4 kertaa maassamme j\u00e4rjestet\u00e4\u00e4n aluevaalit, joilla valitaan valtuutetut tulevien hyvinvointialueiden johtoon. Siit\u00e4 alkaa vuoden mittainen siirtym\u00e4vaihe, joka huipentuu hyvinvointialueiden aloittaessa vuoden 2023 alusta sosiaali- ja terveyspalvelujen tuottajina.<\/p>\n<p>SDP julkisti marraskuun puoliv\u00e4liss\u00e4 Oulussa puoluevaltuuston kokouksen yhteydess\u00e4 oman aluevaaliohjelmansa ensi kev\u00e4\u00e4n vaaleihin. Ohjelma painottaa vahvasti hoitoon p\u00e4\u00e4syn ja tasa-arvoisen hoidon merkityst\u00e4 sek\u00e4 hoitoty\u00f6ntekij\u00f6iden ty\u00f6hyvinvoinnin ja jaksamisen tukemista. Erityisen iloinen olen, ett\u00e4 vaaliohjemassa my\u00f6s vammaispalvelut ja vammaisten henkil\u00f6iden oikeuksien toteutuminen on nostettu vahvasti esille.<\/p>\n<p>Toimin SDP:n vammaispoliittisen ty\u00f6ryhm\u00e4n toisena puheenjohtajana sek\u00e4 eduskunnassa puoluerajat ylitt\u00e4v\u00e4n vammaisasian yhteisty\u00f6ryhm\u00e4n (VAMYT-ryhm\u00e4) puheenjohtajana. VAMYT-ryhm\u00e4ss\u00e4 meill\u00e4 edustajia l\u00e4hes kaikista eduskuntapuolueista ja seuraamme aktiivisesti vammaispoliittista kentt\u00e4\u00e4 ja reagoimme esille nouseviin ep\u00e4kohtiin.<\/p>\n<p>On my\u00f6s ollut mukava huomata, ett\u00e4 puolueen vammaispoliittisessa ty\u00f6ryhm\u00e4ss\u00e4 Savo-Karjalan osuus n\u00e4kyy hyvin, sill\u00e4 toinen ryhm\u00e4n sihteereist\u00e4 on tohmaj\u00e4rvel\u00e4inen Tero Lepola. Lis\u00e4kseni ryhm\u00e4\u00e4n kuuluvat Tytti Luoma Kuopiosta ja Virve Mikkonen Joensuusta. Ryhm\u00e4n ty\u00f6skentely ja j\u00e4senten osallistuminen on ollut aktiivista ja innostavaa.<\/p>\n<p>Olemme ryhm\u00e4ss\u00e4 toimineen aktiivisesti vammaispoliittisten asioiden nostamiseksi esille ja siksi onkin hienoa huomata, ett\u00e4 monet ty\u00f6ryhm\u00e4n asettamista tavoitteista ovat nyt my\u00f6s puolueen tavoitteita tulevissa aluevaalissa. Aiemmissa vaalitavoitteissa vammaisia on huomioitu melko huonosti ja siksi t\u00e4m\u00e4 on merkitt\u00e4v\u00e4 askel eteenp\u00e4in.<\/p>\n<p>Aluevaaliohjelmassa painotetaan palvelujen esteett\u00f6myyden ja saavutettavuuden lis\u00e4ksi erityisesti vammaisten oikeuksien toteutumista kaikilla hyvinvointialueilla sek\u00e4 vammaisten henkil\u00f6iden ottamista mukaan p\u00e4\u00e4t\u00f6ksentekoon ja heid\u00e4n kattavaa kuulemistaan.<\/p>\n<p>Erityisen t\u00e4rke\u00e4\u00e4 on, ett\u00e4 alueille luodaan kuntien tapaan vammaisneuvostot, joiden \u00e4\u00e4ni kuuluu my\u00f6s tulevassa p\u00e4\u00e4t\u00f6ksenteossa, samoin kaikkia p\u00e4\u00e4t\u00f6ksi\u00e4 on jatkuvasti arvioitava my\u00f6s vammaisvaikutusten ja vammaisten oikeuksien toteutumisen n\u00e4k\u00f6kulmasta.<\/p>\n<p>Toivottavasti n\u00e4iden tavoitteiden taakse sitoutuvat kaikki puolueet, sill\u00e4 vammaispolitiikka ei ole puoluepolitiikkaa. On my\u00f6s hyv\u00e4 huomata, ett\u00e4 vammaispalveluissa ei ole kyse ylim\u00e4\u00e4r\u00e4isest\u00e4 lis\u00e4palvelusta tai harkinnanvaraisista etuuksista, vaan lailla turvatusta oikeudesta yhdenvertaiseen osallistumiseen yhteiskunnassa. Yhdenvertaisten ihmisoikeuksien edist\u00e4minen kuuluu meille kaikille.<\/p>\n<p>&nbsp;<\/p>\n<p>-Merja M\u00e4kisalo-Ropponen<\/p>\n<p>kansanedustaja (sd)<\/p>\n<p>Eduskunnan Vammaisasiain yhteisty\u00f6ryhm\u00e4n puheenjohtaja<\/p>\n<p>SDP:n Vammaispoliittisen ty\u00f6ryhm\u00e4n puheenjohtaja<\/p>\n<p>&nbsp;<\/p>\n<p>&nbsp;<\/p>\n<p>Julkaistu Viikko-Pohjois-Karjala -lehdess\u00e4 2.12.2021.<\/p>\n","protected":false},"excerpt":{"rendered":"<p>Ensi tammikuun j\u00e4lkeen Suomi siirtyy uuteen aikakauteen, kun ensimm\u00e4ist\u00e4 kertaa maassamme j\u00e4rjestet\u00e4\u00e4n aluevaalit, joilla valitaan valtuutetut tulevien hyvinvointialueiden johtoon. Siit\u00e4 alkaa vuoden mittainen siirtym\u00e4vaihe, joka huipentuu hyvinvointialueiden aloittaessa vuoden 2023 alusta sosiaali- ja terveyspalvelujen tuottajina. SDP julkisti marraskuun puoliv\u00e4liss\u00e4 Oulussa puoluevaltuuston kokouksen yhteydess\u00e4 oman aluevaaliohjelmansa ensi kev\u00e4\u00e4n vaaleihin. Ohjelma painottaa vahvasti hoitoon p\u00e4\u00e4syn ja tasa-arvoisen<\/p>\n","protected":false},"author":1,"featured_media":0,"comment_status":"open","ping_status":"open","sticky":false,"template":"","format":"standard","meta":{"_acf_changed":false,"footnotes":""},"categories":[4],"tags":[],"class_list":["post-2807","post","type-post","status-publish","format-standard","hentry","category-kolumnit"],"acf":[],"_links":{"self":[{"href":"https:\/\/www.merjamakisalo.fi\/index.php?rest_route=\/wp\/v2\/posts\/2807","targetHints":{"allow":["GET"]}}],"collection":[{"href":"https:\/\/www.merjamakisalo.fi\/index.php?rest_route=\/wp\/v2\/posts"}],"about":[{"href":"https:\/\/www.merjamakisalo.fi\/index.php?rest_route=\/wp\/v2\/types\/post"}],"author":[{"embeddable":true,"href":"https:\/\/www.merjamakisalo.fi\/index.php?rest_route=\/wp\/v2\/users\/1"}],"replies":[{"embeddable":true,"href":"https:\/\/www.merjamakisalo.fi\/index.php?rest_route=%2Fwp%2Fv2%2Fcomments&post=2807"}],"version-history":[{"count":1,"href":"https:\/\/www.merjamakisalo.fi\/index.php?rest_route=\/wp\/v2\/posts\/2807\/revisions"}],"predecessor-version":[{"id":2808,"href":"https:\/\/www.merjamakisalo.fi\/index.php?rest_route=\/wp\/v2\/posts\/2807\/revisions\/2808"}],"wp:attachment":[{"href":"https:\/\/www.merjamakisalo.fi\/index.php?rest_route=%2Fwp%2Fv2%2Fmedia&parent=2807"}],"wp:term":[{"taxonomy":"category","embeddable":true,"href":"https:\/\/www.merjamakisalo.fi\/index.php?rest_route=%2Fwp%2Fv2%2Fcategories&post=2807"},{"taxonomy":"post_tag","embeddable":true,"href":"https:\/\/www.merjamakisalo.fi\/index.php?rest_route=%2Fwp%2Fv2%2Ftags&post=2807"}],"curies":[{"name":"wp","href":"https:\/\/api.w.org\/{rel}","templated":true}]}}