{"id":2734,"date":"2021-09-29T11:49:09","date_gmt":"2021-09-29T08:49:09","guid":{"rendered":"https:\/\/www.merjamakisalo.fi\/?p=2734"},"modified":"2021-09-29T12:33:54","modified_gmt":"2021-09-29T09:33:54","slug":"monikanavarahoituksen-purkamisessa-on-turvattava-vaativan-laakinnallisen-kuntoutuksen-laatu-ja-saatavuus","status":"publish","type":"post","link":"https:\/\/www.merjamakisalo.fi\/?p=2734","title":{"rendered":"Monikanavarahoituksen purkamisessa on turvattava vaativan l\u00e4\u00e4kinn\u00e4llisen kuntoutuksen laatu ja saatavuus"},"content":{"rendered":"<p>Selvitys monikanavarahoituksen purkamisesta on valmis ja parlamentaarinen ty\u00f6ryhm\u00e4 on aloittanut toimintansa. Eduskunnan kuntoutusverkosto, vammaisasian yhteisty\u00f6ryhm\u00e4 VAMYT sek\u00e4 omaishoidon tukiryhm\u00e4 ovat saaneet rahoitus- ja j\u00e4rjest\u00e4misvastuun muutoksesta useita huolestuneita yhteydenottoja.<\/p>\n<p>&nbsp;<\/p>\n<p><em>Vaativan l\u00e4\u00e4kinn\u00e4llisen kuntoutuksen m\u00e4\u00e4r\u00e4, laatu ja saatavuus on turvattava.<\/em><\/p>\n<p>Vaativan l\u00e4\u00e4kinn\u00e4llisen kuntoutuksen rahoituksen ja j\u00e4rjest\u00e4misvastuun toimivuus takaavat sen, ett\u00e4 vamman tai sairauden kanssa el\u00e4v\u00e4t ihmiset pysyv\u00e4t mahdollisimman toimintakykyisin\u00e4 omassa arjessaan sek\u00e4 ty\u00f6el\u00e4m\u00e4ss\u00e4. Monet vaikeavammaiset ja pitk\u00e4aikaissairaat ihmiset tarvitsevat jokap\u00e4iv\u00e4isest\u00e4 el\u00e4m\u00e4st\u00e4 selviytymisess\u00e4\u00e4n omaishoitajien apua ja tukea. L\u00e4\u00e4kinn\u00e4llisell\u00e4 kuntoutuksella voi siten v\u00e4hent\u00e4\u00e4 my\u00f6s omaishoitajille aiheutuvaa kuormitusta.<\/p>\n<p>Kelan vaativan l\u00e4\u00e4kinn\u00e4llisen kuntoutuksen suurin t\u00e4m\u00e4nhetkinen saajaryhm\u00e4 on alle 16-vuotiaat lapset ja nuoret sek\u00e4 heist\u00e4 erityisesti peruskoulunsa aloittavat lapset. On selv\u00e4\u00e4, ett\u00e4 laadukkaan ja riitt\u00e4v\u00e4n kuntoutuksen mahdollisuus t\u00e4ss\u00e4 ik\u00e4luokassa voi m\u00e4\u00e4ritt\u00e4\u00e4 suunnan ja tulevan tuen tarpeen heid\u00e4n loppuel\u00e4m\u00e4lleen.<\/p>\n<p>Toinen suuri saajaryhm\u00e4 on ty\u00f6el\u00e4m\u00e4n loppup\u00e4\u00e4ss\u00e4 olevat aikuiset, joita on kohdannut \u00e4killinen sairastuminen tai vammautuminen. Ty\u00f6uran saattaminen loppuun sek\u00e4 laadukas, mahdollisimman omatoiminen ja aktiivinen el\u00e4m\u00e4 luovat hyvinvointia, josta my\u00f6s yhteiskunta hy\u00f6tyy.<\/p>\n<p>Rahoituksen ja j\u00e4rjest\u00e4misvastuun muutoksen my\u00f6t\u00e4 on oleellista, ett\u00e4 vaativan l\u00e4\u00e4kinn\u00e4llisen kuntoutuksen saatavuus, riitt\u00e4vyys ja laadukkuus voidaan turvata. Sill\u00e4 tuetaan sek\u00e4 yksil\u00f6n, omaisten ett\u00e4 yhteiskunnan hyv\u00e4\u00e4 tulevaisuutta.<\/p>\n<p>&nbsp;<\/p>\n<p><em>Tiedon, taidon ja osaamisen s\u00e4ilytt\u00e4minen\u00a0<\/em><\/p>\n<p>Tietotaidon ja osaamisen s\u00e4ilytt\u00e4minen ovat keskeinen osa muutoksessa onnistumista. Siksi vaativaa l\u00e4\u00e4kinn\u00e4llist\u00e4 kuntoutusta j\u00e4rjest\u00e4neiden j\u00e4rjest\u00f6jen, alueellisten toimijoiden sek\u00e4 erikoistuneiden yksik\u00f6iden ker\u00e4\u00e4m\u00e4st\u00e4 tiedosta ja toimivaksi muodostuneista k\u00e4yt\u00e4nteist\u00e4 on pidett\u00e4v\u00e4 kiinni.<\/p>\n<p>&nbsp;<\/p>\n<p><em>Alueellisuus<\/em><\/p>\n<p>Yhden j\u00e4rjest\u00e4j\u00e4n ja rahoittajan malli on turvannut vaativan l\u00e4\u00e4kinn\u00e4llisen kuntoutuksen my\u00f6nt\u00e4misen alueellista yhdenvertaisuutta. Jos rahoitus- ja j\u00e4rjest\u00e4misvastuuta p\u00e4\u00e4dyt\u00e4\u00e4n muuttamaan, on t\u00e4rke\u00e4\u00e4 mietti\u00e4 etupainotteisesti, kuinka yhdenvertaisuus jatkossa huomioidaan eri alueiden p\u00e4\u00e4t\u00f6ksenteossa sek\u00e4 alueiden rahoituksessa.<\/p>\n<p>&nbsp;<\/p>\n<p>&nbsp;<\/p>\n<p>Helsingiss\u00e4 28.9.2021<\/p>\n<p>Noora Koponen, eduskunnan kuntoutusverkoston puheenjohtaja, p. 050 5144012<\/p>\n<p>Merja M\u00e4kisalo-Ropponen, vammaisasian yhteisty\u00f6ryhm\u00e4n puheenjohtaja<\/p>\n<p>Anneli Kiljunen, omaishoidon tukiryhm\u00e4n puheenjohtaja<\/p>\n","protected":false},"excerpt":{"rendered":"<p>Selvitys monikanavarahoituksen purkamisesta on valmis ja parlamentaarinen ty\u00f6ryhm\u00e4 on aloittanut toimintansa. Eduskunnan kuntoutusverkosto, vammaisasian yhteisty\u00f6ryhm\u00e4 VAMYT sek\u00e4 omaishoidon tukiryhm\u00e4 ovat saaneet rahoitus- ja j\u00e4rjest\u00e4misvastuun muutoksesta useita huolestuneita yhteydenottoja. &nbsp; Vaativan l\u00e4\u00e4kinn\u00e4llisen kuntoutuksen m\u00e4\u00e4r\u00e4, laatu ja saatavuus on turvattava. Vaativan l\u00e4\u00e4kinn\u00e4llisen kuntoutuksen rahoituksen ja j\u00e4rjest\u00e4misvastuun toimivuus takaavat sen, ett\u00e4 vamman tai sairauden kanssa el\u00e4v\u00e4t ihmiset pysyv\u00e4t<\/p>\n","protected":false},"author":1,"featured_media":0,"comment_status":"open","ping_status":"open","sticky":false,"template":"","format":"standard","meta":{"_acf_changed":false,"footnotes":""},"categories":[14],"tags":[],"class_list":["post-2734","post","type-post","status-publish","format-standard","hentry","category-tiedotteet"],"acf":[],"_links":{"self":[{"href":"https:\/\/www.merjamakisalo.fi\/index.php?rest_route=\/wp\/v2\/posts\/2734","targetHints":{"allow":["GET"]}}],"collection":[{"href":"https:\/\/www.merjamakisalo.fi\/index.php?rest_route=\/wp\/v2\/posts"}],"about":[{"href":"https:\/\/www.merjamakisalo.fi\/index.php?rest_route=\/wp\/v2\/types\/post"}],"author":[{"embeddable":true,"href":"https:\/\/www.merjamakisalo.fi\/index.php?rest_route=\/wp\/v2\/users\/1"}],"replies":[{"embeddable":true,"href":"https:\/\/www.merjamakisalo.fi\/index.php?rest_route=%2Fwp%2Fv2%2Fcomments&post=2734"}],"version-history":[{"count":2,"href":"https:\/\/www.merjamakisalo.fi\/index.php?rest_route=\/wp\/v2\/posts\/2734\/revisions"}],"predecessor-version":[{"id":2736,"href":"https:\/\/www.merjamakisalo.fi\/index.php?rest_route=\/wp\/v2\/posts\/2734\/revisions\/2736"}],"wp:attachment":[{"href":"https:\/\/www.merjamakisalo.fi\/index.php?rest_route=%2Fwp%2Fv2%2Fmedia&parent=2734"}],"wp:term":[{"taxonomy":"category","embeddable":true,"href":"https:\/\/www.merjamakisalo.fi\/index.php?rest_route=%2Fwp%2Fv2%2Fcategories&post=2734"},{"taxonomy":"post_tag","embeddable":true,"href":"https:\/\/www.merjamakisalo.fi\/index.php?rest_route=%2Fwp%2Fv2%2Ftags&post=2734"}],"curies":[{"name":"wp","href":"https:\/\/api.w.org\/{rel}","templated":true}]}}