{"id":2699,"date":"2021-09-09T10:21:49","date_gmt":"2021-09-09T07:21:49","guid":{"rendered":"https:\/\/www.merjamakisalo.fi\/?p=2699"},"modified":"2021-09-09T10:21:49","modified_gmt":"2021-09-09T07:21:49","slug":"ihmisoikeudet-eivat-toteudu-ikaihmisten-ja-vammaisten-kohdalla","status":"publish","type":"post","link":"https:\/\/www.merjamakisalo.fi\/?p=2699","title":{"rendered":"Ihmisoikeudet eiv\u00e4t toteudu ik\u00e4ihmisten ja vammaisten kohdalla"},"content":{"rendered":"<p>Oikeusasiamiehen kertomus on t\u00e4n\u00e4kin vuonna surullista luettavaa, sill\u00e4 se tuo esille sen, miten paljon puutteita meill\u00e4 on ihmisarvon ja ihmisoikeuksien toteutumisessa. Koronapandemia on pahentanut tiettyjen ihmisryhmien kohdalla tilannetta entisest\u00e4\u00e4n. Syv\u00e4lle menevi\u00e4 rajoituksia on kohdistunut miltei kaikkiin perusoikeuksiin ja kaikkien henkil\u00f6iden oikeuksiin.<\/p>\n<p>Osalla rajoituksia on ollut kohtalokkaita seurauksia etenkin jo ennest\u00e4\u00e4n haavoittuvassa asemassa oleville ihmisille, kuten esimerkiksi ik\u00e4ihmisille ja vammaisille. Esimerkiksi joissakin hoitoyhteis\u00f6iss\u00e4 omaisilta estettiin hoitoyhteis\u00f6ihin p\u00e4\u00e4sy tapaamaan l\u00e4heist\u00e4\u00e4n, vaikka poikkeusolot eiv\u00e4t oikeuta tekem\u00e4\u00e4n t\u00e4llaisia kaikkia koskevia yleisi\u00e4 p\u00e4\u00e4t\u00f6ksi\u00e4. My\u00f6s vuorohoidon ja perhehoidon keskeytt\u00e4minen tuotti jaksamisongelmia omaishoitajaperheiss\u00e4.<\/p>\n<p>Tilanne oli uusi, eik\u00e4 Suomessa ollut ennakoitu ja valmistauduttu t\u00e4m\u00e4n kaltaiseen kriisiin ja siksi on t\u00e4rke\u00e4\u00e4, ett\u00e4 uskallamme arvioida tehtyj\u00e4 toimenpiteit\u00e4 kriittisesti my\u00f6s ihmisoikeuksien toteutumisen n\u00e4k\u00f6kulmasta. On muun muassa kysytt\u00e4v\u00e4, olivatko koronapandemian aikana toteutetut perusoikeuksien rajoitukset v\u00e4ltt\u00e4m\u00e4tt\u00f6mi\u00e4 ja suhteellisuusperiaatteen mukaisia? \u00a0T\u00e4llainen kriittinen arviointi auttaa meit\u00e4 toimimaan paremmin tulevaisuudessa, jos yhteiskunta kohtaa tulevia kriisej\u00e4.<\/p>\n<p>Apulaisoikeusasiamies Maija Sakslin toteaa raportissa, ett\u00e4 laillisuusvalvontahavaintojen perusteella voidaan jo nyt todeta, ett\u00e4 voimassa oleva lains\u00e4\u00e4d\u00e4nt\u00f6mme ei sis\u00e4ll\u00e4 riitt\u00e4vi\u00e4 ty\u00f6kaluja tulevista pandemioista selviytymiseksi. Erityisen huolestuttavia ovat kuitenkin olleet useat laillisuusvalvonnassa tehdyt havainnot siit\u00e4, ett\u00e4 viruksen levi\u00e4misen est\u00e4miseksi julkista valtaa on k\u00e4ytetty perusoikeuksia rajoittavalla tavalla, ilman siihen oikeuttavaa toimivaltaa.<\/p>\n<p>&nbsp;<\/p>\n<p><strong>Vuodesta toiseen samoja puutteita ik\u00e4ihmisten ja vammaisten oikeuksien toteutumisessa<\/strong><\/p>\n<p>Vaikka olemme ratifioineet jo vuonna 2016 YK:n vammaisoikeuksien sopimuksen, vammaisten henkil\u00f6iden yhdenvertaiset osallistumismahdollisuudet eiv\u00e4t viel\u00e4k\u00e4\u00e4n toteudu. Puutteita on toimitilojen esteett\u00f6myydess\u00e4, asioinnin saavutettavuudessa ja kohtuullisten mukautusten toteuttamisessa.<\/p>\n<p>Kuntien vammaispalveluja koskevat soveltamisk\u00e4yt\u00e4nn\u00f6t ovat ep\u00e4yhten\u00e4isi\u00e4 ja soveltamisohjeet saattavat rajoittaa lakis\u00e4\u00e4teisten palvelujen saamista. Vammaisille henkil\u00f6ille tarkoitettujen palvelujen tuottamisen kilpailutus on voinut vaarantaa oikeutta yksil\u00f6llisten erityistarpeiden mukaisiin palveluihin.<\/p>\n<p>Ik\u00e4ihmisten kohdalla kotihoidossa on ik\u00e4ihmisi\u00e4 &#8211; erityisesti muistisairaita &#8211; joiden ei en\u00e4\u00e4 ole turvallista ja inhimillist\u00e4 asua omassa kodissa. Oikeusasiamies toteaa raportissaan, ettei kaikin paikoin ole\u00a0ik\u00e4ihmisten tehostetun palveluasuminen paikkoja riitt\u00e4v\u00e4sti. Suoritetuissa tarkastuksissa tuli esille, ett\u00e4 ik\u00e4ihminen saattoi odottaa vapautuvaa paikkaa tehostettuun palveluasumiseen lain vastaisesti esimerkiksi terveyskeskuksen vuodeosastolla. Sosiaalihuoltolain mukaan palveluja j\u00e4rjestet\u00e4\u00e4n aina ensisijaisesti asiakkaan eik\u00e4 organisaation tarpeista k\u00e4sin ja siksi on lain hengen vastaista my\u00f6s j\u00e4rjest\u00e4\u00e4 vastoin asiakkaan tahtoa palveluasuminen esimerkiksi niin kauaksi omasta l\u00e4hiyhteis\u00f6st\u00e4, ettei l\u00e4hiomaisilla ole mahdollisuutta tavata omaistaan.<\/p>\n<p>My\u00f6s kotihoitoa tukevan vuorohoidon toteutuksen laadussa todettiin laatuongelmia. Asiakkaat ja omaiset kuvasivat vuorohoitoa \u201ds\u00e4il\u00f6ss\u00e4 pit\u00e4miseksi\u201d vaikka vuorohoidon pit\u00e4isi olla aina kuntouttavaa ja omaishoitajan ty\u00f6t\u00e4 helpottavaa. Esimerkiksi er\u00e4s omaishoitaja kertoi, ettei vuorohoitojaksolla h\u00e4nen l\u00e4heist\u00e4\u00e4n suostuttu avustamaan suihkussa k\u00e4ymisess\u00e4, vaikka t\u00e4m\u00e4 olisi ollut t\u00e4ss\u00e4 tapauksessa t\u00e4rke\u00e4 omaishoitajan ty\u00f6t\u00e4 helpottava asia.<\/p>\n<p>Monet asiat kulminoituivat siihen tosiasiaan, ettei organisaation johdolla eik\u00e4 henkil\u00f6st\u00f6ll\u00e4 ole riitt\u00e4v\u00e4sti tietoa vanhustenhuollon palveluja koskevan lains\u00e4\u00e4d\u00e4nn\u00f6n sis\u00e4ll\u00f6st\u00e4. Puutteet johtuvat usein my\u00f6s henkil\u00f6kunnan riitt\u00e4m\u00e4tt\u00f6m\u00e4st\u00e4 m\u00e4\u00e4r\u00e4st\u00e4 tai johtamisen puutteista.<\/p>\n<p>Edell\u00e4 kuvattujen esimerkkien lis\u00e4ksi esimerkiksi tietoa siit\u00e4, ett\u00e4 laki velvoittaa j\u00e4rjest\u00e4m\u00e4\u00e4n i\u00e4kk\u00e4ille avio- ja avopuolisoille mahdollisuuden asua yhdess\u00e4, eik\u00e4 asiassa voi toimia asiakkaiden tahdon vastaisesti, ei vanhustenhuollossa toimivilla ollut.<\/p>\n<p>&nbsp;<\/p>\n<p><strong>Rajoitustoimenpiteet ovat edelleen yleisi\u00e4<\/strong><\/p>\n<p>Monissa hoito- ja hoivayksik\u00f6iss\u00e4 henkil\u00f6kunta ei esimerkiksi tied\u00e4 mit\u00e4 ovat rajoittamistoimenpiteet, joita ei voi ilman erityist\u00e4 syyt\u00e4 tai harkintaa saa k\u00e4ytt\u00e4\u00e4. Monissa paikoissa rajoittamistoimenpiteist\u00e4 on tullut osa arjen rutiinitoimintoja. \u00a0Rajoitustoimenpiteet voivat olla kokonaan perusteettomia ns. \u201dlaitosvalvontayksikk\u00f6\u00f6n\u201d nojautuvia.<\/p>\n<p>Sama ongelma koskee edelleen osittain my\u00f6s kehitysvammaisten asumisyksik\u00f6it\u00e4, vaikka siell\u00e4 kehitysvammaisten erityishuollosta annetun lain rajoitustoimenpiteit\u00e4 koskenut muutos (<a href=\"https:\/\/www.finlex.fi\/fi\/laki\/alkup\/2016\/20160381\">381\/2016<\/a>) on parantanut tilannetta. Lain k\u00e4yt\u00e4nn\u00f6n soveltamisessa on kuitenkin yh\u00e4 ep\u00e4tietoisuutta, puutteita ja laiminly\u00f6ntej\u00e4. My\u00f6sk\u00e4\u00e4n lainmukaisia palvelusuunnitelmia ja erityis- huolto-ohjelmia ei aina laadita, ne laaditaan puutteellisesti tai niiden laatiminen viiv\u00e4styy. My\u00f6s palveluja koskeva p\u00e4\u00e4t\u00f6ksenteko ja p\u00e4\u00e4t\u00f6sten toimeenpano usein viiv\u00e4styy aiheettomasti.<\/p>\n<p>&nbsp;<\/p>\n<p><strong>Vanhuspalvelulain uudistuksen toiseen vaiheen lakiesityksess\u00e4 on paljon korjattavaa<\/strong><\/p>\n<p>My\u00f6s lausuntokierroksella ollutta\u00a0vanhuspalvelulain uudistuksen toista vaihetta on syyt\u00e4 tarkastella uudelleen. Kuten oikeusasiamieskin on todennut lakiesityksest\u00e4 antamassaan lausunnossa, esitys tarjoaa palvelun tuottajille ja j\u00e4rjest\u00e4jille lukuisia mahdollisuuksia pyrki\u00e4 kiert\u00e4m\u00e4\u00e4n oikeusnormeja kustannusten s\u00e4\u00e4st\u00e4miseksi.<\/p>\n<p>Nyt lakiesityst\u00e4 on tarkasteltava huolella uudelleen siit\u00e4 n\u00e4k\u00f6kulmasta, ett\u00e4 se varmasti parantaa ik\u00e4ihmisten hoidon laatua ja varmistaa ihmisoikeuksien toteutumisen. Suurin osa lausunnon antajista kritisoikin lakiesityst\u00e4 keskener\u00e4isyydest\u00e4 ja puuttuvista ratkaisuista hoitajapulaan.<\/p>\n<p>Yksi esimerkki lakiesityksess\u00e4 olevasta ihmisoikeuksiin liittyv\u00e4st\u00e4 ongelmasta, on tavoite heikent\u00e4\u00e4 osaamisvaatimuksia. Oikeusasiamiehen kertomuksessakin todetaan, ett\u00e4 vartija ei voi suorittaa terveydenhuollon ammattihenkil\u00f6lle kuuluvia teht\u00e4vi\u00e4. Nyt kuitenkin lakiesitys l\u00e4htee siit\u00e4, ett\u00e4 esimerkiksi vartijakoulutuksen saanut henkil\u00f6 voisi olla ik\u00e4ihmisten y\u00f6partiotoiminnassa auttamassa ik\u00e4ihmisi\u00e4. Vartijakoulutus ei anna mink\u00e4\u00e4nlaisia valmiuksia esimerkiksi arvioida kotona kaatuneen ik\u00e4ihmisen kokonaistilannetta tai kohdata muistisairasta henkil\u00f6\u00e4. Muistisairaallakin on oltava oikeus ammattitaitoiseen apuun.<\/p>\n<p>N\u00e4m\u00e4 ep\u00e4kohdat tuleekin viel\u00e4 korjata ennen lain lopullista k\u00e4sittely\u00e4, jotta ihmisoikeuksien toteutuminen ja hyv\u00e4 hoito voidaan turvata kaikille.<\/p>\n<p>&nbsp;<\/p>\n<p>-Merja M\u00e4kisalo-Ropponen<\/p>\n<p>kansanedustaja (sd)<\/p>\n<p>&nbsp;<\/p>\n<p>&nbsp;<\/p>\n<p>Julkaistu Uuden Suomen blogissa 9.9.2021.<\/p>\n","protected":false},"excerpt":{"rendered":"<p>Oikeusasiamiehen kertomus on t\u00e4n\u00e4kin vuonna surullista luettavaa, sill\u00e4 se tuo esille sen, miten paljon puutteita meill\u00e4 on ihmisarvon ja ihmisoikeuksien toteutumisessa. Koronapandemia on pahentanut tiettyjen ihmisryhmien kohdalla tilannetta entisest\u00e4\u00e4n. Syv\u00e4lle menevi\u00e4 rajoituksia on kohdistunut miltei kaikkiin perusoikeuksiin ja kaikkien henkil\u00f6iden oikeuksiin. Osalla rajoituksia on ollut kohtalokkaita seurauksia etenkin jo ennest\u00e4\u00e4n haavoittuvassa asemassa oleville ihmisille, kuten<\/p>\n","protected":false},"author":1,"featured_media":0,"comment_status":"open","ping_status":"open","sticky":false,"template":"","format":"standard","meta":{"_acf_changed":false,"footnotes":""},"categories":[3],"tags":[],"class_list":["post-2699","post","type-post","status-publish","format-standard","hentry","category-blogilta"],"acf":[],"_links":{"self":[{"href":"https:\/\/www.merjamakisalo.fi\/index.php?rest_route=\/wp\/v2\/posts\/2699","targetHints":{"allow":["GET"]}}],"collection":[{"href":"https:\/\/www.merjamakisalo.fi\/index.php?rest_route=\/wp\/v2\/posts"}],"about":[{"href":"https:\/\/www.merjamakisalo.fi\/index.php?rest_route=\/wp\/v2\/types\/post"}],"author":[{"embeddable":true,"href":"https:\/\/www.merjamakisalo.fi\/index.php?rest_route=\/wp\/v2\/users\/1"}],"replies":[{"embeddable":true,"href":"https:\/\/www.merjamakisalo.fi\/index.php?rest_route=%2Fwp%2Fv2%2Fcomments&post=2699"}],"version-history":[{"count":1,"href":"https:\/\/www.merjamakisalo.fi\/index.php?rest_route=\/wp\/v2\/posts\/2699\/revisions"}],"predecessor-version":[{"id":2700,"href":"https:\/\/www.merjamakisalo.fi\/index.php?rest_route=\/wp\/v2\/posts\/2699\/revisions\/2700"}],"wp:attachment":[{"href":"https:\/\/www.merjamakisalo.fi\/index.php?rest_route=%2Fwp%2Fv2%2Fmedia&parent=2699"}],"wp:term":[{"taxonomy":"category","embeddable":true,"href":"https:\/\/www.merjamakisalo.fi\/index.php?rest_route=%2Fwp%2Fv2%2Fcategories&post=2699"},{"taxonomy":"post_tag","embeddable":true,"href":"https:\/\/www.merjamakisalo.fi\/index.php?rest_route=%2Fwp%2Fv2%2Ftags&post=2699"}],"curies":[{"name":"wp","href":"https:\/\/api.w.org\/{rel}","templated":true}]}}