{"id":2671,"date":"2021-08-17T09:55:57","date_gmt":"2021-08-17T06:55:57","guid":{"rendered":"https:\/\/www.merjamakisalo.fi\/?p=2671"},"modified":"2021-08-17T09:55:57","modified_gmt":"2021-08-17T06:55:57","slug":"hyvaa-loppukesaa-lukijoilleni","status":"publish","type":"post","link":"https:\/\/www.merjamakisalo.fi\/?p=2671","title":{"rendered":"Hyv\u00e4\u00e4 loppukes\u00e4\u00e4 lukijoilleni"},"content":{"rendered":"<p>Toivottavasti kaikilla lukijoillani on ollut t\u00e4h\u00e4n saakka oman n\u00e4k\u00f6inen ja voimaannuttava kes\u00e4. Kes\u00e4\u00e4h\u00e4n on viel\u00e4 j\u00e4ljell\u00e4 ja nyt on hyv\u00e4 aika ker\u00e4t\u00e4 auringosta sek\u00e4 luonnosta ja luonnon antimista voimaa talvea varten.<\/p>\n<p>Valitettavasti emme p\u00e4\u00e4sseet koronarajoituksista eroon kes\u00e4n aikana, vaikka itsekin niin toiveikkaasti viel\u00e4 kev\u00e4\u00e4ll\u00e4 ajattelin. Joudumme edelleen k\u00e4pristelem\u00e4\u00e4n erilaisten rajoitusten kanssa pitk\u00e4lle syksyyn. Jatkossakaan virus ei kokonaan katoa ja siksi t\u00e4m\u00e4n viruksen kanssa on opittava my\u00f6s el\u00e4m\u00e4\u00e4n.<\/p>\n<p>Ainoa tie normaalimpaan on riitt\u00e4v\u00e4n korkea rokotekattavuus. Hallitus on asettanut tavoitteeksi v\u00e4hint\u00e4\u00e4n 80 prosentin rokotekattavuuden yli 12-vuotiaiden osalta ja sen saavuttamiseen menee viel\u00e4 ainakin viikkoja. Kenties kolmas rokotuskin tulee jossain vaiheessa ajankohtaiseksi ainakin riskiryhm\u00e4l\u00e4isille. N\u00e4inh\u00e4n toimitaan jo joissakin maissa.<\/p>\n<p>Edelleen tarvitaan siis tervett\u00e4 j\u00e4rke\u00e4 niin ett\u00e4 tilannekohtaisesti huolehditaan turvav\u00e4leist\u00e4 ja maskeista eik\u00e4 sairaana l\u00e4hdet\u00e4 minnek\u00e4\u00e4n. Rajoituksista on p\u00e4\u00e4tett\u00e4v\u00e4 alueellisesti, sill\u00e4 mit\u00e4\u00e4n yhten\u00e4ist\u00e4 valtakunnallista ohjeistusta ei voida antaa. Et\u00e4ty\u00f6t\u00e4 ja hybridikokouksia suositellaan edelleen.<\/p>\n<p>Hallituksen tavoitteena on, ett\u00e4 toimitaan terveys edell\u00e4, samalla toimien siten ett\u00e4 j\u00e4rkev\u00e4ll\u00e4 tavalla voidaan el\u00e4\u00e4 mahdollisimman normaalia el\u00e4m\u00e4\u00e4 rajoitusten kanssa. Koronapassi on yksi t\u00e4m\u00e4n mahdollistava asia, vaikka siihen liittyy paljon perustuslaillisia ongelmia yhdenvertaisuuden n\u00e4k\u00f6kulmasta. Julkisiin palveluihin ei koronapassia ainakaan voida soveltaa. Asiaa selvitet\u00e4\u00e4n nyt ministeri\u00f6iss\u00e4 ja jos asia etenee, se tulee my\u00f6s perustuslakivaliokunnan arvioitavaksi.<\/p>\n<p>Koulut ja oppilaitokset halutaan pit\u00e4\u00e4 auki, sill\u00e4 nyt\u00a0on et\u00e4opetuksen aikana korostuneiden oppimisvaikeuksien ja muiden koronasta johtuvien lasten ja nuorten pahoinvointia lis\u00e4nneiden tilanteiden korjaamisessa kriittinen aika. Korjaavilla toimenpiteill\u00e4 on kiire ja nyt uudelleen et\u00e4opetukseen siirtyminen voisi joidenkin lasten ja nuorten kohdalla heikent\u00e4\u00e4 tilannetta entisest\u00e4\u00e4n. Lasten tulisi p\u00e4\u00e4st\u00e4 my\u00f6s harrastustoiminnan pariin ja muutoin kohti mahdollisimman normaalia arkea.<\/p>\n<p>Jo ennen koronaa meill\u00e4 on ollut tiedossamme, ett\u00e4 osaaminen jakautuu jo perusopetuksen aikana. Viimeisimm\u00e4n, kes\u00e4kuussa julkaistun, tilastotiedon mukaan jo noin kolmannes perusopetuksen oppilaista tarvitsee jonkin tyyppist\u00e4 tukea ja joka viides oppilas joko tehostettua tai erityist\u00e4 tukea. Tilanne on siis pahentunut koronaepidemian aikana. Nyt kunnissa on pidett\u00e4v\u00e4 huolta, ett\u00e4 oppimisvajeen korjaamiseen ja lasten ja nuorten hyvinvoinnin tukemiseen tarkoitetut rahat kohdennetaan juuri sinne, minne ne on tarkoitettu.<\/p>\n<p>Lis\u00e4ksi on muistettava, ett\u00e4 monien tutkimusten mukaan lasten ja nuorten koulumenestys on yhteydess\u00e4 perhetaustaan ja siksi lasten ja nuorten hyvinvointiin liittyvi\u00e4 toimia tulee suunnata koulutuksen lis\u00e4ksi my\u00f6s perheiden ja koulun ulkopuolisten toimijoiden kautta. J\u00e4rjest\u00f6t tekev\u00e4t t\u00e4ss\u00e4 eritt\u00e4in t\u00e4rke\u00e4\u00e4 ty\u00f6t\u00e4.<\/p>\n<p>Samoin on muistettava, ett\u00e4 laadukas varhaiskasvatus on tehokas tapa tasoittaa perhetaustan vaikutuksia ja siksi varhaiskasvatuksessa on huolehdittava riitt\u00e4v\u00e4n pienist\u00e4 lapsiryhmist\u00e4 sek\u00e4 ammattitaitoisesta henkil\u00f6st\u00f6st\u00e4.<\/p>\n<p>Eli edelleen tarvitaan vastuullista toimintaa meilt\u00e4 jokaiselta. Vaikka rajoitukset ja maskien k\u00e4ytt\u00f6 jo varmasti uuvuttavat l\u00e4hes kaikkia meist\u00e4, niin muistetaan, ett\u00e4 n\u00e4ill\u00e4 toimenpiteill\u00e4 v\u00e4lit\u00e4mme itsest\u00e4mme ja toisista.<\/p>\n<p>&nbsp;<\/p>\n<p>-Merja M\u00e4kisalo-Ropponen<\/p>\n<p>kansanedustaja (sd)<\/p>\n<p>&nbsp;<\/p>\n<p>&nbsp;<\/p>\n<p>Julkaistu Savon Sanomien blogissa 17.8.2021.<\/p>\n","protected":false},"excerpt":{"rendered":"<p>Toivottavasti kaikilla lukijoillani on ollut t\u00e4h\u00e4n saakka oman n\u00e4k\u00f6inen ja voimaannuttava kes\u00e4. Kes\u00e4\u00e4h\u00e4n on viel\u00e4 j\u00e4ljell\u00e4 ja nyt on hyv\u00e4 aika ker\u00e4t\u00e4 auringosta sek\u00e4 luonnosta ja luonnon antimista voimaa talvea varten. Valitettavasti emme p\u00e4\u00e4sseet koronarajoituksista eroon kes\u00e4n aikana, vaikka itsekin niin toiveikkaasti viel\u00e4 kev\u00e4\u00e4ll\u00e4 ajattelin. Joudumme edelleen k\u00e4pristelem\u00e4\u00e4n erilaisten rajoitusten kanssa pitk\u00e4lle syksyyn. Jatkossakaan virus<\/p>\n","protected":false},"author":1,"featured_media":0,"comment_status":"open","ping_status":"open","sticky":false,"template":"","format":"standard","meta":{"_acf_changed":false,"footnotes":""},"categories":[3],"tags":[],"class_list":["post-2671","post","type-post","status-publish","format-standard","hentry","category-blogilta"],"acf":[],"_links":{"self":[{"href":"https:\/\/www.merjamakisalo.fi\/index.php?rest_route=\/wp\/v2\/posts\/2671","targetHints":{"allow":["GET"]}}],"collection":[{"href":"https:\/\/www.merjamakisalo.fi\/index.php?rest_route=\/wp\/v2\/posts"}],"about":[{"href":"https:\/\/www.merjamakisalo.fi\/index.php?rest_route=\/wp\/v2\/types\/post"}],"author":[{"embeddable":true,"href":"https:\/\/www.merjamakisalo.fi\/index.php?rest_route=\/wp\/v2\/users\/1"}],"replies":[{"embeddable":true,"href":"https:\/\/www.merjamakisalo.fi\/index.php?rest_route=%2Fwp%2Fv2%2Fcomments&post=2671"}],"version-history":[{"count":1,"href":"https:\/\/www.merjamakisalo.fi\/index.php?rest_route=\/wp\/v2\/posts\/2671\/revisions"}],"predecessor-version":[{"id":2672,"href":"https:\/\/www.merjamakisalo.fi\/index.php?rest_route=\/wp\/v2\/posts\/2671\/revisions\/2672"}],"wp:attachment":[{"href":"https:\/\/www.merjamakisalo.fi\/index.php?rest_route=%2Fwp%2Fv2%2Fmedia&parent=2671"}],"wp:term":[{"taxonomy":"category","embeddable":true,"href":"https:\/\/www.merjamakisalo.fi\/index.php?rest_route=%2Fwp%2Fv2%2Fcategories&post=2671"},{"taxonomy":"post_tag","embeddable":true,"href":"https:\/\/www.merjamakisalo.fi\/index.php?rest_route=%2Fwp%2Fv2%2Ftags&post=2671"}],"curies":[{"name":"wp","href":"https:\/\/api.w.org\/{rel}","templated":true}]}}