{"id":2641,"date":"2021-06-18T08:55:04","date_gmt":"2021-06-18T05:55:04","guid":{"rendered":"https:\/\/www.merjamakisalo.fi\/?p=2641"},"modified":"2021-06-18T08:55:04","modified_gmt":"2021-06-18T05:55:04","slug":"tarvitaan-vahvoja-toimia-demokratian-hyvaksi","status":"publish","type":"post","link":"https:\/\/www.merjamakisalo.fi\/?p=2641","title":{"rendered":"Tarvitaan vahvoja toimia demokratian hyv\u00e4ksi"},"content":{"rendered":"<p>Viime sunnuntain kuntavaalit p\u00e4\u00e4ttyiv\u00e4t ristiriitaisissa tunnelmissa. Toisaalta onnistuimme s\u00e4ilytt\u00e4m\u00e4\u00e4n valtakunnallisesti asemamme monissa kaupungeissa ja esimerkiksi perussuomalaisten rynnistys j\u00e4i lopulta odotettua pienemm\u00e4ksi. Joensuussa sosialidemokraatit s\u00e4ilyiv\u00e4t suurimpana ryhm\u00e4, joskin yhden paikan menestyksell\u00e4.<\/p>\n<p>Haluan kiitt\u00e4\u00e4 kaikkia vaaleissa ehdolla olleita, vaality\u00f6ntekij\u00f6it\u00e4 ja tukiryhm\u00e4l\u00e4isi\u00e4 sek\u00e4 ennen kaikkea \u00e4\u00e4nest\u00e4ji\u00e4. Olette kaikki tehneet ensiarvoisen t\u00e4rke\u00e4\u00e4 ty\u00f6t\u00e4 demokratian vahvistamiseksi. On ollut hienoa huomata monien aktiivisuus ja pyyteet\u00f6n toiminta yhteisen hyv\u00e4n eteen. Jokaista tarvitaan ja jokainen \u00e4\u00e4ni on t\u00e4rke\u00e4.<\/p>\n<p>Kuntavaalit olivat monella tapaa t\u00e4ysin poikkeukselliset mihink\u00e4\u00e4n aiempiin vaaleihin verrattuna. Koronaepidemia ja siit\u00e4 seuranneet varotoimenpiteet merkitsiv\u00e4t\u00a0sit\u00e4, ett\u00e4 emme aiempien vaalien tapaan p\u00e4\u00e4sset laajasti tapaamaan ihmisi\u00e4, kuin vasta vaalikampanjan loppumetreill\u00e4, ja k\u00e4ym\u00e4\u00e4n keskustelua kuntalaisten toiveista ja ajatuksista. T\u00e4m\u00e4 on osin paitsi passivoinut \u00e4\u00e4nest\u00e4ji\u00e4, mutta my\u00f6s merkinnyt sit\u00e4, ett\u00e4 valtakunnan politiikan teemat ovat korostuneet vaaliessa kunnallisten asioiden sijaan.<\/p>\n<p>Kuntavaaleja leimasi valitettavan heikko \u00e4\u00e4nestysprosentti niin koko maassa kuin erityisesti Pohjois-Karjalassa. T\u00e4m\u00e4 kehitys on valitettavasti ollut vallalla jo pidemm\u00e4n aikaa ja vaarana onkin demokratian toteutuminen, jos \u00e4\u00e4nestystulos ei edusta kattavasti koko v\u00e4est\u00f6\u00e4 tai esimerkiksi kaikkia kuntalaisia.<\/p>\n<p>Er\u00e4s syy heikentyneeseen \u00e4\u00e4nestysintoon on, ett\u00e4 moni ei koe voivansa vaikuttaa antamalla \u00e4\u00e4nens\u00e4. Esimerkiksi pitk\u00e4aikaisty\u00f6tt\u00f6mi\u00e4, matalasti koulutettuja, ty\u00f6markkinoiden ulkopuolella olevia nuoria, vammaisia tai maahanmuuttajia on edelleen kovin v\u00e4h\u00e4n valtuutetuista ja siksi my\u00f6s n\u00e4iden ryhmien asiat j\u00e4\u00e4v\u00e4t liian v\u00e4h\u00e4lle huomiolle.<\/p>\n<p>T\u00e4m\u00e4 v\u00e4hent\u00e4\u00e4 my\u00f6s n\u00e4iden syrj\u00e4\u00e4n j\u00e4tettyjen ryhmien halua \u00e4\u00e4nest\u00e4\u00e4, kun kokemus on, ett\u00e4 asiat eiv\u00e4t etene tai edes nouse kunnolla keskusteluun. T\u00e4ss\u00e4 meill\u00e4 kaikilla onkin peiliin katsomisen paikka. Jos emme tulevaisuudessa pysty paremmin toimimaan n\u00e4iden ryhmien \u00e4\u00e4nen\u00e4 on meill\u00e4 vaarana, ett\u00e4 merkitt\u00e4v\u00e4 osa kansalaisista ajautuu pysyv\u00e4sti demokratian ulkokeh\u00e4lle.<\/p>\n<p>Jotta t\u00e4m\u00e4 kehitys voidaan k\u00e4\u00e4nt\u00e4\u00e4, tarvitaan tilanteen l\u00e4pikotaista l\u00e4pik\u00e4ynti\u00e4 ja pikaisia toimenpiteit\u00e4. Yht\u00e4 ainoaa hopealuotia ei t\u00e4ss\u00e4 ole ja tulokset n\u00e4kyv\u00e4t pidemm\u00e4ll\u00e4 aikav\u00e4lill\u00e4, joten siksi toimet on aloitettava nopeasti. Tarvitsemme kattavaa tiedonsaantia, yhteiskunnallisten asioiden parempaa huomioimista jo kouluissa, mutta my\u00f6s toisiamme kunnioittavaa keskustelukulttuuria.<\/p>\n<p>Suomalaiset ovat kiinnostuneita yhteiskunnallisista asioista, joten meid\u00e4n on paremmin luotava heille mahdollisuus saada \u00e4\u00e4nens\u00e4 kuuluville.<\/p>\n<p>&nbsp;<\/p>\n<p>-Merja M\u00e4kisalo-Ropponen<\/p>\n<p>kansanedustaja (sd)<\/p>\n<p>&nbsp;<\/p>\n<p>&nbsp;<\/p>\n<p>Julkaistu Viikko-Pohjois-Karjala -lehdess\u00e4 17.6.2021.<\/p>\n","protected":false},"excerpt":{"rendered":"<p>Viime sunnuntain kuntavaalit p\u00e4\u00e4ttyiv\u00e4t ristiriitaisissa tunnelmissa. Toisaalta onnistuimme s\u00e4ilytt\u00e4m\u00e4\u00e4n valtakunnallisesti asemamme monissa kaupungeissa ja esimerkiksi perussuomalaisten rynnistys j\u00e4i lopulta odotettua pienemm\u00e4ksi. Joensuussa sosialidemokraatit s\u00e4ilyiv\u00e4t suurimpana ryhm\u00e4, joskin yhden paikan menestyksell\u00e4. Haluan kiitt\u00e4\u00e4 kaikkia vaaleissa ehdolla olleita, vaality\u00f6ntekij\u00f6it\u00e4 ja tukiryhm\u00e4l\u00e4isi\u00e4 sek\u00e4 ennen kaikkea \u00e4\u00e4nest\u00e4ji\u00e4. Olette kaikki tehneet ensiarvoisen t\u00e4rke\u00e4\u00e4 ty\u00f6t\u00e4 demokratian vahvistamiseksi. On ollut hienoa huomata<\/p>\n","protected":false},"author":1,"featured_media":0,"comment_status":"open","ping_status":"open","sticky":false,"template":"","format":"standard","meta":{"_acf_changed":false,"footnotes":""},"categories":[4],"tags":[],"class_list":["post-2641","post","type-post","status-publish","format-standard","hentry","category-kolumnit"],"acf":[],"_links":{"self":[{"href":"https:\/\/www.merjamakisalo.fi\/index.php?rest_route=\/wp\/v2\/posts\/2641","targetHints":{"allow":["GET"]}}],"collection":[{"href":"https:\/\/www.merjamakisalo.fi\/index.php?rest_route=\/wp\/v2\/posts"}],"about":[{"href":"https:\/\/www.merjamakisalo.fi\/index.php?rest_route=\/wp\/v2\/types\/post"}],"author":[{"embeddable":true,"href":"https:\/\/www.merjamakisalo.fi\/index.php?rest_route=\/wp\/v2\/users\/1"}],"replies":[{"embeddable":true,"href":"https:\/\/www.merjamakisalo.fi\/index.php?rest_route=%2Fwp%2Fv2%2Fcomments&post=2641"}],"version-history":[{"count":1,"href":"https:\/\/www.merjamakisalo.fi\/index.php?rest_route=\/wp\/v2\/posts\/2641\/revisions"}],"predecessor-version":[{"id":2642,"href":"https:\/\/www.merjamakisalo.fi\/index.php?rest_route=\/wp\/v2\/posts\/2641\/revisions\/2642"}],"wp:attachment":[{"href":"https:\/\/www.merjamakisalo.fi\/index.php?rest_route=%2Fwp%2Fv2%2Fmedia&parent=2641"}],"wp:term":[{"taxonomy":"category","embeddable":true,"href":"https:\/\/www.merjamakisalo.fi\/index.php?rest_route=%2Fwp%2Fv2%2Fcategories&post=2641"},{"taxonomy":"post_tag","embeddable":true,"href":"https:\/\/www.merjamakisalo.fi\/index.php?rest_route=%2Fwp%2Fv2%2Ftags&post=2641"}],"curies":[{"name":"wp","href":"https:\/\/api.w.org\/{rel}","templated":true}]}}