{"id":2551,"date":"2021-04-06T13:33:22","date_gmt":"2021-04-06T10:33:22","guid":{"rendered":"https:\/\/www.merjamakisalo.fi\/?p=2551"},"modified":"2021-04-06T13:52:21","modified_gmt":"2021-04-06T10:52:21","slug":"lasten-ja-nuorten-eriarvoisuus-kasvoi-koronan-takia","status":"publish","type":"post","link":"https:\/\/www.merjamakisalo.fi\/?p=2551","title":{"rendered":"Lasten ja nuorten eriarvoisuus kasvoi koronan takia"},"content":{"rendered":"<p>Viime viikolla julkaistiin <a href=\"https:\/\/julkaisut.valtioneuvosto.fi\/handle\/10024\/162970\">lapsiasiavaltuutetun vuosikertomus 2020<\/a> otsikolla \u201dPandemian varjossa kohti maapallon tulevaisuutta.\u201d Vuosikertomuksessa tuli esille samankaltaisia huolia lasten ja nuorten terveyteen ja hyvinvointiin liittyen kuin esimerkiksi aiemmin kev\u00e4\u00e4ll\u00e4 julkaistussa Ihmisoikeuskeskuksen raportissa <a href=\"https:\/\/www.ihmisoikeuskeskus.fi\/?x5822114=10111808\">Koronapandemian vaikutukset perus- ja ihmisoikeuksien toteutumiseen.<\/a><\/p>\n<p>Pandemian aiheuttama kriisi on vaikuttanut monin tavoin kaikkien lasten, nuorten ja perheiden arkeen, hyvinvointiin ja oikeuksien toteutumiseen. Vaikutukset eiv\u00e4t kuitenkaan ole samanlaisia kaikkien lasten ja nuorten kohdalla.<\/p>\n<p>Pandemian vaikutukset kohdentuivat eri perheisiin sek\u00e4 lapsiin ja nuoriin vaihtelevasti. Osa perheist\u00e4 nautti lis\u00e4\u00e4ntyneest\u00e4 yhteisest\u00e4 ajasta ja osalla lapsista ja nuorista kotona oleminen ja et\u00e4opetus ei aiheuttaneet mink\u00e4\u00e4nlaisia ongelmia. He ovat jopa hy\u00f6tyneet ajasta ja paikasta riippumattomasta opiskelusta, ja he ovat osanneet hakea my\u00f6s tukea ja ohjausta.<\/p>\n<p>Kriisin kielteiset vaikutukset kohdistuvat erityisesti niihin lapsiin, nuoriin ja perheisiin, jotka ovat jo ennest\u00e4\u00e4n olleet heikommassa asemassa. V\u00e4h\u00e4varaisissa perheiss\u00e4 el\u00e4v\u00e4t lapset, vammaiset lapset, lastensuojelun tai muun erityispalvelujen piiriss\u00e4 olevat lapset tai v\u00e4hemmist\u00f6ryhmiin kuuluvat lapset ovat k\u00e4rsineet pandemian seurauksista eniten.<\/p>\n<p>L\u00e4hiopetuksen puute on lis\u00e4nnyt tuen tarvetta erityisesti niill\u00e4 oppijoilla, joilla on ongelmia opintojen etenemisess\u00e4. Oppijoiden saama tuki et\u00e4opiskelun aikana ei ollut kaikilta osin riitt\u00e4v\u00e4\u00e4. Opiskeluhuollon j\u00e4rjest\u00e4misess\u00e4 on paikoin ollut haasteita kaikilla opetusasteilla.<\/p>\n<p>Et\u00e4opiskelun aikana kodin tuen merkitys kasvoi ja kotoa saadun tuen vaihtelevuus aiheutti eriarvoisuutta tasa-arvoisissa oppimisen edellytyksiss\u00e4. Et\u00e4opetuksessa korostuva itseohjautuvuus asettaa oppijat eriarvoiseen asemaan: el\u00e4m\u00e4nhallinnan ongelmat, oppimiseen liittyv\u00e4t vaikeudet ja erilaiset mahdollisuudet opiskella kotioloissa vahvistavat eroja oppijoiden v\u00e4lill\u00e4.<\/p>\n<p>Koronakev\u00e4t ja et\u00e4opetus kuormittivat varsinkin erityist\u00e4 tukea tarvitsevien lasten perheit\u00e4, kun palvelut muuttivat muotoaan tai j\u00e4iv\u00e4t tauolle heikent\u00e4en samalla vanhempien voimavaroja. Vammaisfoorumi vetosi jo kev\u00e4\u00e4ll\u00e4, ett\u00e4 vammaisten lasten perheet uupuvat poikkeusajan my\u00f6t\u00e4 tapahtuneeseen lasten ja perheiden tuki- ja kuntoutuspalvelujen puutteeseen. T\u00e4t\u00e4 huolta ei riitt\u00e4v\u00e4sti kuultu.<\/p>\n<p>&nbsp;<\/p>\n<p><strong>My\u00f6s lapsiperheiden taloudellinen eriarvoisuus kasvoi<\/strong><\/p>\n<p>Pandemian vaikutukset lapsiperheiden taloudelliseen tilanteeseen ovat riippuvaisia kriisi\u00e4 edelt\u00e4neest\u00e4 taloudellisesta tilanteesta, perheen ty\u00f6llisyystilanteesta ja velkaantumisasteesta. Niiss\u00e4 perheiss\u00e4, joissa kaksi ty\u00f6ss\u00e4k\u00e4yv\u00e4\u00e4 vanhempaa on saanut pit\u00e4\u00e4 ty\u00f6paikkansa, taloudellinen tilanne on voinut kohentua kulutuksen v\u00e4hentyess\u00e4. Perheiss\u00e4, joita ty\u00f6tt\u00f6myys, kysynn\u00e4n romahtaminen tai konkurssit ovat koetelleet, on jouduttu ehk\u00e4 ensimm\u00e4ist\u00e4 kertaa taloudellisten vaikeuksien \u00e4\u00e4relle. Perheiss\u00e4, joiden tilanne on jo ennen pandemiaa ollut vaikea, tilanne on voinut luisua aiempaa heikompaan tilaan, sill\u00e4 tulonsiirtojen reaaliarvon heikkeneminen on kurittanut perheit\u00e4 jo vuosien ajan.<\/p>\n<p>Lis\u00e4ksi noin puolet k\u00f6yhien lapsiperheiden huoltajista k\u00e4y t\u00f6iss\u00e4, tyypillisesti matalapalkka-aloilla kuten palvelu- ja myyntisektorilla, johon pandemia on iskenyt kovimmin. Sen sijaan toimeentulotukea saavissa lapsiperheiss\u00e4 pandemia saattoi vaikuttaa my\u00f6nteisesti k\u00e4ytett\u00e4viss\u00e4 oleviin tuloihin, kun toimeentulotuen asiakkaille p\u00e4\u00e4tettiin maksaa ylim\u00e4\u00e4r\u00e4ist\u00e4 epidemiakorvausta.<\/p>\n<p>Lapsiperheiden k\u00f6yhyys ja elintason polarisoituminen on ollut Suomessa ongelmana vuoden 1990 lamavuosista asti ja covid-19-pandemia tuskin korjaa kehityst\u00e4. Mik\u00e4li pandemian torjunnassa onnistutaan, elinkeino- ja ty\u00f6markkinat palautuvat ja s\u00e4ilytt\u00e4v\u00e4t toimintakykyns\u00e4, ja sosiaaliturvaa tarvitsevat lapsiperheet kyet\u00e4\u00e4n pit\u00e4m\u00e4\u00e4n taloudellisen kehityksen matkassa, pandemian seuraukset lasten materiaalisille olosuhteille pysyv\u00e4t maltillisina. Jos n\u00e4iss\u00e4 toimissa sen sijaan ep\u00e4onnistutaan, kielteiset seuraukset voivat olla pitk\u00e4kestoiset ja n\u00e4ky\u00e4 my\u00f6s tulevien sukupolvien materiaalisten elinolojen puutteina.<\/p>\n<p>&nbsp;<\/p>\n<p><strong>Miten t\u00e4st\u00e4 eteenp\u00e4in?<\/strong><\/p>\n<p>Koronan exit-strategiassa on huomioitava erityisesti lapset ja nuoret. Nyt emme saa toistaa 1990-laman virheit\u00e4. Erityisen haavoittuvassa asemassa olevien lasten tukemiseen ja auttamiseen on l\u00f6ydytt\u00e4v\u00e4 rahaa yhteiskunnassa nyt, sill\u00e4 muuten yhteiskunnan inhimilliset ja taloudelliset menetykset ja k\u00e4rsimykset ovat tulevina vuosina eritt\u00e4in suuria. Kouluissa erityislapset tarvitsevat nyt erityisopettajien, koulunk\u00e4yntiavustajien ja oppilashuollon yksil\u00f6llist\u00e4 tukea.<\/p>\n<p>Esimeriksi Lakeuden omaishoitajat ovat tehneet\u00a0Meid\u00e4n erityinen perhe &#8211; hankkeessa selvitysty\u00f6t\u00e4 koulunk\u00e4ynninohjaajien merkityksest\u00e4 erityislasten koulunk\u00e4ynnin mahdollistajina ja tukijoina. Hankkeen aikana on tultu siihen johtop\u00e4\u00e4t\u00f6kseen, ett\u00e4 koulunk\u00e4yntiohjaajien palkkaaminen on ennaltaehk\u00e4isev\u00e4\u00e4 toimintaa parhaimmillaan ja parhaassa tapauksessa koulunk\u00e4ynninohjaajien m\u00e4\u00e4r\u00e4\u00e4 lis\u00e4\u00e4m\u00e4ll\u00e4 s\u00e4\u00e4stet\u00e4\u00e4n merkitt\u00e4vi\u00e4 m\u00e4\u00e4ri\u00e4 yhteiskunnan rahoja ja autetaan erityislapsia l\u00f6yt\u00e4m\u00e4\u00e4n omat vahvuudet.<\/p>\n<p>Vastaavanlaisia hyvi\u00e4 hankkeita on tehty ymp\u00e4ri maata ja nyt n\u00e4iden hankkeiden tulokset on saatava jakoon ja k\u00e4ytt\u00f6\u00f6n. T\u00e4m\u00e4n kaltainen toiminta on my\u00f6s inkluusioon ehdoton ja v\u00e4ltt\u00e4m\u00e4t\u00f6n edellytys.<\/p>\n<p>&nbsp;<\/p>\n<p>-Merja M\u00e4kisalo-Ropponen<\/p>\n<p>kansanedustaja (sd)<\/p>\n<p>&nbsp;<\/p>\n<p>&nbsp;<\/p>\n<p>Julkaistu Savon Sanomien blogissa 6.4.2021.<\/p>\n","protected":false},"excerpt":{"rendered":"<p>Viime viikolla julkaistiin lapsiasiavaltuutetun vuosikertomus 2020 otsikolla \u201dPandemian varjossa kohti maapallon tulevaisuutta.\u201d Vuosikertomuksessa tuli esille samankaltaisia huolia lasten ja nuorten terveyteen ja hyvinvointiin liittyen kuin esimerkiksi aiemmin kev\u00e4\u00e4ll\u00e4 julkaistussa Ihmisoikeuskeskuksen raportissa Koronapandemian vaikutukset perus- ja ihmisoikeuksien toteutumiseen. Pandemian aiheuttama kriisi on vaikuttanut monin tavoin kaikkien lasten, nuorten ja perheiden arkeen, hyvinvointiin ja oikeuksien toteutumiseen. Vaikutukset<\/p>\n","protected":false},"author":1,"featured_media":0,"comment_status":"open","ping_status":"open","sticky":false,"template":"","format":"standard","meta":{"_acf_changed":false,"footnotes":""},"categories":[3],"tags":[],"class_list":["post-2551","post","type-post","status-publish","format-standard","hentry","category-blogilta"],"acf":[],"_links":{"self":[{"href":"https:\/\/www.merjamakisalo.fi\/index.php?rest_route=\/wp\/v2\/posts\/2551","targetHints":{"allow":["GET"]}}],"collection":[{"href":"https:\/\/www.merjamakisalo.fi\/index.php?rest_route=\/wp\/v2\/posts"}],"about":[{"href":"https:\/\/www.merjamakisalo.fi\/index.php?rest_route=\/wp\/v2\/types\/post"}],"author":[{"embeddable":true,"href":"https:\/\/www.merjamakisalo.fi\/index.php?rest_route=\/wp\/v2\/users\/1"}],"replies":[{"embeddable":true,"href":"https:\/\/www.merjamakisalo.fi\/index.php?rest_route=%2Fwp%2Fv2%2Fcomments&post=2551"}],"version-history":[{"count":2,"href":"https:\/\/www.merjamakisalo.fi\/index.php?rest_route=\/wp\/v2\/posts\/2551\/revisions"}],"predecessor-version":[{"id":2553,"href":"https:\/\/www.merjamakisalo.fi\/index.php?rest_route=\/wp\/v2\/posts\/2551\/revisions\/2553"}],"wp:attachment":[{"href":"https:\/\/www.merjamakisalo.fi\/index.php?rest_route=%2Fwp%2Fv2%2Fmedia&parent=2551"}],"wp:term":[{"taxonomy":"category","embeddable":true,"href":"https:\/\/www.merjamakisalo.fi\/index.php?rest_route=%2Fwp%2Fv2%2Fcategories&post=2551"},{"taxonomy":"post_tag","embeddable":true,"href":"https:\/\/www.merjamakisalo.fi\/index.php?rest_route=%2Fwp%2Fv2%2Ftags&post=2551"}],"curies":[{"name":"wp","href":"https:\/\/api.w.org\/{rel}","templated":true}]}}