{"id":2524,"date":"2021-03-05T11:36:56","date_gmt":"2021-03-05T09:36:56","guid":{"rendered":"https:\/\/www.merjamakisalo.fi\/?p=2524"},"modified":"2021-03-05T11:36:56","modified_gmt":"2021-03-05T09:36:56","slug":"sote-uudistuksessa-viela-hiottavaa","status":"publish","type":"post","link":"https:\/\/www.merjamakisalo.fi\/?p=2524","title":{"rendered":"Sote-uudistuksessa viel\u00e4 hiottavaa"},"content":{"rendered":"<p>Olen vahvasti hallituksen sosiaali- ja terveydenhuollon uudistusmallin kannattaja, mutta samalla on syyt\u00e4 todeta ett\u00e4, malli ei ole t\u00e4ydellinen ja siihen liittyy viel\u00e4 pari huolestuttavaa seikkaa.<\/p>\n<p>Ensinn\u00e4kin terveyden- ja hyvinvoinnin edist\u00e4misen vastuiden jakautuminen toisaalta kuntaan ja toisaalta tulevalle hyvinvointialueelle on osoittautunut jo Siun Sotessakin hankalaksi asiaksi. Kuntalain mukaan terveyden ja hyvinvoinnin edist\u00e4minen kuuluu edelleen kunnan perusteht\u00e4viin, mutta yht\u00e4 t\u00e4rke\u00e4\u00e4 se on my\u00f6s sosiaali- ja terveystoimessa.<\/p>\n<p>Ongelmia kuitenkin edelleen on, eik\u00e4 edes yhteist\u00e4 k\u00e4sityst\u00e4 terveyden- ja hyvinvoinnin edist\u00e4misen sis\u00e4ll\u00f6ist\u00e4 ole syntynyt \u2013 puhumattakaan siit\u00e4, ett\u00e4 yhdyspinta olisi selke\u00e4 ja toiminnat sujuvia. Lis\u00e4ksi on huomioitava, ett\u00e4 terveyden- ja hyvinvoinnin edist\u00e4misty\u00f6t\u00e4 tehd\u00e4\u00e4n my\u00f6s j\u00e4rjest\u00f6iss\u00e4 ja my\u00f6s j\u00e4rjest\u00f6jen tulisi l\u00f6yt\u00e4\u00e4 oma roolinsa ja paikkansa yhdyspinnalla.<\/p>\n<p>Sote-lakiesityksess\u00e4 puhutaan yhteisty\u00f6st\u00e4, mutta sille ei ole annettu muotoa. Lakiesityksess\u00e4 todetaan, ett\u00e4 hyvinvointialueen ja alueen kuntien on neuvoteltava v\u00e4hint\u00e4\u00e4n vuosittain yhdess\u00e4 alueensa kanssa terveyden- ja hyvinvoinnin edist\u00e4mist\u00e4 koskevista tavoitteista, toimenpiteist\u00e4, yhteisty\u00f6st\u00e4 ja seurannasta.<\/p>\n<p>T\u00e4m\u00e4 linkittyy hyvinvointialueen hyvinvointikertomuksen ja -suunnitelman laadintaprosessiin, joka on toteutettava yhteisty\u00f6ss\u00e4 alueen kuntien kanssa. Oikein ymm\u00e4rrettyn\u00e4 t\u00e4m\u00e4 kyll\u00e4 ohjaa yhteisty\u00f6t\u00e4, mutta jos terveyden- ja hyvinvoinnin edist\u00e4misen merkityst\u00e4 ei ymm\u00e4rret\u00e4, toimenpiteet hyvinvointialueilla ja kunnissa voivat j\u00e4\u00e4d\u00e4 kovin suppeiksi.<\/p>\n<p>Pahimmillaan t\u00e4st\u00e4 seuraa se, ett\u00e4 terveyden- ja hyvinvoinnin edist\u00e4mist\u00e4 pompotellaan taholta toiselle eik\u00e4 j\u00e4rjest\u00f6jen ty\u00f6t\u00e4 osata riitt\u00e4v\u00e4sti hy\u00f6dynt\u00e4\u00e4. On kuitenkin syyt\u00e4 muistaa, ett\u00e4 terveyden- ja hyvinvoinnin edist\u00e4minen on paras ja kustannustehokkain tapa saada tulevaisuuden sote-kustannuksia kuriin.<\/p>\n<p>Pohjois-Karjalan n\u00e4k\u00f6kulmasta lakiesityksess\u00e4 on my\u00f6s rahoitukseen liittyv\u00e4 ongelma. Nyt n\u00e4ytt\u00e4\u00e4 ik\u00e4v\u00e4 kyll\u00e4 silt\u00e4, ett\u00e4 esitykseen sis\u00e4ltyv\u00e4 muutosleikkuri leikkaa tulevan Pohjois-Karjalan hyvinvointialueen rahoitusta merkitt\u00e4v\u00e4sti. Lakiesitykseen liittyv\u00e4n leikkurin takia Pohjois-Karjalalta j\u00e4\u00e4 siirtym\u00e4kauden j\u00e4lkeen pysyv\u00e4sti saamatta vuositasolla noin 25 miljoonaa suhteessa tarvevakioinnin osoittamaan resurssiin.<\/p>\n<p>T\u00e4h\u00e4n tuleekin viel\u00e4 meneill\u00e4\u00e4n olevassa eduskuntak\u00e4sittelyss\u00e4 kiinnitt\u00e4\u00e4 huomiota, jotta voimme varmistaa my\u00f6s tulevan Pohjois-Karjalan hyvinvointialueen osalta riitt\u00e4v\u00e4n rahoituksen ja t\u00e4t\u00e4 kautta turvatut palvelut.<\/p>\n<p>&nbsp;<\/p>\n<p>-Merja M\u00e4kisalo-Ropponen<\/p>\n<p>kansanedustaja (sd)<\/p>\n<p>&nbsp;<\/p>\n<p>Julkaistu Viikko-Pohjois-Karjala -lehdess\u00e4 4.3.2021.<\/p>\n","protected":false},"excerpt":{"rendered":"<p>Olen vahvasti hallituksen sosiaali- ja terveydenhuollon uudistusmallin kannattaja, mutta samalla on syyt\u00e4 todeta ett\u00e4, malli ei ole t\u00e4ydellinen ja siihen liittyy viel\u00e4 pari huolestuttavaa seikkaa. Ensinn\u00e4kin terveyden- ja hyvinvoinnin edist\u00e4misen vastuiden jakautuminen toisaalta kuntaan ja toisaalta tulevalle hyvinvointialueelle on osoittautunut jo Siun Sotessakin hankalaksi asiaksi. Kuntalain mukaan terveyden ja hyvinvoinnin edist\u00e4minen kuuluu edelleen kunnan perusteht\u00e4viin,<\/p>\n","protected":false},"author":1,"featured_media":0,"comment_status":"open","ping_status":"open","sticky":false,"template":"","format":"standard","meta":{"_acf_changed":false,"footnotes":""},"categories":[4],"tags":[],"class_list":["post-2524","post","type-post","status-publish","format-standard","hentry","category-kolumnit"],"acf":[],"_links":{"self":[{"href":"https:\/\/www.merjamakisalo.fi\/index.php?rest_route=\/wp\/v2\/posts\/2524","targetHints":{"allow":["GET"]}}],"collection":[{"href":"https:\/\/www.merjamakisalo.fi\/index.php?rest_route=\/wp\/v2\/posts"}],"about":[{"href":"https:\/\/www.merjamakisalo.fi\/index.php?rest_route=\/wp\/v2\/types\/post"}],"author":[{"embeddable":true,"href":"https:\/\/www.merjamakisalo.fi\/index.php?rest_route=\/wp\/v2\/users\/1"}],"replies":[{"embeddable":true,"href":"https:\/\/www.merjamakisalo.fi\/index.php?rest_route=%2Fwp%2Fv2%2Fcomments&post=2524"}],"version-history":[{"count":1,"href":"https:\/\/www.merjamakisalo.fi\/index.php?rest_route=\/wp\/v2\/posts\/2524\/revisions"}],"predecessor-version":[{"id":2525,"href":"https:\/\/www.merjamakisalo.fi\/index.php?rest_route=\/wp\/v2\/posts\/2524\/revisions\/2525"}],"wp:attachment":[{"href":"https:\/\/www.merjamakisalo.fi\/index.php?rest_route=%2Fwp%2Fv2%2Fmedia&parent=2524"}],"wp:term":[{"taxonomy":"category","embeddable":true,"href":"https:\/\/www.merjamakisalo.fi\/index.php?rest_route=%2Fwp%2Fv2%2Fcategories&post=2524"},{"taxonomy":"post_tag","embeddable":true,"href":"https:\/\/www.merjamakisalo.fi\/index.php?rest_route=%2Fwp%2Fv2%2Ftags&post=2524"}],"curies":[{"name":"wp","href":"https:\/\/api.w.org\/{rel}","templated":true}]}}