{"id":2472,"date":"2021-01-28T10:00:32","date_gmt":"2021-01-28T08:00:32","guid":{"rendered":"https:\/\/www.merjamakisalo.fi\/?p=2472"},"modified":"2021-01-28T10:00:32","modified_gmt":"2021-01-28T08:00:32","slug":"sanat-voivat-muuttaa-maailmaa","status":"publish","type":"post","link":"https:\/\/www.merjamakisalo.fi\/?p=2472","title":{"rendered":"Sanat voivat muuttaa maailmaa"},"content":{"rendered":"<p>Niin sanottu sosiaalinen konstruktionismi tarkoittaa tieteenfilosofista suuntausta, jossa tiedon, todellisuuden ja sen rakenteiden ja ilmi\u00f6iden n\u00e4hd\u00e4\u00e4n muodostuvan sosiaalisessa ja kielellisess\u00e4 vuorovaikutuksessa. Toisin sanoen\u00a0sosiaalinen kanssak\u00e4yminen, kuten puhe, vaikuttaa ymp\u00e4r\u00f6iv\u00e4\u00e4n maailmaan, mutta toisaalta my\u00f6s ymp\u00e4r\u00f6iv\u00e4 maailma vaikuttaa puheeseemme. Yht\u00e4\u00e4lt\u00e4 siis luomme puhetavoillamme yhteist\u00e4 k\u00e4sityst\u00e4 todellisuudesta, mutta toisaalta keskustelut, joita kuulemme, vaikuttavat omaan ajatteluumme.<\/p>\n<p>Se, miten ilmaisemme jonkin asian, kertoo my\u00f6s siit\u00e4, mink\u00e4 arvon sille\u00a0annamme.\u00a0Siksi ei ole yhdentekev\u00e4\u00e4, mit\u00e4 sanoja k\u00e4yt\u00e4mme. Kieli el\u00e4\u00e4 ja muuttuu. Sanat saavat uusia merkityksi\u00e4 ja piilomerkityksi\u00e4. Usein sanoihin heijastuu my\u00f6s yhteiskunnan haitallisia ja negatiivisia asenteita. Emme aina tule pohtineeksi sanojen tunnemerkityksi\u00e4. \u00a0Emme tule my\u00f6sk\u00e4\u00e4n aina ajatelleeksi, miten sanat vaikuttavat asenteisiin ja sit\u00e4 kautta jopa toimintaan.<\/p>\n<p>Esimerkiksi\u00a0Muistiliitto on j\u00e4senyhdistyksineen tuonut julkisuuteen useaan otteeseen muistisairaiden oman toiveen siit\u00e4, ettei heist\u00e4 puhuttaessa k\u00e4ytett\u00e4isi dementikko-sanaa, koska monet sairastuneet kokevat sen ihmisarvoaan loukkaavana. Sellaista sairautta kuin dementia ei ole. Dementia on oireyhtym\u00e4, joka voi kehitty\u00e4 etenev\u00e4n muistisairauden loppuvaiheessa. Monet muistisairaat kokevat dementikko-sanan leimana otsaan, joka kadottaa heid\u00e4n persoonallisuutensa.<\/p>\n<p>Olen miettinyt paljon my\u00f6s sanojen k\u00e4ytt\u00f6\u00e4 ik\u00e4ihmisten asumisessa, hoidossa ja hoivassa. Pari viikkoa sitten luin\u00a0ymp\u00e4rist\u00f6ministeri\u00f6n viime vuonna tekem\u00e4n selvityksen <a href=\"https:\/\/julkaisut.valtioneuvosto.fi\/handle\/10024\/162126\">ik\u00e4\u00e4ntyneiden v\u00e4limuotoisen asumisen tilanteesta ja tulevaisuuden tarpeista<\/a>. Selvitys oli hyvin tehty ja siin\u00e4 oli paljon t\u00e4rke\u00e4\u00e4 asiaa. Sit\u00e4 lukiessa pohdin my\u00f6s paljon sanojen merkityst\u00e4.<\/p>\n<p>Jos ik\u00e4ihmisten hoidossa ja hoivassa tavoitellaan kodinomaisuutta &#8211; kuten virallisessa puheessa tuomme esille &#8211; niin k\u00e4site \u2019tehostetun palveluasumisen yksikk\u00f6\u2019 ei kuulosta t\u00e4m\u00e4n tavoitteen mukaiselta k\u00e4sitteelt\u00e4. Samoin voidaan kysy\u00e4, miss\u00e4 ik\u00e4ihmisen asuu, jos h\u00e4n asuu \u201dv\u00e4limuotoisessa\u201d asumisessa. Mihin v\u00e4liin h\u00e4n on j\u00e4\u00e4nyt?<\/p>\n<p>Sanojen tunnemerkitykset ovat osittain my\u00f6s henkil\u00f6kohtaisia, mutta itse en haluaisi asua miss\u00e4\u00e4n yksik\u00f6ss\u00e4 enk\u00e4 v\u00e4limuodossa. Haluaisin mieluummin asua ja el\u00e4\u00e4 esimerkiksi yhteis\u00f6kodissa, jossa saan tarpeideni mukaista apua ja tukea.<\/p>\n<p>En my\u00f6sk\u00e4\u00e4n halua osallistua yhteis\u00f6kodissa viriketoimintaan, mutta toivoisin voivani harrastaa minulle tuttuja asioita ja saada jopa uusia harrastuksia. Toivon my\u00f6s, ettei minusta koskaan my\u00f6sk\u00e4\u00e4n puhuttaisi jossakin huoneessa olevana hoidettavana, sy\u00f6tett\u00e4v\u00e4n\u00e4 tai autettavana, koska silloin minusta on tullut pelkk\u00e4 toiminnan kohde ja passiivinen avun saaja. Haluaisin tulla kohdatuksi persoonallisena ihmisen\u00e4 silloinkin, kun en muista asioita ja tarvitsen paljon toisten ihmisten apua ja tukea.<\/p>\n<p>K\u00e4ytt\u00e4m\u00e4mme sanat kertovat paljon siit\u00e4, mit\u00e4 todellisuudessa ajattelemme ja miten asioita arvotamme.<\/p>\n<p>&nbsp;<\/p>\n<p>-Merja M\u00e4kisalo-Ropponen<\/p>\n<p>kansanedustaja (sd)<\/p>\n<p>Muistiliiton hallituksen puheenjohtaja<\/p>\n<p>&nbsp;<\/p>\n<p>Julkaistu Uuden Suomen blogissa 28.1.2021.<\/p>\n","protected":false},"excerpt":{"rendered":"<p>Niin sanottu sosiaalinen konstruktionismi tarkoittaa tieteenfilosofista suuntausta, jossa tiedon, todellisuuden ja sen rakenteiden ja ilmi\u00f6iden n\u00e4hd\u00e4\u00e4n muodostuvan sosiaalisessa ja kielellisess\u00e4 vuorovaikutuksessa. Toisin sanoen\u00a0sosiaalinen kanssak\u00e4yminen, kuten puhe, vaikuttaa ymp\u00e4r\u00f6iv\u00e4\u00e4n maailmaan, mutta toisaalta my\u00f6s ymp\u00e4r\u00f6iv\u00e4 maailma vaikuttaa puheeseemme. Yht\u00e4\u00e4lt\u00e4 siis luomme puhetavoillamme yhteist\u00e4 k\u00e4sityst\u00e4 todellisuudesta, mutta toisaalta keskustelut, joita kuulemme, vaikuttavat omaan ajatteluumme. Se, miten ilmaisemme jonkin<\/p>\n","protected":false},"author":1,"featured_media":0,"comment_status":"open","ping_status":"open","sticky":false,"template":"","format":"standard","meta":{"_acf_changed":false,"footnotes":""},"categories":[3],"tags":[],"class_list":["post-2472","post","type-post","status-publish","format-standard","hentry","category-blogilta"],"acf":[],"_links":{"self":[{"href":"https:\/\/www.merjamakisalo.fi\/index.php?rest_route=\/wp\/v2\/posts\/2472","targetHints":{"allow":["GET"]}}],"collection":[{"href":"https:\/\/www.merjamakisalo.fi\/index.php?rest_route=\/wp\/v2\/posts"}],"about":[{"href":"https:\/\/www.merjamakisalo.fi\/index.php?rest_route=\/wp\/v2\/types\/post"}],"author":[{"embeddable":true,"href":"https:\/\/www.merjamakisalo.fi\/index.php?rest_route=\/wp\/v2\/users\/1"}],"replies":[{"embeddable":true,"href":"https:\/\/www.merjamakisalo.fi\/index.php?rest_route=%2Fwp%2Fv2%2Fcomments&post=2472"}],"version-history":[{"count":1,"href":"https:\/\/www.merjamakisalo.fi\/index.php?rest_route=\/wp\/v2\/posts\/2472\/revisions"}],"predecessor-version":[{"id":2473,"href":"https:\/\/www.merjamakisalo.fi\/index.php?rest_route=\/wp\/v2\/posts\/2472\/revisions\/2473"}],"wp:attachment":[{"href":"https:\/\/www.merjamakisalo.fi\/index.php?rest_route=%2Fwp%2Fv2%2Fmedia&parent=2472"}],"wp:term":[{"taxonomy":"category","embeddable":true,"href":"https:\/\/www.merjamakisalo.fi\/index.php?rest_route=%2Fwp%2Fv2%2Fcategories&post=2472"},{"taxonomy":"post_tag","embeddable":true,"href":"https:\/\/www.merjamakisalo.fi\/index.php?rest_route=%2Fwp%2Fv2%2Ftags&post=2472"}],"curies":[{"name":"wp","href":"https:\/\/api.w.org\/{rel}","templated":true}]}}