{"id":2428,"date":"2020-12-15T12:38:46","date_gmt":"2020-12-15T10:38:46","guid":{"rendered":"https:\/\/www.merjamakisalo.fi\/?p=2428"},"modified":"2020-12-15T12:38:46","modified_gmt":"2020-12-15T10:38:46","slug":"muistityota-kehitetaan-nayttoon-perustuvan-toiminnan-avulla","status":"publish","type":"post","link":"https:\/\/www.merjamakisalo.fi\/?p=2428","title":{"rendered":"Muistity\u00f6t\u00e4 kehitet\u00e4\u00e4n n\u00e4ytt\u00f6\u00f6n perustuvan toiminnan avulla"},"content":{"rendered":"<p>Muistiliitto on muistisairaiden ihmisten ja heid\u00e4n l\u00e4heistens\u00e4 oma j\u00e4rjest\u00f6. Muistiliittoon kuuluu 42 j\u00e4senyhdistyst\u00e4 eri puolilla Suomea. Muistiliiton keskeinen teht\u00e4v\u00e4 on toimia muistisairaiden ihmisten sek\u00e4 heid\u00e4n l\u00e4heistens\u00e4 kansanterveys-, potilas- ja edunvalvontaj\u00e4rjest\u00f6n\u00e4.<\/p>\n<p>T\u00e4m\u00e4n rinnalle on viime vuosina noussut voimallisesti my\u00f6s aivoterveyden edist\u00e4misty\u00f6, sill\u00e4 aivoterveellisill\u00e4 el\u00e4m\u00e4ntavoilla on mahdollista ennaltaehk\u00e4ist\u00e4 muistisairauksia ja my\u00f6s hidastaa sairauden etenemist\u00e4. Aivoterveyden edist\u00e4minen on t\u00e4rke\u00e4\u00e4 vauvasta vaariin ja mummiin ja siksi yksi mottomme onkin, ett\u00e4 muistiasia on kaikkien asia.<\/p>\n<p>Tavoitteenamme on muistiyst\u00e4v\u00e4llisen Suomi, mik\u00e4 tarkoittaa esimerkiksi muistisairaiden ja heid\u00e4n l\u00e4heistens\u00e4 yhdenvertaisten oikeuksien toteutumista. Muistiyst\u00e4v\u00e4llinen, esteet\u00f6n ja saavutettavissa oleva yhteiskunta on kaikille hyv\u00e4 yhteiskunta. Muistiyst\u00e4v\u00e4llisess\u00e4 Suomessa asenteet muistisairaita kohtaan ovat positiivisia. Muistiyst\u00e4v\u00e4llisyys tarkoittaa my\u00f6s oikea-aikaista ja laadukasta hoitoa ja kuntoutusta sek\u00e4 tarpeenmukaisia asumis- ja hoitoratkaisuja. Tied\u00e4mme kaikki, ett\u00e4 t\u00e4ss\u00e4 asiassa on viel\u00e4 paljon kehitett\u00e4v\u00e4\u00e4.<\/p>\n<p>Kehitt\u00e4miseen tarvitaan tutkittua tietoa. T\u00e4m\u00e4 on yksi syy siihen, ett\u00e4 Hoitoty\u00f6n tutkimuss\u00e4\u00e4ti\u00f6n ja Muistiliiton tiet kohtasivat. Hoitoty\u00f6n tutkimuss\u00e4\u00e4ti\u00f6n (Hotus) kansallisesti ainutlaatuisena teht\u00e4v\u00e4n\u00e4 on toimia tutkimusn\u00e4yt\u00f6n v\u00e4litt\u00e4j\u00e4n\u00e4 ja n\u00e4ytt\u00f6\u00f6n perustuvan toiminnan edist\u00e4j\u00e4n\u00e4 hoitoty\u00f6ss\u00e4 toimiville. Teht\u00e4v\u00e4\u00e4ns\u00e4 Hotus toteuttaa kokoamalla, arvioimalla ja tiivist\u00e4m\u00e4ll\u00e4 tutkimusn\u00e4ytt\u00f6\u00e4 k\u00e4yt\u00e4nn\u00f6ss\u00e4 sovellettavaan muotoon sek\u00e4 kehitt\u00e4m\u00e4ll\u00e4 n\u00e4ytt\u00f6\u00f6n perustuvan toiminnan tukirakenteita yhteisty\u00f6ss\u00e4 verkostojensa kanssa.<\/p>\n<p>Muistiliitto korostaa toiminnassaan n\u00e4ytt\u00f6\u00f6n perustuvia toimintamalleja ja Hotus on osoittautunut eritt\u00e4in hyv\u00e4ksi yhteiskumppaniksi t\u00e4m\u00e4n kaltaisessa ty\u00f6skentelyss\u00e4. Muistity\u00f6ss\u00e4 on paljon viel\u00e4 &#8221;meill\u00e4 on aina tehty n\u00e4in&#8221; toimintamalleja ja niiden muuttamiseen tarvitaan tutkimusn\u00e4ytt\u00f6\u00e4.<\/p>\n<p>Tavoitteena toiminnassa tulee olla, etteiv\u00e4t hoitok\u00e4yt\u00e4nn\u00f6t vaihtele perusteettomasti eri puolilla Suomea ja eri palveluorganisaatioiden v\u00e4lill\u00e4. N\u00e4m\u00e4 k\u00e4yt\u00e4nt\u00f6jen vaihtelut olivat my\u00f6s yhten\u00e4 l\u00e4ht\u00f6kohtana Muistiliiton ja Hotuksen yhteiselle 3-vuotiselle Muistava-hankkeelle. Kansallisesti ei ole k\u00e4yt\u00f6ss\u00e4 yhten\u00e4isi\u00e4 toimintatapoja sille, miten muistisairaan kotona selviytymist\u00e4 ja siihen liittyvi\u00e4 riskej\u00e4 voitaisiin arvioida.<\/p>\n<p>Pari viikkoa sitten julkaistiin Muistava-hankkeen tulokset. Hankkeessa kehitettiin ty\u00f6kaluja, joiden avulla muistisairaan henkil\u00f6n on mahdollista ilmaista oman tahtonsa ja suunnitella omaa tulevaa asuinmuotoaan siin\u00e4 vaiheessa, kun h\u00e4n siihen sairautensa puolesta viel\u00e4 kykenee. Ty\u00f6kalun on tarkoitus my\u00f6s tarjota tukea asumistilanteen puheeksi ottoon omaisille, l\u00e4heisille ja muille muistisairaiden parissa toimiville. Tavoitteena siten on, ett\u00e4 ty\u00f6kalut vastaavat muistisairaiden arjen todellisia tarpeita ja tulevat valtakunnalliseen k\u00e4ytt\u00f6\u00f6n edist\u00e4m\u00e4\u00e4n muistisairaiden oikeuksien ja hyv\u00e4n hoidon toteutumista.<\/p>\n<p>Erityisen hienoa Muistava-hankkeessa on ollut se, ett\u00e4 t\u00e4ss\u00e4 ovat toimineet rintarinnan tutkijat, asiantuntijat j\u00e4rjest\u00f6iss\u00e4, sairastuneet ja omaiset. Ilman n\u00e4in laajaa osallistujajoukkoa ei olisi ollut mahdollista tehd\u00e4 n\u00e4in hyvi\u00e4 ja toimivia ty\u00f6kaluja.<\/p>\n<p>Suomessa on korostettu pitk\u00e4\u00e4n kotona asumisen ensisijaisuutta ja muistisairaiden kohdalla se on johtanut jopa ep\u00e4inhimillisiin tilanteisiin. Kotona asuu t\u00e4ll\u00e4kin hetkell\u00e4 muistisairaita, joiden oikea asumispaikkapaikka ei inhimillisesti katsottuna ole en\u00e4\u00e4 oma koti.<\/p>\n<p>Oma koti ei siis aina ole paras paikka ik\u00e4ihmiselle, vaikka edelleen sellaista mantraa hoetaan. Tarvitsemme uusia yhteis\u00f6llisi\u00e4 asumisratkaisuja tai kuten Muistiliitossa korostetaan &#8211; yhteis\u00f6koteja, joissa muistisairas voi el\u00e4\u00e4 oman el\u00e4m\u00e4ntarinansa n\u00e4k\u00f6ist\u00e4 el\u00e4m\u00e4\u00e4 sen j\u00e4lkeen, kun omassa kodissa ei ole en\u00e4\u00e4 hyv\u00e4 tai turvallista olla.<\/p>\n<p>Oman kodin j\u00e4lkeenkin tulisi jokaisella olla oikeus asua paikassa, joka tuntuu kodilta. Kun l\u00e4hdet\u00e4\u00e4n suunnittelemaan omassa kodissa asumisen j\u00e4lkeisin\u00e4 ratkaisuja, on t\u00e4rke\u00e4\u00e4, ett\u00e4 asiaa voi mietti\u00e4 ja suunnitella rauhassa ja ett\u00e4 ammattihenkil\u00f6ille ja omaisilla on riitt\u00e4v\u00e4sti tietoa, ymm\u00e4rryst\u00e4 ja ty\u00f6kaluja olla mukana t\u00e4ss\u00e4 tulevaisuudensuunnittelussa.<\/p>\n<p>Yhdess\u00e4 tekem\u00e4ll\u00e4 saamme enemm\u00e4n aikaan ja t\u00e4m\u00e4nkaltaista yhdess\u00e4 tekemist\u00e4 tarvitaan paljon enemm\u00e4n. Muistiliitolla ei olisi ollut mahdollisuutta toteuttaa t\u00e4m\u00e4n kaltaista hanketta ilman Hoitoty\u00f6n tutkimuss\u00e4\u00e4ti\u00f6n t\u00e4rke\u00e4\u00e4 ty\u00f6panosta. Toivottavasti Hoitoty\u00f6n tutkimuss\u00e4\u00e4ti\u00f6n arvokkaalle ty\u00f6lle saadaan pian K\u00e4yp\u00e4 hoidon kaltainen riitt\u00e4v\u00e4 rahoitus, jotta Hotus voi jatkaa kansallisesti merkitt\u00e4v\u00e4\u00e4 ty\u00f6t\u00e4\u00e4n hoitoty\u00f6n kehitt\u00e4misen hyv\u00e4ksi.<\/p>\n<p>Ilman laadukkaita hoitoty\u00f6n palveluita ei pystyt\u00e4 varmistamaan kansalaisille parasta mahdollista ja turvallista hoitoa sek\u00e4 terveyden edist\u00e4misen palveluita. T\u00e4m\u00e4 lienee tullut todistetuksi viimeist\u00e4\u00e4n nyt pandemian aikana.<\/p>\n<p>&nbsp;<\/p>\n<p>-Merja M\u00e4kisalo-Ropponen<\/p>\n<p>kansanedustaja (sd)<\/p>\n<p>Muistiliiton puheenjohtaja<\/p>\n<p>&nbsp;<\/p>\n<p>Julkaistu Savon Sanomien blogissa 15.12.2020.<\/p>\n","protected":false},"excerpt":{"rendered":"<p>Muistiliitto on muistisairaiden ihmisten ja heid\u00e4n l\u00e4heistens\u00e4 oma j\u00e4rjest\u00f6. Muistiliittoon kuuluu 42 j\u00e4senyhdistyst\u00e4 eri puolilla Suomea. Muistiliiton keskeinen teht\u00e4v\u00e4 on toimia muistisairaiden ihmisten sek\u00e4 heid\u00e4n l\u00e4heistens\u00e4 kansanterveys-, potilas- ja edunvalvontaj\u00e4rjest\u00f6n\u00e4. T\u00e4m\u00e4n rinnalle on viime vuosina noussut voimallisesti my\u00f6s aivoterveyden edist\u00e4misty\u00f6, sill\u00e4 aivoterveellisill\u00e4 el\u00e4m\u00e4ntavoilla on mahdollista ennaltaehk\u00e4ist\u00e4 muistisairauksia ja my\u00f6s hidastaa sairauden etenemist\u00e4. Aivoterveyden edist\u00e4minen on<\/p>\n","protected":false},"author":1,"featured_media":0,"comment_status":"open","ping_status":"open","sticky":false,"template":"","format":"standard","meta":{"_acf_changed":false,"footnotes":""},"categories":[3],"tags":[],"class_list":["post-2428","post","type-post","status-publish","format-standard","hentry","category-blogilta"],"acf":[],"_links":{"self":[{"href":"https:\/\/www.merjamakisalo.fi\/index.php?rest_route=\/wp\/v2\/posts\/2428","targetHints":{"allow":["GET"]}}],"collection":[{"href":"https:\/\/www.merjamakisalo.fi\/index.php?rest_route=\/wp\/v2\/posts"}],"about":[{"href":"https:\/\/www.merjamakisalo.fi\/index.php?rest_route=\/wp\/v2\/types\/post"}],"author":[{"embeddable":true,"href":"https:\/\/www.merjamakisalo.fi\/index.php?rest_route=\/wp\/v2\/users\/1"}],"replies":[{"embeddable":true,"href":"https:\/\/www.merjamakisalo.fi\/index.php?rest_route=%2Fwp%2Fv2%2Fcomments&post=2428"}],"version-history":[{"count":1,"href":"https:\/\/www.merjamakisalo.fi\/index.php?rest_route=\/wp\/v2\/posts\/2428\/revisions"}],"predecessor-version":[{"id":2429,"href":"https:\/\/www.merjamakisalo.fi\/index.php?rest_route=\/wp\/v2\/posts\/2428\/revisions\/2429"}],"wp:attachment":[{"href":"https:\/\/www.merjamakisalo.fi\/index.php?rest_route=%2Fwp%2Fv2%2Fmedia&parent=2428"}],"wp:term":[{"taxonomy":"category","embeddable":true,"href":"https:\/\/www.merjamakisalo.fi\/index.php?rest_route=%2Fwp%2Fv2%2Fcategories&post=2428"},{"taxonomy":"post_tag","embeddable":true,"href":"https:\/\/www.merjamakisalo.fi\/index.php?rest_route=%2Fwp%2Fv2%2Ftags&post=2428"}],"curies":[{"name":"wp","href":"https:\/\/api.w.org\/{rel}","templated":true}]}}