{"id":2424,"date":"2020-12-10T10:03:40","date_gmt":"2020-12-10T08:03:40","guid":{"rendered":"https:\/\/www.merjamakisalo.fi\/?p=2424"},"modified":"2020-12-10T10:03:40","modified_gmt":"2020-12-10T08:03:40","slug":"kommunikointi-on-perusoikeus","status":"publish","type":"post","link":"https:\/\/www.merjamakisalo.fi\/?p=2424","title":{"rendered":"Kommunikointi on perusoikeus"},"content":{"rendered":"<p>Ihmisyyteen ja inhimilliseen el\u00e4m\u00e4\u00e4n kuuluu perusoikeutena olla vuorovaikutuksessa toisten ihmisten kanssa. Kommunikointi on keskeinen osa vuorovaikutusta. \u00a0Viime kev\u00e4\u00e4n\u00e4 moni kansalainen joutui eristyksiin muista ihmisist\u00e4. Erityksiss\u00e4 olemisen haitat korostuvat, jos henkil\u00f6ll\u00e4 on kommunikaatiovaikeuksia. T\u00e4h\u00e4n ryhm\u00e4\u00e4n kuuluu muun muassa muistisairaita, kielellisi\u00e4 h\u00e4iri\u00f6it\u00e4 omaavia henkil\u00f6it\u00e4, esimerkiksi afasia, kehitysvammaisia, autisminkirjon ihmisi\u00e4, viittomakielisi\u00e4 ja kuulovammaisia.<\/p>\n<p>Korona-aika heikensi n\u00e4iden ihmisten mahdollisuuksia kommunikointiin ja vuorovaikutukseen merkitt\u00e4v\u00e4sti. Sosiaalisten kontaktien puuttuminen ja avustavan henkil\u00f6kunnan, kuten tulkkien paikalle saamisen vaikeudet ovat johtaneet monen kohdalla jopa kommunikointitaitojen taantumiseen.<\/p>\n<p>Kehitysvammaliiton kommunikaatiokeskus Tikoteekin puhevammaisille ihmisille ja heid\u00e4n parissakin ty\u00f6skenteleville ammattilaisille ja omaisille tehdyss\u00e4 kyselyss\u00e4 tuli esille, ett\u00e4 68% puhevammaisista ihmisist\u00e4 koki, ett\u00e4 mahdollisuudet kommunikointiin ja vuorovaikutukseen v\u00e4heniv\u00e4t koronasta johtuvien rajoitusten ja toimenpiteiden seurauksena. Kommunikointia ei ollut, koska tapaamisia omaisten, l\u00e4heisten ja yst\u00e4vien kanssa ei sallittu. Puhevammaisten tulkit eiv\u00e4t p\u00e4\u00e4sseet tulkkaamaan henkil\u00f6it\u00e4.<\/p>\n<p>Asumispalveluissa ei aina k\u00e4ytetty niit\u00e4 kommunikointimenetelmi\u00e4 tai kommunikoinnin apuv\u00e4lineit\u00e4, joita henkil\u00f6 tarvitsee kommunikointiinsa. L\u00e4heiset ja ammattilaiset eiv\u00e4t osanneet auttaa kommunikointiohjelmien ja -laitteiden kanssa, niin ett\u00e4 et\u00e4yhteydet olisivat onnistuneet. 20% vastaajista kertoi, ettei pysty olemaan itsen\u00e4isesti yhteyksiss\u00e4 yst\u00e4viin tai l\u00e4heisiin puhelimella tai tietokoneen avulla. Ennen koronaa l\u00e4heiset ja yst\u00e4v\u00e4t ovat auttaneet yhteydenotoissa. Kaiken t\u00e4m\u00e4n takia osa vietti kev\u00e4\u00e4n yksin suljettuna ulos kaikesta vuorovaikutuksesta muiden ihmisten kanssa.<\/p>\n<p>Vastaajista 38% koki, ett\u00e4 heid\u00e4n oma kommunikointitaitonsa on heikentynyt korona-aikana. T\u00e4m\u00e4 johtuu paitsi kommunikointimahdollisuuksien v\u00e4h\u00e4isyydest\u00e4, my\u00f6s mm. terapioiden lakkauttamisesta tai toteutuneen et\u00e4terapian sopimattomuudesta. Taidot eiv\u00e4t palaa ennalleen nopeasti, vaikka esimerkiksi tapaamisrajoituksia on lievennetty. 80% vastaajista on kokenut itsens\u00e4 viime aikoina yksin\u00e4iseksi, 33% masentuneeksi ja 27% ahdistuneeksi. Kommunikointi on perusoikeus ja kyselyyn vastanneet kokivat, ett\u00e4 t\u00e4m\u00e4 oikeus vietiin heilt\u00e4 pois.<\/p>\n<p>My\u00f6s maskien k\u00e4ytt\u00f6 vaikeuttaa puhevammaisten ihmisten puheen ymm\u00e4rt\u00e4mist\u00e4, kun ilmeet ja suun liikkeet eiv\u00e4t ole tukemassa ymm\u00e4rt\u00e4mist\u00e4. My\u00f6s kuulovammaiset t\u00f6rm\u00e4\u00e4v\u00e4t t\u00e4h\u00e4n samaan ongelmaan ja Kuuloliitto on esimerkiksi esitt\u00e4nyt ikkunallisten maskien k\u00e4yt\u00f6n lis\u00e4\u00e4mist\u00e4 kuulovammaisten kanssa kommunikoinnissa. My\u00f6s\u00a0viittomakielt\u00e4 k\u00e4ytett\u00e4ess\u00e4 olennaista, ett\u00e4 kasvojen ilmeet n\u00e4kyv\u00e4t t\u00e4ysim\u00e4\u00e4r\u00e4isesti, sill\u00e4 ne ovat t\u00e4rke\u00e4 osa ymm\u00e4rrett\u00e4vyytt\u00e4.<\/p>\n<p>&nbsp;<\/p>\n<p><strong>Mit\u00e4 voimme oppia?<\/strong><\/p>\n<p>Kev\u00e4\u00e4ll\u00e4 korona oli uusi tilanne yhteiskunnassa ja siksi ei osattu toimia oikein. Turvallisuus eli tartuntojen v\u00e4ltt\u00e4minen meni inhimillisyyden edelle. Perustuslakivaliokunta totesi monessa mietinn\u00f6ss\u00e4\u00e4n, ettei valmiuslaki saa tarkoittaa \u201dvarmuuden vuoksi\u201d palvelujen keskeytt\u00e4mist\u00e4 tai lopettamista. N\u00e4in kuitenkin monin paikoin k\u00e4vi ja t\u00e4h\u00e4n ongelmaan my\u00f6s kommunikaatiossa toisten apua tarvitsevat ihmiset t\u00f6rm\u00e4siv\u00e4t. T\u00e4m\u00e4 ei saa toistua ja turvallisuus ja inhimillisyys sek\u00e4 ihmisoikeuksien toteutuminen on saatava epidemian jatkuessa paremmin tasapainoon.<\/p>\n<p>Puhevamma-alan j\u00e4rjest\u00f6t korostavat, ett\u00e4 kommunikointi <a href=\"https:\/\/www.kehitysvammaliitto.fi\/korona-vei-mahdollisuudet-kommunikointiin\/\">on jokaisen ihmisen perusoikeus ja ihmisyyden ydin<\/a>. J\u00e4rjest\u00f6t vaativat, ett\u00e4 kaikissa olosuhteissa on taattava seuraavat perusasiat:<\/p>\n<ul>\n<li>Perheenj\u00e4senten tapaamisia tulee tukea. He ymm\u00e4rt\u00e4v\u00e4t henkil\u00f6n viestej\u00e4 ja pystyv\u00e4t tukemaan h\u00e4nen vuorovaikutustaan.<\/li>\n<li>Puhevammaiselle henkil\u00f6lle v\u00e4ltt\u00e4m\u00e4tt\u00f6mien ammattilaisten tapaamisia ei saa rajoittaa. He tuntevat puhevammaisen ihmisen kommunikointikeinot.<\/li>\n<li>Tulkkien p\u00e4\u00e4sy\u00e4 tulkkaamaan ei saa est\u00e4\u00e4.<\/li>\n<li>Kommunikointimenetelm\u00e4\u00e4 tai apuv\u00e4linett\u00e4 pit\u00e4\u00e4 pysty\u00e4 k\u00e4ytt\u00e4m\u00e4\u00e4n.<\/li>\n<li>Puhevammaisten ihmisten l\u00e4heisten ja ammattilaisten on opeteltava k\u00e4ytt\u00e4m\u00e4\u00e4n apuv\u00e4linett\u00e4 tai menetelm\u00e4\u00e4.<\/li>\n<li>Riitt\u00e4v\u00e4 tuki laitteiden ja ohjelmistojen k\u00e4ytt\u00f6\u00f6n on taattava, jotta vammaiset ihmiset pystyv\u00e4t pit\u00e4m\u00e4\u00e4n yhteytt\u00e4 l\u00e4heisiins\u00e4.<\/li>\n<\/ul>\n<p>Meill\u00e4 on paljon yhteiskunnassa opittavaa, niin ett\u00e4 nyt epidemian jatkuessa ja toisaalta mahdollisen seuraavan epidemian tullessa osaamme toimia paremmin.<\/p>\n<p>&nbsp;<\/p>\n<p>-Merja M\u00e4kisalo-Ropponen<\/p>\n<p>kansanedustaja (sd)<\/p>\n<p>Eduskunnan Vammaisasiain yhteisty\u00f6ryhm\u00e4n puheenjohtaja<\/p>\n<p>&nbsp;<\/p>\n<p>Julkaistu Uuden Suomen blogissa 10.12.2020.<\/p>\n","protected":false},"excerpt":{"rendered":"<p>Ihmisyyteen ja inhimilliseen el\u00e4m\u00e4\u00e4n kuuluu perusoikeutena olla vuorovaikutuksessa toisten ihmisten kanssa. Kommunikointi on keskeinen osa vuorovaikutusta. \u00a0Viime kev\u00e4\u00e4n\u00e4 moni kansalainen joutui eristyksiin muista ihmisist\u00e4. Erityksiss\u00e4 olemisen haitat korostuvat, jos henkil\u00f6ll\u00e4 on kommunikaatiovaikeuksia. T\u00e4h\u00e4n ryhm\u00e4\u00e4n kuuluu muun muassa muistisairaita, kielellisi\u00e4 h\u00e4iri\u00f6it\u00e4 omaavia henkil\u00f6it\u00e4, esimerkiksi afasia, kehitysvammaisia, autisminkirjon ihmisi\u00e4, viittomakielisi\u00e4 ja kuulovammaisia. Korona-aika heikensi n\u00e4iden ihmisten mahdollisuuksia<\/p>\n","protected":false},"author":1,"featured_media":0,"comment_status":"open","ping_status":"open","sticky":false,"template":"","format":"standard","meta":{"_acf_changed":false,"footnotes":""},"categories":[3],"tags":[],"class_list":["post-2424","post","type-post","status-publish","format-standard","hentry","category-blogilta"],"acf":[],"_links":{"self":[{"href":"https:\/\/www.merjamakisalo.fi\/index.php?rest_route=\/wp\/v2\/posts\/2424","targetHints":{"allow":["GET"]}}],"collection":[{"href":"https:\/\/www.merjamakisalo.fi\/index.php?rest_route=\/wp\/v2\/posts"}],"about":[{"href":"https:\/\/www.merjamakisalo.fi\/index.php?rest_route=\/wp\/v2\/types\/post"}],"author":[{"embeddable":true,"href":"https:\/\/www.merjamakisalo.fi\/index.php?rest_route=\/wp\/v2\/users\/1"}],"replies":[{"embeddable":true,"href":"https:\/\/www.merjamakisalo.fi\/index.php?rest_route=%2Fwp%2Fv2%2Fcomments&post=2424"}],"version-history":[{"count":1,"href":"https:\/\/www.merjamakisalo.fi\/index.php?rest_route=\/wp\/v2\/posts\/2424\/revisions"}],"predecessor-version":[{"id":2425,"href":"https:\/\/www.merjamakisalo.fi\/index.php?rest_route=\/wp\/v2\/posts\/2424\/revisions\/2425"}],"wp:attachment":[{"href":"https:\/\/www.merjamakisalo.fi\/index.php?rest_route=%2Fwp%2Fv2%2Fmedia&parent=2424"}],"wp:term":[{"taxonomy":"category","embeddable":true,"href":"https:\/\/www.merjamakisalo.fi\/index.php?rest_route=%2Fwp%2Fv2%2Fcategories&post=2424"},{"taxonomy":"post_tag","embeddable":true,"href":"https:\/\/www.merjamakisalo.fi\/index.php?rest_route=%2Fwp%2Fv2%2Ftags&post=2424"}],"curies":[{"name":"wp","href":"https:\/\/api.w.org\/{rel}","templated":true}]}}