{"id":2275,"date":"2020-05-26T09:15:15","date_gmt":"2020-05-26T06:15:15","guid":{"rendered":"https:\/\/www.merjamakisalo.fi\/?p=2275"},"modified":"2020-05-26T09:15:15","modified_gmt":"2020-05-26T06:15:15","slug":"nyt-ollaan-oikealla-tiella-ikaihmisten-oikeuksien-parantamisessa-mutta-tehtavaa-riittaa-ja-tarkkana-on-oltava","status":"publish","type":"post","link":"https:\/\/www.merjamakisalo.fi\/?p=2275","title":{"rendered":"Nyt ollaan oikealla tiell\u00e4 ik\u00e4ihmisten oikeuksien parantamisessa &#8211; mutta teht\u00e4v\u00e4\u00e4 riitt\u00e4\u00e4 ja tarkkana on oltava"},"content":{"rendered":"<p>Ik\u00e4ihmisten hoidon laadussa on ollut ongelmia jo vuosia, mutta viime kev\u00e4\u00e4n\u00e4 esille tulleet r\u00e4ike\u00e4t laiminly\u00f6nnit havahduttivat kaikki siihen, ett\u00e4 muutoksia on saatava aikaan. Hallituksen esitys uudeksi vanhuspalvelulaiksi onkin nyt eduskunnan sosiaali- ja terveysvaliokunnan k\u00e4sitelt\u00e4v\u00e4n\u00e4.<\/p>\n<p>Toivon, ett\u00e4 tuleva lains\u00e4\u00e4d\u00e4nt\u00f6 huomioi riitt\u00e4v\u00e4sti sen, ett\u00e4 henkil\u00f6st\u00f6mitoituksen lis\u00e4ksi huomiota on kiinnitett\u00e4v\u00e4 my\u00f6s henkil\u00f6st\u00f6n ammattitaitoon ja osaamiseen.<\/p>\n<p>Kuka tahansa ei voi olla hoitamassa ik\u00e4ihmisi\u00e4. Ik\u00e4ihmisten ymp\u00e4rivuorokautisessa hoidossa toteutetaan el\u00e4m\u00e4n loppuvaiheen hoitoa, jossa tarvitaan laaja-alaista tietoperustaa ja eettist\u00e4 osaamista. Esimerkiksi muistisairaan inhimillinen kohtaaminen ja toimintakyvyn yll\u00e4pit\u00e4minen edellytt\u00e4v\u00e4t vankkaa ammattitaitoa. Koronaepidemia on tuonut entisest\u00e4 enemm\u00e4n esiin ty\u00f6n vaativuuden.<\/p>\n<p>Olen Tehyn ja SuPerin kanssa samaa mielt\u00e4 siit\u00e4, ett\u00e4 v\u00e4lit\u00f6nt\u00e4 asiakasty\u00f6t\u00e4 tekev\u00e4n vanhuspalvelujen hoitohenkil\u00f6st\u00f6n on oltava ensi sijassa nimikesuojattuja l\u00e4hi- ja sairaanhoitajia. Kokonaisvaltaisessa hoidossa tarvitaan my\u00f6s muita ammattihenkil\u00f6it\u00e4, mutta heit\u00e4 ei voi laskea mitoitukseen. My\u00f6s hoiva-avustajia voidaan k\u00e4ytt\u00e4\u00e4 tukipalveluteht\u00e4viss\u00e4, mutta tukipalveluteht\u00e4vi\u00e4 ei saa laskea mitoitukseen. Selkeyden vuoksi olisikin parempi k\u00e4ytt\u00e4\u00e4 Tehyn ja SuPerin suosittelemaa tukipalveluty\u00f6ntekij\u00e4-nimikett\u00e4. J\u00e4rjest\u00f6jen huoli siit\u00e4, ett\u00e4 hoiva-avustajia laitetaan t\u00e4ll\u00e4kin hetkell\u00e4 teht\u00e4viin, jotka ovat heille liian vaativia, on todella aiheellinen.<\/p>\n<p>&nbsp;<\/p>\n<p><strong>Valvonnan tehostaminen on v\u00e4ltt\u00e4m\u00e4t\u00f6nt\u00e4<\/strong><\/p>\n<p>Hoivakriisi osoitti selv\u00e4sti my\u00f6s sen, ett\u00e4 Suomessa on valvonnassa edelleen vakavia puutteita. Esimerkiksi Eduskunnan oikeusasiamies on toistuvasti nostanut kertomuksissaan vanhusten hoidon ja sen valvonnan puutteet esille.<\/p>\n<p>Ihmisoikeuskeskus aloitti kev\u00e4\u00e4ll\u00e4 2019 systemaattisen ty\u00f6n ik\u00e4ihmisten oikeuksien edist\u00e4miseksi ja t\u00e4h\u00e4n ty\u00f6h\u00f6n eduskunta my\u00f6nsi my\u00f6s lis\u00e4resursseja. Lokakuussa 2019 Ihmisoikeuskeskus julkaisi muun muassa \u2019Ik\u00e4\u00e4ntyneiden henkil\u00f6iden oikeudet -keskeiset kansainv\u00e4liset sopimukset ja kansallinen lains\u00e4\u00e4d\u00e4nt\u00f6\u2019 -julkaisun, johon on koottu ik\u00e4\u00e4ntyneiden oikeuksien kannalta keskeisi\u00e4 sopimuksia. On eritt\u00e4in t\u00e4rke\u00e4\u00e4 puhua ik\u00e4\u00e4ntyneiden oikeuksista my\u00f6s ihmisoikeuksien toteutumisen n\u00e4k\u00f6kulmasta.<\/p>\n<p>Valvonta ja ohjaus\u00a0paranevat my\u00f6s, kun vanhusasiavaltuutettu aloittaa ty\u00f6ns\u00e4. Hallitusohjelman mukaisesti esityst\u00e4 valtuutetun viran perustamiseksi valmistellaan parhaillaan oikeusministeri\u00f6ss\u00e4 ja eduskunta p\u00e4\u00e4see k\u00e4sittelem\u00e4\u00e4n esityst\u00e4 alkusyksyst\u00e4.\u00a0Valtuutetun teht\u00e4v\u00e4n\u00e4 on yhdess\u00e4 muiden viranomaisten kanssa seurata ik\u00e4ihmisten oikeuksien toteutumista ja tuoda vanhusv\u00e4est\u00f6n n\u00e4k\u00f6kulmaa lains\u00e4\u00e4d\u00e4nt\u00f6ty\u00f6h\u00f6n sek\u00e4 edist\u00e4\u00e4 n\u00e4ihin liittyv\u00e4\u00e4 vuoropuhelua ja tuoda vanhusten \u00e4\u00e4nt\u00e4 kuuluville yhteiskunnallisessa p\u00e4\u00e4t\u00f6ksenteossa.<\/p>\n<p>N\u00e4iden lis\u00e4ksi my\u00f6s Valviralla\u00a0eli sosiaali- ja terveydenhuollon lupavirastolla on merkitt\u00e4v\u00e4 rooli ohjauksessa, valvonnassa ja lupahallinnon hoitamisessa.<\/p>\n<p>Koska valtakunnallisia ohjaus- ja\u00a0valvontatahoja on useita, on t\u00e4rke\u00e4\u00e4 tehd\u00e4 selke\u00e4\u00e4 ty\u00f6njakoa. Ty\u00f6t\u00e4 riitt\u00e4\u00e4 kaikille eik\u00e4 p\u00e4\u00e4llekk\u00e4ist\u00e4 ty\u00f6t\u00e4 kannata tehd\u00e4.<\/p>\n<p>Valtakunnallisesta ohjauksesta ja\u00a0valvonnasta huolimatta valvonnan perusta on oltava alueilla ja kunnissa, sill\u00e4 siell\u00e4 tunnetaan paikalliset olosuhteen ja toimintapaikat parhaiten. Valitettavasti esimerkiksi\u00a0aluevalvontaviranomaisten resurssit ovat niin niukkoja, etteiv\u00e4t ne pysty tekem\u00e4\u00e4n riitt\u00e4v\u00e4sti valvontak\u00e4yntej\u00e4 hoitoyhteis\u00f6ihin. Valvontaviranomaiset ovat itse tuoneet t\u00e4m\u00e4n ongelman selke\u00e4sti esille.\u00a0T\u00e4m\u00e4 oli yksi keskeisi\u00e4 syit\u00e4 siihen, ett\u00e4 \u201dhoivakriisi\u201d p\u00e4\u00e4si niin pahaksi. T\u00e4h\u00e4n tulisi saada korjausta. Pelk\u00e4st\u00e4\u00e4n omavalvontaan luottaminen on ollut virhe.<\/p>\n<p>Uskon ja toivon, ett\u00e4 koronakriisist\u00e4 ja sen tuomista taloudellisista haasteista huolimatta, vanhusten hoidon laadun kehitt\u00e4misess\u00e4 ollaan menossa oikeaan suuntaa. Ty\u00f6t\u00e4 on jatkettava, sill\u00e4 kysymys on ik\u00e4ihmisten ihmisoikeuksista.<\/p>\n<p>&nbsp;<\/p>\n<p>-Merja M\u00e4kisalo-Ropponen<\/p>\n<p>kansanedustaja (sd)<\/p>\n<p>&nbsp;<\/p>\n<p>Julkaistu Savon Sanomien blogissa 26.5.2020.<\/p>\n","protected":false},"excerpt":{"rendered":"<p>Ik\u00e4ihmisten hoidon laadussa on ollut ongelmia jo vuosia, mutta viime kev\u00e4\u00e4n\u00e4 esille tulleet r\u00e4ike\u00e4t laiminly\u00f6nnit havahduttivat kaikki siihen, ett\u00e4 muutoksia on saatava aikaan. Hallituksen esitys uudeksi vanhuspalvelulaiksi onkin nyt eduskunnan sosiaali- ja terveysvaliokunnan k\u00e4sitelt\u00e4v\u00e4n\u00e4. Toivon, ett\u00e4 tuleva lains\u00e4\u00e4d\u00e4nt\u00f6 huomioi riitt\u00e4v\u00e4sti sen, ett\u00e4 henkil\u00f6st\u00f6mitoituksen lis\u00e4ksi huomiota on kiinnitett\u00e4v\u00e4 my\u00f6s henkil\u00f6st\u00f6n ammattitaitoon ja osaamiseen. Kuka tahansa ei<\/p>\n","protected":false},"author":1,"featured_media":0,"comment_status":"open","ping_status":"open","sticky":false,"template":"","format":"standard","meta":{"_acf_changed":false,"footnotes":""},"categories":[3],"tags":[],"class_list":["post-2275","post","type-post","status-publish","format-standard","hentry","category-blogilta"],"acf":[],"_links":{"self":[{"href":"https:\/\/www.merjamakisalo.fi\/index.php?rest_route=\/wp\/v2\/posts\/2275","targetHints":{"allow":["GET"]}}],"collection":[{"href":"https:\/\/www.merjamakisalo.fi\/index.php?rest_route=\/wp\/v2\/posts"}],"about":[{"href":"https:\/\/www.merjamakisalo.fi\/index.php?rest_route=\/wp\/v2\/types\/post"}],"author":[{"embeddable":true,"href":"https:\/\/www.merjamakisalo.fi\/index.php?rest_route=\/wp\/v2\/users\/1"}],"replies":[{"embeddable":true,"href":"https:\/\/www.merjamakisalo.fi\/index.php?rest_route=%2Fwp%2Fv2%2Fcomments&post=2275"}],"version-history":[{"count":1,"href":"https:\/\/www.merjamakisalo.fi\/index.php?rest_route=\/wp\/v2\/posts\/2275\/revisions"}],"predecessor-version":[{"id":2276,"href":"https:\/\/www.merjamakisalo.fi\/index.php?rest_route=\/wp\/v2\/posts\/2275\/revisions\/2276"}],"wp:attachment":[{"href":"https:\/\/www.merjamakisalo.fi\/index.php?rest_route=%2Fwp%2Fv2%2Fmedia&parent=2275"}],"wp:term":[{"taxonomy":"category","embeddable":true,"href":"https:\/\/www.merjamakisalo.fi\/index.php?rest_route=%2Fwp%2Fv2%2Fcategories&post=2275"},{"taxonomy":"post_tag","embeddable":true,"href":"https:\/\/www.merjamakisalo.fi\/index.php?rest_route=%2Fwp%2Fv2%2Ftags&post=2275"}],"curies":[{"name":"wp","href":"https:\/\/api.w.org\/{rel}","templated":true}]}}