{"id":2181,"date":"2020-03-13T09:25:18","date_gmt":"2020-03-13T07:25:18","guid":{"rendered":"https:\/\/www.merjamakisalo.fi\/?p=2181"},"modified":"2020-03-13T09:25:18","modified_gmt":"2020-03-13T07:25:18","slug":"ikaihmisten-arvostus-yhteiskunnassamme","status":"publish","type":"post","link":"https:\/\/www.merjamakisalo.fi\/?p=2181","title":{"rendered":"Ik\u00e4ihmisten arvostus yhteiskunnassamme"},"content":{"rendered":"<p>Minulla oli hiljattain kunnia pit\u00e4\u00e4 puhe Rantakyl\u00e4n El\u00e4kkeensaajien 40-vuotisjuhlassa. Yhdistys on ollut aktiivinen toimija l\u00e4pi historiansa j\u00e4rjest\u00e4m\u00e4ll\u00e4 toimintaa, aktivoimalla ik\u00e4ihmisi\u00e4 ja ottamalla kantaa heit\u00e4 koskettaviin asioihin. Aktiivinen kansalaisyhteiskunta tarvitsee juuri n\u00e4it\u00e4 toimijoita, jotka tuovat ihmisten \u00e4\u00e4nen kuuluville heit\u00e4 koskettavissa kysymyksiss\u00e4. Meid\u00e4n tuleekin edelleen rohkaista kuntien ja j\u00e4rjest\u00f6jen v\u00e4list\u00e4 vuoropuhelua.<\/p>\n<p>Sivistyneess\u00e4 yhteiskunnassa arvostetaan kaikenik\u00e4isi\u00e4 ihmisi\u00e4. Markkinat eiv\u00e4t kuitenkaan huolehdi ihmisten hyvinvoinnin jakautumisesta oikeudenmukaisesti, joten yhteiskunnan on varmistettava, ett\u00e4 ket\u00e4\u00e4n ei j\u00e4tet\u00e4 ilman hoivaa ja huolenpitoa. Perustuslaki turvaa jokaiselle oikeuden v\u00e4ltt\u00e4m\u00e4tt\u00f6m\u00e4\u00e4n toimeentuloon ja huolenpitoon. Lis\u00e4ksi julkisen vallan on turvattava riitt\u00e4v\u00e4t sosiaali- ja terveyspalvelut sek\u00e4 edistett\u00e4v\u00e4 v\u00e4est\u00f6n terveytt\u00e4.<\/p>\n<p>Ik\u00e4ihmisten palveluissa on edelleen paljon korjattavaa ja siksi on hyv\u00e4 asia, ett\u00e4 hallitus on p\u00e4\u00e4tt\u00e4nyt perustaa vanhusasiainvaltuutetun teht\u00e4v\u00e4n. Valtuutetun teht\u00e4v\u00e4n\u00e4 on yhdess\u00e4 muiden viranomaisten kanssa seurata ik\u00e4ihmisten oikeuksien toteutumista ja tuoda vanhusv\u00e4est\u00f6n n\u00e4k\u00f6kulmaa lains\u00e4\u00e4d\u00e4nt\u00f6ty\u00f6h\u00f6n sek\u00e4 edist\u00e4\u00e4 n\u00e4ihin liittyv\u00e4\u00e4 vuoropuhelua ja tuoda vanhusten \u00e4\u00e4nt\u00e4 kuuluville yhteiskunnallisessa p\u00e4\u00e4t\u00f6ksenteossa.<\/p>\n<p>Kun ajattelemme Suomen tulevaisuutta, yksi asia on varma: kansakuntamme ik\u00e4\u00e4ntyy. Taustalla on syntyvyyden laskun lis\u00e4ksi elinik\u00e4mme pidentyminen. Yh\u00e4 pidempi elinik\u00e4 ja terveempi ik\u00e4\u00e4ntyminen ovat ehdottomasti positiivisia asioita, mutta samalla ne pakottava meid\u00e4t pohtimaan uusi toimintamalleja. Ik\u00e4\u00e4ntyv\u00e4 yhteiskunta muuttaa niin asumisen, liikenteen ja kuluttamisen malleja ja tarpeita. Monissa kaupungeissa on esimerkiksi saatu hyvi\u00e4 kokemuksia taloyhti\u00f6ist\u00e4, joiden asukkaina on sek\u00e4 nuoria ett\u00e4 vanhoja, jolloin keskin\u00e4iset kohtaamiset ja kunnioitus lis\u00e4\u00e4ntyv\u00e4t.<\/p>\n<p>Tulevaisuudessa ik\u00e4ihmiset ovat yhteiskunnallisesti nykyist\u00e4kin merkitt\u00e4v\u00e4mpi ryhm\u00e4. Koska kansakunnan menestys riippuu kaikkien kansalaisten yhdess\u00e4 toimimisesta yhteiseksi hyv\u00e4ksi, kaikenik\u00e4iset ihmiset onkin saatava kohtaamaan yhteiskunnan keskustelu- ja p\u00e4\u00e4t\u00f6ksentekoareenoilla tasavertaisina kansalaisina.<\/p>\n<p>Ajatellessamme tulevaisuutta on t\u00e4rke\u00e4 pohtia, n\u00e4emmek\u00f6 kansakunnan ik\u00e4\u00e4ntymisen uhkana vai mahdollisuutena. Valitettavan paljon on uhkapuhetta, jonka ik\u00e4ihmiset kokevat omalla kohdallaan. Esimerkiksi el\u00e4kel\u00e4isten etuj\u00e4rjest\u00f6 Eetu ry:n vuonna 2016 teett\u00e4m\u00e4ss\u00e4 Huomisen kynnyksell\u00e4 \u2013kyselyss\u00e4 75 prosenttia 55\u201384\u2013vuotiaista koki tulevansa kohdelluksi toisen luokan kansalaisena ja l\u00e4hes yht\u00e4 monet kokivat, ett\u00e4 yhteiskunnassa on paljon ik\u00e4\u00e4n kohdistuvaa syrjint\u00e4\u00e4.<\/p>\n<p>Kaikki ihmiset niin ik\u00e4\u00e4n, sukupuoleen kuin mihin tahansa muuhun ominaisuuteen katsomatta ovat yht\u00e4 arvokkaita. Ik\u00e4ihmisill\u00e4 on paljon annettavaa muun muassa el\u00e4m\u00e4nkokemuksen tuoman viisauden my\u00f6t\u00e4 ja t\u00e4t\u00e4 viisautta tulee hy\u00f6dynt\u00e4\u00e4 aktiivisesti. Ik\u00e4\u00e4ntyneet tulee n\u00e4hd\u00e4 voimavarana ja vahvuutena yhteiskunnassa.<\/p>\n<p>&nbsp;<\/p>\n<p>-Merja M\u00e4kisalo-Ropponen<\/p>\n<p>kansanedustaja (sd)<\/p>\n<p>&nbsp;<\/p>\n<p>Julkaistu Viikko-Pohjois-Karjala lehdess\u00e4 12.3.2020.<\/p>\n<p>&nbsp;<\/p>\n","protected":false},"excerpt":{"rendered":"<p>Minulla oli hiljattain kunnia pit\u00e4\u00e4 puhe Rantakyl\u00e4n El\u00e4kkeensaajien 40-vuotisjuhlassa. Yhdistys on ollut aktiivinen toimija l\u00e4pi historiansa j\u00e4rjest\u00e4m\u00e4ll\u00e4 toimintaa, aktivoimalla ik\u00e4ihmisi\u00e4 ja ottamalla kantaa heit\u00e4 koskettaviin asioihin. Aktiivinen kansalaisyhteiskunta tarvitsee juuri n\u00e4it\u00e4 toimijoita, jotka tuovat ihmisten \u00e4\u00e4nen kuuluville heit\u00e4 koskettavissa kysymyksiss\u00e4. Meid\u00e4n tuleekin edelleen rohkaista kuntien ja j\u00e4rjest\u00f6jen v\u00e4list\u00e4 vuoropuhelua. Sivistyneess\u00e4 yhteiskunnassa arvostetaan kaikenik\u00e4isi\u00e4 ihmisi\u00e4. Markkinat<\/p>\n","protected":false},"author":1,"featured_media":0,"comment_status":"open","ping_status":"open","sticky":false,"template":"","format":"standard","meta":{"_acf_changed":false,"footnotes":""},"categories":[4],"tags":[],"class_list":["post-2181","post","type-post","status-publish","format-standard","hentry","category-kolumnit"],"acf":[],"_links":{"self":[{"href":"https:\/\/www.merjamakisalo.fi\/index.php?rest_route=\/wp\/v2\/posts\/2181","targetHints":{"allow":["GET"]}}],"collection":[{"href":"https:\/\/www.merjamakisalo.fi\/index.php?rest_route=\/wp\/v2\/posts"}],"about":[{"href":"https:\/\/www.merjamakisalo.fi\/index.php?rest_route=\/wp\/v2\/types\/post"}],"author":[{"embeddable":true,"href":"https:\/\/www.merjamakisalo.fi\/index.php?rest_route=\/wp\/v2\/users\/1"}],"replies":[{"embeddable":true,"href":"https:\/\/www.merjamakisalo.fi\/index.php?rest_route=%2Fwp%2Fv2%2Fcomments&post=2181"}],"version-history":[{"count":1,"href":"https:\/\/www.merjamakisalo.fi\/index.php?rest_route=\/wp\/v2\/posts\/2181\/revisions"}],"predecessor-version":[{"id":2182,"href":"https:\/\/www.merjamakisalo.fi\/index.php?rest_route=\/wp\/v2\/posts\/2181\/revisions\/2182"}],"wp:attachment":[{"href":"https:\/\/www.merjamakisalo.fi\/index.php?rest_route=%2Fwp%2Fv2%2Fmedia&parent=2181"}],"wp:term":[{"taxonomy":"category","embeddable":true,"href":"https:\/\/www.merjamakisalo.fi\/index.php?rest_route=%2Fwp%2Fv2%2Fcategories&post=2181"},{"taxonomy":"post_tag","embeddable":true,"href":"https:\/\/www.merjamakisalo.fi\/index.php?rest_route=%2Fwp%2Fv2%2Ftags&post=2181"}],"curies":[{"name":"wp","href":"https:\/\/api.w.org\/{rel}","templated":true}]}}