{"id":2099,"date":"2019-12-05T09:05:13","date_gmt":"2019-12-05T07:05:13","guid":{"rendered":"https:\/\/www.merjamakisalo.fi\/?p=2099"},"modified":"2019-12-05T09:05:13","modified_gmt":"2019-12-05T07:05:13","slug":"eduskunnassa-vietetaan-ihmisoikeusviikkoa","status":"publish","type":"post","link":"https:\/\/www.merjamakisalo.fi\/?p=2099","title":{"rendered":"Eduskunnassa vietet\u00e4\u00e4n ihmisoikeusviikkoa"},"content":{"rendered":"<p>Eduskunnassa vietet\u00e4\u00e4n 3 &#8211; 10.12 Ihmisoikeuskeskuksen j\u00e4rjest\u00e4m\u00e4\u00e4 Ihmisoikeusviikkoa. Viikko alkoi 3.12. YK:n Kansainv\u00e4lisen\u00e4 vammaisten p\u00e4iv\u00e4n\u00e4 ja se p\u00e4\u00e4ttyy 10.12. ihmisoikeusp\u00e4iv\u00e4\u00e4n.<\/p>\n<p>4.12 j\u00e4rjestettiin my\u00f6s Invalidiliiton ja Eduskunnan Vammaisasiain neuvotteluryhm\u00e4n (VAMYT) kanssa yhteinen tilaisuus, jossa tuotiin esille vammaisten oikeuksien toteutumisen nykytilaa Suomessa. Suomi on ratifioinut 10.6.2016 YK:n vammaisten henkil\u00f6iden oikeuksia koskevan yleissopimuksen, jonka tarkoituksena on taata vammaisille henkil\u00f6ille t\u00e4ysim\u00e4\u00e4r\u00e4isesti ja yhdenvertaisesti kaikki ihmisoikeudet ja perusvapaudet sek\u00e4 edist\u00e4\u00e4 vammaisten henkil\u00f6iden ihmisarvon kunnioittamista.<\/p>\n<p>Sopimus velvoittaa my\u00f6s huomioimaan vammaisten henkil\u00f6iden erityistarpeet ja takaamaan vammaisille samat yhteiskunnallisen osallistumisen mahdollisuudet kuin kaikille muillekin. Lis\u00e4ksi sopimus korostaa yleisen asennemuutoksen t\u00e4rkeytt\u00e4, stereotypioiden ja ennakkoluulojen poistamisen merkityst\u00e4 ja yleist\u00e4 tietoisuuden lis\u00e4\u00e4mist\u00e4 vammaisten aseman edist\u00e4miseksi ja ihmisoikeuksien toteutumiseksi.<\/p>\n<p>Arviolta 15 % maailman ihmisist\u00e4 on tavalla tai toisella vammaisia. Vammaisten ihmisten yhdenvertaiset osallistumismahdollisuudet ja palveluiden saaminen eiv\u00e4t ole viel\u00e4 t\u00e4ysin toteutuneet yhteiskunnassamme. Hyvin usein heihin kohdistuu ennakkoluuloja, syrjint\u00e4\u00e4, poissulkemista ja jopa v\u00e4kivaltaa. Vammaisilta saatetaan ev\u00e4t\u00e4 oikeus koulutukseen, terveydenhuoltoon ja yhteiskunnalliseen osallistumiseen ainoastaan heid\u00e4n vammansa perusteella. Vammaisten henkil\u00f6iden koulutusta ja ty\u00f6el\u00e4m\u00e4\u00e4n p\u00e4\u00e4sy\u00e4 on tuettava nykyist\u00e4 paremmin.<\/p>\n<p>Eduskunnan oikeusasiamies on havainnut toistuvasti vammaisten henkil\u00f6iden oikeuksien toteutumisessa ongelmia, jotka ilmenev\u00e4t perusoikeuksien rajoittamisena kehitysvammaisten erityishuollossa, puutteina palvelusuunnitelmien ja erityishuolto-ohjelmien laatimisessa, rajoituksina lakis\u00e4\u00e4teisten palvelujen saamisessa, viiv\u00e4styksin\u00e4 ja menettelyvirhein\u00e4 p\u00e4\u00e4t\u00f6ksenteossa ja asian k\u00e4sittelyss\u00e4 sek\u00e4 puutteina toimitilojen esteett\u00f6myydess\u00e4 ja asioinnin saavutettavuudessa.<\/p>\n<p>Vammaisfoorumi on selvitt\u00e4nyt kyselytutkimuksella (2016-2018), miten vammaisten oikeudet toteutuvat Suomessa. Kyselyn tulokset kertovat karulla tavalla, ett\u00e4 vammaisten ihmisten oikeudet toteutuvat YK:n vammaisten ihmisten oikeuksien sopimuksesta huolimatta huonosti tai eritt\u00e4in huonosti.<\/p>\n<p>Yksi keskeisimpi\u00e4 edellytyksi\u00e4 vammaisten henkil\u00f6iden oikeuksien toteutumiselle, yhdenvertaisuuden takaamiselle ja yhteiskunnallisten osallistumismahdollisuuksien turvaamiselle on esteett\u00f6myys. Esteett\u00f6myydell\u00e4 tarkoitetaan sek\u00e4 rakenteellisten esteiden poissaoloa ett\u00e4 syrjim\u00e4t\u00f6nt\u00e4 ilmapiiri\u00e4. Esteett\u00f6myys ja syrjim\u00e4tt\u00f6myys vaativat aktiivisia toimia koko yhteiskunnalta, vammaisten osallistamista ja aitoa vuoropuhelua eri toimijoiden kesken.<\/p>\n<p>Vammaisten oikeuksien toteutumisen ja yhdenvertaisen osallistumisen kannalta palveluiden saatavuus ja laatu nousevat t\u00e4rke\u00e4\u00e4n asemaan. Vammaiset ihmiset tarvitsevat toimintakykyns\u00e4 yll\u00e4pit\u00e4miseen ja edist\u00e4miseen vaikuttavaa kuntoutusta ja toimivia apuv\u00e4lineit\u00e4. Palvelujen saavutettavuus on taattava kuulovammaisille, n\u00e4k\u00f6vammaisille sek\u00e4 selkokielell\u00e4.<\/p>\n<p>Vammaispalveluissa ei ole kyse ylim\u00e4\u00e4r\u00e4isest\u00e4 lis\u00e4palvelusta, vaan lailla turvatusta oikeudesta yhdenvertaiseen osallistumiseen yhteiskunnassa. Erityisesti vireill\u00e4 olevan vammaislains\u00e4\u00e4d\u00e4nn\u00f6n uudistuksen yhteydess\u00e4 meid\u00e4n tulee tarkastella lains\u00e4\u00e4t\u00e4j\u00e4n n\u00e4k\u00f6kulmasta mahdollisuuksia lis\u00e4t\u00e4 vammaisten henkil\u00f6iden yhdenvertaisuutta ja itsen\u00e4isyytt\u00e4 sek\u00e4 parantaa heid\u00e4n mahdollisuuksiaan osallistua yhteiskunnan eri toimintoihin.<\/p>\n<p>&nbsp;<\/p>\n<p>-Merja M\u00e4kisalo-Ropponen<\/p>\n<p>kansanedustaja (sd)<\/p>\n<p>VAMYT-ryhm\u00e4n puheenjohtaja<\/p>\n<p>&nbsp;<\/p>\n<p>Julkaistu Uuden Suomen blogissa 5.12.2019.<\/p>\n","protected":false},"excerpt":{"rendered":"<p>Eduskunnassa vietet\u00e4\u00e4n 3 &#8211; 10.12 Ihmisoikeuskeskuksen j\u00e4rjest\u00e4m\u00e4\u00e4 Ihmisoikeusviikkoa. Viikko alkoi 3.12. YK:n Kansainv\u00e4lisen\u00e4 vammaisten p\u00e4iv\u00e4n\u00e4 ja se p\u00e4\u00e4ttyy 10.12. ihmisoikeusp\u00e4iv\u00e4\u00e4n. 4.12 j\u00e4rjestettiin my\u00f6s Invalidiliiton ja Eduskunnan Vammaisasiain neuvotteluryhm\u00e4n (VAMYT) kanssa yhteinen tilaisuus, jossa tuotiin esille vammaisten oikeuksien toteutumisen nykytilaa Suomessa. Suomi on ratifioinut 10.6.2016 YK:n vammaisten henkil\u00f6iden oikeuksia koskevan yleissopimuksen, jonka tarkoituksena on taata vammaisille<\/p>\n","protected":false},"author":1,"featured_media":0,"comment_status":"open","ping_status":"open","sticky":false,"template":"","format":"standard","meta":{"_acf_changed":false,"footnotes":""},"categories":[3],"tags":[],"class_list":["post-2099","post","type-post","status-publish","format-standard","hentry","category-blogilta"],"acf":[],"_links":{"self":[{"href":"https:\/\/www.merjamakisalo.fi\/index.php?rest_route=\/wp\/v2\/posts\/2099","targetHints":{"allow":["GET"]}}],"collection":[{"href":"https:\/\/www.merjamakisalo.fi\/index.php?rest_route=\/wp\/v2\/posts"}],"about":[{"href":"https:\/\/www.merjamakisalo.fi\/index.php?rest_route=\/wp\/v2\/types\/post"}],"author":[{"embeddable":true,"href":"https:\/\/www.merjamakisalo.fi\/index.php?rest_route=\/wp\/v2\/users\/1"}],"replies":[{"embeddable":true,"href":"https:\/\/www.merjamakisalo.fi\/index.php?rest_route=%2Fwp%2Fv2%2Fcomments&post=2099"}],"version-history":[{"count":1,"href":"https:\/\/www.merjamakisalo.fi\/index.php?rest_route=\/wp\/v2\/posts\/2099\/revisions"}],"predecessor-version":[{"id":2100,"href":"https:\/\/www.merjamakisalo.fi\/index.php?rest_route=\/wp\/v2\/posts\/2099\/revisions\/2100"}],"wp:attachment":[{"href":"https:\/\/www.merjamakisalo.fi\/index.php?rest_route=%2Fwp%2Fv2%2Fmedia&parent=2099"}],"wp:term":[{"taxonomy":"category","embeddable":true,"href":"https:\/\/www.merjamakisalo.fi\/index.php?rest_route=%2Fwp%2Fv2%2Fcategories&post=2099"},{"taxonomy":"post_tag","embeddable":true,"href":"https:\/\/www.merjamakisalo.fi\/index.php?rest_route=%2Fwp%2Fv2%2Ftags&post=2099"}],"curies":[{"name":"wp","href":"https:\/\/api.w.org\/{rel}","templated":true}]}}