{"id":2084,"date":"2019-11-18T09:48:30","date_gmt":"2019-11-18T07:48:30","guid":{"rendered":"https:\/\/www.merjamakisalo.fi\/?p=2084"},"modified":"2019-11-18T09:48:30","modified_gmt":"2019-11-18T07:48:30","slug":"kuunnellaan-tyottomien-omaa-aanta","status":"publish","type":"post","link":"https:\/\/www.merjamakisalo.fi\/?p=2084","title":{"rendered":"Kuunnellaan ty\u00f6tt\u00f6mien omaa \u00e4\u00e4nt\u00e4"},"content":{"rendered":"<p>Lokakuun lopussa julkaistiin tutkimus viime hallituksen lanseeraaman aktiivimallin ty\u00f6llisyysvaikutuksista. Mallin taustalla oli ajatus, ett\u00e4 erityisesti pitk\u00e4\u00e4n ty\u00f6tt\u00f6m\u00e4n\u00e4 olleita tulee kannustaa sanktion uhalla osallistumaan ty\u00f6markkinoille. Ty\u00f6tt\u00f6myys n\u00e4htiin yksil\u00f6n valintana, eik\u00e4 yhteiskunnallisena ongelmana, jolloin rankaisusta haluttiin tehd\u00e4 ratkaisu. Ty\u00f6tt\u00f6mien omaa \u00e4\u00e4nt\u00e4 ei haluttu kuunnella ja se sivuutettiin.<\/p>\n<p>Tutkimus tuo esille sen, ettei t\u00e4m\u00e4n ihmisryhm\u00e4n ty\u00f6llistymiseen aktiivimallilla ollut vaikutusta. Malli on ollut my\u00f6s ep\u00e4oikeudenmukainen alueellisesti, aloittain ja ik\u00e4ryhmitt\u00e4in, eik\u00e4 se ole huomioinut esimerkiksi ihmisten toimintakyky\u00e4 tai kuntoutuksen tarvetta. Kaiken lis\u00e4ksi malli on ollut byrokraattinen eik\u00e4 ole tarjonnut ty\u00f6tt\u00f6mien tarvitsemia palveluita. Pitk\u00e4\u00e4n ty\u00f6tt\u00f6m\u00e4n\u00e4 olleet tarvitsevat ty\u00f6h\u00f6n valmennusta, rinnalla kulkemista, ohjattua ty\u00f6n tai opiskelupaikan etsint\u00e4\u00e4 \u2013 eiv\u00e4t rangaistuksia.<\/p>\n<p>Olen itse saanut olla mukana Pohjois-Karjalassa ty\u00f6llisyyshankkeissa, joiden kantavana ajatuksena on usko ihmisten tukemiseen. Pohjois-Karjalan Sosiaaliturvayhdistyksell\u00e4 on ollut useampikin ty\u00f6llist\u00e4mishanke, jonka tulokset ovat olleet eritt\u00e4in hyvi\u00e4.<\/p>\n<p>T\u00e4ll\u00e4 hetkell\u00e4 siell\u00e4 oleva ns. Tarmo-hanke on hyv\u00e4 esimerkki siit\u00e4, miten pitk\u00e4aikaisty\u00f6tt\u00f6mi\u00e4 tuetaan ty\u00f6h\u00f6n palaamisessa. Keskeist\u00e4 on henkil\u00f6kohtainen ty\u00f6h\u00f6nvalmennus ja ty\u00f6netsint\u00e4. Hankkeessa erityisesti ty\u00f6h\u00f6nvalmennuksella, ty\u00f6netsinn\u00e4ll\u00e4, koulutuksella sek\u00e4 ty\u00f6llist\u00e4vien yhdistysten tukemisella on saatu eritt\u00e4in vaikuttavia tuloksia.<\/p>\n<p>Toimin my\u00f6s Honkalampis\u00e4\u00e4ti\u00f6n Jobia-hankkeen ohjausryhm\u00e4ss\u00e4, jonka kohteena ovat erityisesti yli 50-vuotiaat osaty\u00f6kykyiset ty\u00f6tt\u00f6m\u00e4t. Jokaiselle hankkeessa olevalle asiakkaalle r\u00e4\u00e4t\u00e4l\u00f6id\u00e4\u00e4n ty\u00f6llistymiseen tai koulutukseen t\u00e4ht\u00e4\u00e4v\u00e4 suunnitelma, jota voidaan toteuttaa ty\u00f6kokeilussa tai palkkasuhteessa. T\u00e4ss\u00e4 ryhm\u00e4ss\u00e4 on paljon pelk\u00e4n peruskoulun suorittaneita, jonka takia heid\u00e4n ty\u00f6llistyminen ilman lis\u00e4opintoja on melko mahdotonta. Siksi heille ty\u00f6n ohessa tuettuna suoritettavat tutkintojen osat ovat eritt\u00e4in t\u00e4rke\u00e4 v\u00e4yl\u00e4 p\u00e4\u00e4st\u00e4 etenem\u00e4\u00e4n kohti ty\u00f6el\u00e4m\u00e4\u00e4.<\/p>\n<p>Omien kokemusteni kautta tied\u00e4n, ett\u00e4 pitk\u00e4\u00e4nkin ty\u00f6tt\u00f6m\u00e4n\u00e4 olleet voivat ty\u00f6llisty\u00e4, kun heille l\u00f6ydet\u00e4\u00e4n oikeanlainen tuki ja apu. Olen todella iloinen, ett\u00e4 hallitus haluaa purkaa aktiivimallin ja sen ep\u00e4oikeudenmukaiset leikkurin. Ty\u00f6tt\u00f6mien rankaisemisesta siirryt\u00e4\u00e4n ty\u00f6nhauen tukemiseen ja mahdollisuuksien luomiseen. T\u00e4m\u00e4 on inhimillinen ja oikea tie.<\/p>\n<p>Pohjois-Karjalan sosiaaliturvayhdistyksess\u00e4 toimii my\u00f6s ty\u00f6llisyyden asiakasraati, jonka j\u00e4senin\u00e4 ovat ty\u00f6tt\u00f6myytt\u00e4 henkil\u00f6kohtaisesti kokeneita ihmisi\u00e4. Saan heilt\u00e4 terveisi\u00e4 s\u00e4\u00e4nn\u00f6llisesti ja esimerkiksi viimeksi saamassani viestiss\u00e4 luki seuraavasti:<\/p>\n<p>\u201dTy\u00f6llisyyspalveluista olemme huolissamme. S\u00e4hk\u00f6iset palvelut ovat t\u00e4t\u00e4 p\u00e4iv\u00e4\u00e4, mutta ne eiv\u00e4t sovi kaikille. Erityisesti kun ty\u00f6tt\u00f6myys pitkittyy, ihminen tarvitsee henkil\u00f6kohtaista tukea tulevaisuuden suunnitteluun. Viime vuosien ty\u00f6llisyyspolitiikassa ei kohtaamisille ole ollut tilaisuuksia. Millaisia yhteiskunnassa el\u00e4mme, jos meid\u00e4n t\u00e4ytyy haaveilla kasvotusten kohtaamisesta?<\/p>\n<p>Olemme edelleen huolissamme my\u00f6s asenteista ty\u00f6tt\u00f6mi\u00e4 kohtaan. Per\u00e4\u00e4nkuulutamme sit\u00e4, ett\u00e4 ty\u00f6tt\u00f6myys on arkinen yhteiskunnallinen ongelma, jonka ei kuulu leimata ihmist\u00e4 tietynlaiseksi. Ty\u00f6tt\u00f6myysjaksoista ei saa antaa sellaisia merkityksi\u00e4, jotka heikent\u00e4v\u00e4t ty\u00f6tt\u00f6m\u00e4n ty\u00f6llistymismahdollisuuksia jatkossa.\u201d<\/p>\n<p>Asiakasraatilaisten viesti loppuu seuraavasti:<\/p>\n<p>\u201dLopuksi haluamme sanoa, ett\u00e4 ty\u00f6tt\u00f6m\u00e4n aktivointi on mielest\u00e4mme kannatettava idea. Ehdotamme, ett\u00e4 se tehd\u00e4\u00e4n positiivisten ja ihmisl\u00e4heisen palveluiden muodossa, Kaipaamme tukea, emme keppi\u00e4. Ehdotamme, ett\u00e4 eduskunnassakin kuunneltaisiin ty\u00f6tt\u00f6mien omaa \u00e4\u00e4nt\u00e4. Meill\u00e4 on kokemuksia ja n\u00e4kemyksi\u00e4 siit\u00e4, kuinka ty\u00f6llisyyspoluilla kuljetaan askelia eteenp\u00e4in.\u201d<\/p>\n<p>T\u00e4ss\u00e4 meille kaikille t\u00e4rke\u00e4 muistutus ja toivottavasti palveluja kehitet\u00e4\u00e4n jatkossa hy\u00f6dynt\u00e4en hyvi\u00e4 k\u00e4yt\u00e4nt\u00f6j\u00e4 ja kuunnellen my\u00f6s ihmisten omaa \u00e4\u00e4nt\u00e4.<\/p>\n<p>&nbsp;<\/p>\n<p>-Merja M\u00e4kisalo-Ropponen<\/p>\n<p>kansanedustaja (sd)<\/p>\n<p>&nbsp;<\/p>\n<p>Julkaistu Savon Sanomien blogissa 18.11.2019.<\/p>\n","protected":false},"excerpt":{"rendered":"<p>Lokakuun lopussa julkaistiin tutkimus viime hallituksen lanseeraaman aktiivimallin ty\u00f6llisyysvaikutuksista. Mallin taustalla oli ajatus, ett\u00e4 erityisesti pitk\u00e4\u00e4n ty\u00f6tt\u00f6m\u00e4n\u00e4 olleita tulee kannustaa sanktion uhalla osallistumaan ty\u00f6markkinoille. Ty\u00f6tt\u00f6myys n\u00e4htiin yksil\u00f6n valintana, eik\u00e4 yhteiskunnallisena ongelmana, jolloin rankaisusta haluttiin tehd\u00e4 ratkaisu. Ty\u00f6tt\u00f6mien omaa \u00e4\u00e4nt\u00e4 ei haluttu kuunnella ja se sivuutettiin. Tutkimus tuo esille sen, ettei t\u00e4m\u00e4n ihmisryhm\u00e4n ty\u00f6llistymiseen aktiivimallilla ollut<\/p>\n","protected":false},"author":1,"featured_media":0,"comment_status":"open","ping_status":"open","sticky":false,"template":"","format":"standard","meta":{"_acf_changed":false,"footnotes":""},"categories":[3],"tags":[],"class_list":["post-2084","post","type-post","status-publish","format-standard","hentry","category-blogilta"],"acf":[],"_links":{"self":[{"href":"https:\/\/www.merjamakisalo.fi\/index.php?rest_route=\/wp\/v2\/posts\/2084","targetHints":{"allow":["GET"]}}],"collection":[{"href":"https:\/\/www.merjamakisalo.fi\/index.php?rest_route=\/wp\/v2\/posts"}],"about":[{"href":"https:\/\/www.merjamakisalo.fi\/index.php?rest_route=\/wp\/v2\/types\/post"}],"author":[{"embeddable":true,"href":"https:\/\/www.merjamakisalo.fi\/index.php?rest_route=\/wp\/v2\/users\/1"}],"replies":[{"embeddable":true,"href":"https:\/\/www.merjamakisalo.fi\/index.php?rest_route=%2Fwp%2Fv2%2Fcomments&post=2084"}],"version-history":[{"count":1,"href":"https:\/\/www.merjamakisalo.fi\/index.php?rest_route=\/wp\/v2\/posts\/2084\/revisions"}],"predecessor-version":[{"id":2085,"href":"https:\/\/www.merjamakisalo.fi\/index.php?rest_route=\/wp\/v2\/posts\/2084\/revisions\/2085"}],"wp:attachment":[{"href":"https:\/\/www.merjamakisalo.fi\/index.php?rest_route=%2Fwp%2Fv2%2Fmedia&parent=2084"}],"wp:term":[{"taxonomy":"category","embeddable":true,"href":"https:\/\/www.merjamakisalo.fi\/index.php?rest_route=%2Fwp%2Fv2%2Fcategories&post=2084"},{"taxonomy":"post_tag","embeddable":true,"href":"https:\/\/www.merjamakisalo.fi\/index.php?rest_route=%2Fwp%2Fv2%2Ftags&post=2084"}],"curies":[{"name":"wp","href":"https:\/\/api.w.org\/{rel}","templated":true}]}}