{"id":2077,"date":"2019-11-07T09:48:12","date_gmt":"2019-11-07T07:48:12","guid":{"rendered":"https:\/\/www.merjamakisalo.fi\/?p=2077"},"modified":"2019-11-07T09:48:12","modified_gmt":"2019-11-07T07:48:12","slug":"muistisairaiden-ehea-hoitopolku-ei-toteudu","status":"publish","type":"post","link":"https:\/\/www.merjamakisalo.fi\/?p=2077","title":{"rendered":"Muistisairaiden ehe\u00e4 hoitopolku ei toteudu"},"content":{"rendered":"<p>Suomessa arvioidaan olevan l\u00e4hes 200 000 jotain muistisairautta sairastavaa henkil\u00f6\u00e4. Vuosittain sairastuu noin 14 500 suomalaista. Muistisairaudet ovat etenevi\u00e4 neurologisia sairauksia, ne eiv\u00e4t kuulu normaaliin ik\u00e4\u00e4ntymiseen. Suomessa arvioidaan olevan noin 7000 ty\u00f6ik\u00e4ist\u00e4 muistisairasta. Toisaalta on t\u00e4rke\u00e4 tiedostaa, ett\u00e4 muistisairaudet ovat t\u00e4rkein ik\u00e4\u00e4ntyneiden toimintakyky\u00e4 heikent\u00e4v\u00e4 sairausryhm\u00e4 ja yleisin syy ik\u00e4ihmisten ymp\u00e4rivuorokautiseen hoitoon ja hoivaan.<\/p>\n<p>Yhden muistisairaan hoidon kustannukset ovat keskim\u00e4\u00e4rin 30 000 euroa vuodessa. Ymp\u00e4rivuorokautisen hoivan kustannukset ovat keskim\u00e4\u00e4rin 160e\/vrk (58 000e\/v), muun hoivan noin 67e\/vrk. Mukaan ei ole laskettu omaishoidon kustannuksia.<\/p>\n<p>Kustannuksia kasvattaa se, ettei Suomessa toteudu muistisairauksien ehe\u00e4 hoitoketju. Jos kunnat tekev\u00e4t taloudellisessa paineessa ratkaisuja ja harkitsemattomia s\u00e4\u00e4st\u00f6j\u00e4, joissa ei huomioida muistisairaiden erityistarpeita, niin pitk\u00e4ll\u00e4 aikav\u00e4lill\u00e4 kustannukset edelleen kasvavat, esimerkiksi muistisairausdiagnoosin viiv\u00e4styminen hidastaa oikeaan hoitoon p\u00e4\u00e4sy\u00e4 ja lis\u00e4\u00e4 kustannuksia.<\/p>\n<p>Mit\u00e4 varhaisemmassa vaiheessa sairaus todetaan, sen tehokkaammin sit\u00e4 voidaan hoitaa ja kuntouttaa. T\u00e4ll\u00e4 hetkell\u00e4 diagnoosin saaminen kest\u00e4\u00e4 keskim\u00e4\u00e4rin kaksi vuotta ensimm\u00e4isten oireiden ilmaannuttua. Valitettavasti muistisairauksiin liittyv\u00e4 kielteinen leima est\u00e4\u00e4 ihmisi\u00e4 hakautumasta ajoissa tutkimuksiin.<\/p>\n<p>Toinen ongelma on ammattilaisten tiedon ja osaamisen puutteet. Ammattilaisetkaan eiv\u00e4t tunnista muistisairauksiin liittyvi\u00e4 oireita riitt\u00e4v\u00e4n ajoissa. Diagnoosin saamisen j\u00e4lkeenkin asianmukaisten palvelujen saaminen voi olla vaikeaa, sill\u00e4 muistihoitajien sek\u00e4 geriatrian tai neurologin palveluita on saatavissa hyvin vaihtelevasti eri puolilla Suomea.<\/p>\n<p>Muistisairaus vaikeuttaa normaalien peruspalvelujen k\u00e4ytt\u00f6\u00e4. Esimerkiksi fyysisesti toimintakykyinen mutta keskivaikeasti muistisairas ei pysty k\u00e4ytt\u00e4m\u00e4\u00e4n palveluita omatoimisesti. H\u00e4n ei my\u00f6sk\u00e4\u00e4n pysty usein hy\u00f6dynt\u00e4m\u00e4\u00e4n digitaalisia palveluita.<\/p>\n<p>My\u00f6s siirtym\u00e4t itsen\u00e4isest\u00e4 asumisesta omaishoivaan, s\u00e4\u00e4nn\u00f6lliseen kotihoitoon tai palveluasumiseen\/yhteis\u00f6koteihin vaihtelevat kunnittain ja alueittain. Kuntoutusta ja kuntouttavaa toimintaa on liian v\u00e4h\u00e4n tarjolla ja esimerkiksi kotihoito usein laitostaa muistisairaan nelj\u00e4n sein\u00e4n sis\u00e4lle. Toimintakyvyn heikkeneminen nopeuttaa omasta kodista pois muuttamista laajempien palvelujen pariin. My\u00f6s muistisairaan omaishoitajan tuki on usein t\u00e4ysin riitt\u00e4m\u00e4t\u00f6n. Monin paikoin yhteis\u00f6koteja on liian v\u00e4h\u00e4n ja siksi kotona asuu muistisairaita, joiden inhimillinen ja turvallinen asumisenpaikka ei en\u00e4\u00e4 ole oma koti.<\/p>\n<p>Muistisairas on haavoittuvassa asemassa perus- ja itsem\u00e4\u00e4r\u00e4\u00e4misoikeuden toteutumisen suhteen, koska h\u00e4nell\u00e4 on vaikeuksia viesti\u00e4 omista tarpeistaan ja ajatuksistaan. Hoito- ja hoivahenkil\u00f6st\u00f6n osaaminen muistisairauksista ja muistisairaan kohtaamisesta ei ole riitt\u00e4v\u00e4\u00e4, mik\u00e4 kuormittaa my\u00f6s ammattilaisia itse\u00e4\u00e4n ja heikent\u00e4\u00e4 alan vetovoimaa. Perustason koulutuksessa on varmistettava, ett\u00e4 valmistuvilla ty\u00f6ntekij\u00f6ill\u00e4 on riitt\u00e4v\u00e4t valmiudet muistisairauksien tunnistamiseen ja muistisairaan kohtaamiseen. Muistihoitajien koulutusta tulee lis\u00e4t\u00e4 nopealla aikataululla eri puolilla Suomea.<\/p>\n<p>Muistisairaiden yhdenvertaisten oikeuksien toteutumiseksi ja samalla kustannusten kuriin saamiseksi on nopeiden toimenpiteiden aika. Erityisen t\u00e4rke\u00e4\u00e4 on selvitt\u00e4\u00e4 ja tarvittaessa luoda muistisairaan maakunnallinen hoitopolku diagnoosista palvelutarpeen arvioinnin kautta tarvittaviin palveluihin, olemassa olevia hyvi\u00e4 k\u00e4yt\u00e4nt\u00f6j\u00e4 ja tutkimusn\u00e4ytt\u00f6\u00e4 hy\u00f6dynt\u00e4en. L\u00e4\u00e4ketieteellisen n\u00e4yt\u00f6n rinnalle on saatava n\u00e4ytt\u00f6\u00f6n perustuva hoitoty\u00f6 ja -sosiaality\u00f6. Hyvi\u00e4 hoito- ja hoivak\u00e4yt\u00e4nt\u00f6j\u00e4 esimerkiksi kinestetiikasta, luontohoivasta (Green Care) ja taidel\u00e4ht\u00f6isist\u00e4 menetelmist\u00e4 on levitett\u00e4v\u00e4 tehokkaasti. Paikallisten muistiyhdistysten asiantuntijuutta kannattaa ehdottomasti hy\u00f6dynt\u00e4\u00e4.<\/p>\n<p>Lis\u00e4ksi on vahvistettava hoito- ja hoiva-alan ammattilaisten tietoa ja osaamista organisoimalla henkil\u00f6st\u00f6n t\u00e4ydennyskoulutusta sek\u00e4 tekem\u00e4ll\u00e4 yhteisty\u00f6t\u00e4 sote-alan koulutusorganisaatioiden kanssa. Muistisairaita ei voi hoitaa kuka tahansa ja m\u00e4\u00e4r\u00e4lt\u00e4\u00e4n riitt\u00e4v\u00e4n henkil\u00f6kunnan lis\u00e4ksi on varmistettava henkil\u00f6st\u00f6n ammattitaito ja osaaminen. Kotihoidossa ja yhteis\u00f6kodeissa tarvitaan my\u00f6s riitt\u00e4v\u00e4sti sairaanhoitajien ty\u00f6panosta, sill\u00e4 heid\u00e4n ammatillisen osaamisen avulla voidaan hoitaa monta ongelmatilannetta ilman, ett\u00e4 muistisairasta vied\u00e4\u00e4n turhan takia p\u00e4ivystykseen.<\/p>\n<p>Lopuksi on syyt\u00e4 muistaa, ett\u00e4 muistisairauksia voidaan ennaltaehk\u00e4ist\u00e4 ja n\u00e4in sairastumisen riski\u00e4 pienent\u00e4\u00e4. Aivoterveyden edist\u00e4miseen on kiinnitett\u00e4v\u00e4 huomiota koko el\u00e4m\u00e4n ajan. Aivoterveellisten el\u00e4m\u00e4ntapojen edist\u00e4minen, mahdollistaminen ja tukeminen ei ole vain sosiaali- ja terveystoimen asia, se kuuluu my\u00f6s kunnan perusteht\u00e4viin.<\/p>\n<p>&nbsp;<\/p>\n<p>-Merja M\u00e4kisalo-Ropponen<\/p>\n<p>Muistiliiton puheenjohtaja<\/p>\n<p>kansanedustaja (sd)<\/p>\n<p>&nbsp;<\/p>\n<p>Julkaistu Uuden Suomen blogissa 7.11.2019.<\/p>\n","protected":false},"excerpt":{"rendered":"<p>Suomessa arvioidaan olevan l\u00e4hes 200 000 jotain muistisairautta sairastavaa henkil\u00f6\u00e4. Vuosittain sairastuu noin 14 500 suomalaista. Muistisairaudet ovat etenevi\u00e4 neurologisia sairauksia, ne eiv\u00e4t kuulu normaaliin ik\u00e4\u00e4ntymiseen. Suomessa arvioidaan olevan noin 7000 ty\u00f6ik\u00e4ist\u00e4 muistisairasta. Toisaalta on t\u00e4rke\u00e4 tiedostaa, ett\u00e4 muistisairaudet ovat t\u00e4rkein ik\u00e4\u00e4ntyneiden toimintakyky\u00e4 heikent\u00e4v\u00e4 sairausryhm\u00e4 ja yleisin syy ik\u00e4ihmisten ymp\u00e4rivuorokautiseen hoitoon ja hoivaan. Yhden muistisairaan<\/p>\n","protected":false},"author":1,"featured_media":0,"comment_status":"open","ping_status":"open","sticky":false,"template":"","format":"standard","meta":{"_acf_changed":false,"footnotes":""},"categories":[3],"tags":[],"class_list":["post-2077","post","type-post","status-publish","format-standard","hentry","category-blogilta"],"acf":[],"_links":{"self":[{"href":"https:\/\/www.merjamakisalo.fi\/index.php?rest_route=\/wp\/v2\/posts\/2077","targetHints":{"allow":["GET"]}}],"collection":[{"href":"https:\/\/www.merjamakisalo.fi\/index.php?rest_route=\/wp\/v2\/posts"}],"about":[{"href":"https:\/\/www.merjamakisalo.fi\/index.php?rest_route=\/wp\/v2\/types\/post"}],"author":[{"embeddable":true,"href":"https:\/\/www.merjamakisalo.fi\/index.php?rest_route=\/wp\/v2\/users\/1"}],"replies":[{"embeddable":true,"href":"https:\/\/www.merjamakisalo.fi\/index.php?rest_route=%2Fwp%2Fv2%2Fcomments&post=2077"}],"version-history":[{"count":1,"href":"https:\/\/www.merjamakisalo.fi\/index.php?rest_route=\/wp\/v2\/posts\/2077\/revisions"}],"predecessor-version":[{"id":2078,"href":"https:\/\/www.merjamakisalo.fi\/index.php?rest_route=\/wp\/v2\/posts\/2077\/revisions\/2078"}],"wp:attachment":[{"href":"https:\/\/www.merjamakisalo.fi\/index.php?rest_route=%2Fwp%2Fv2%2Fmedia&parent=2077"}],"wp:term":[{"taxonomy":"category","embeddable":true,"href":"https:\/\/www.merjamakisalo.fi\/index.php?rest_route=%2Fwp%2Fv2%2Fcategories&post=2077"},{"taxonomy":"post_tag","embeddable":true,"href":"https:\/\/www.merjamakisalo.fi\/index.php?rest_route=%2Fwp%2Fv2%2Ftags&post=2077"}],"curies":[{"name":"wp","href":"https:\/\/api.w.org\/{rel}","templated":true}]}}