{"id":1972,"date":"2019-08-22T09:48:39","date_gmt":"2019-08-22T06:48:39","guid":{"rendered":"https:\/\/www.merjamakisalo.fi\/?p=1972"},"modified":"2019-08-22T09:49:44","modified_gmt":"2019-08-22T06:49:44","slug":"lasten-ja-nuorten-avuntarpeeseen-pitaa-vastata-nopeasti","status":"publish","type":"post","link":"https:\/\/www.merjamakisalo.fi\/?p=1972","title":{"rendered":"Lasten ja nuorten avuntarpeeseen pit\u00e4\u00e4 vastata nopeasti"},"content":{"rendered":"<p>Kirjoitin viime kev\u00e4\u00e4n\u00e4 Uuden Suomen blogissa 14-vuotiaasta Emmist\u00e4, joka ei saanut apua psyykkiseen oireiluunsa, vaikka perhe ja Emmi itse sit\u00e4 toivoivat. Kirjoituksen voi lukea <a href=\"http:\/\/merjamkisalo-ropponen.puheenvuoro.uusisuomi.fi\/274932-lapset-eivat-voi-odottaa\">t\u00e4\u00e4lt\u00e4.<\/a><\/p>\n<p>Lyhyt kertaus tilanteesta: Emmi, 14 vuotta, oli oireillut psyykkisesti jo aiemminkin ja k\u00e4ynyt vanhempiensa huolen takia psykologin luona juttelemassa asioistaan. Aiemmin Emmi ei kuitenkaan itse ymm\u00e4rt\u00e4nyt, ett\u00e4 h\u00e4n tarvitsi apua ja \u00e4lykk\u00e4\u00e4n\u00e4 lapsena selitti asiat parhain p\u00e4in psykologille ja siksi tapaamiset lopetettiin.<\/p>\n<p>Viime huhtikuussa Emmin olotila paheni ja erityisesti koulussa h\u00e4nelle tuli ahdistuskohtauksia, jotka johtivat jopa itsetuhoisiin ajatuksiin.\u00a0Emmi vietiin toukokuussa kahdesti p\u00e4ivystykseen viiltelyn takia. Emmi tunsi tarvitsevansa apua ja olisi halunnut osastolle, koska koki olevansa \u201dihan poikki\u201d. Molemmilla kerroilla Emmi kuitenkin l\u00e4hetettiin \u201dkotiin nukkumaan\u201d. Vanhempien pyynn\u00f6st\u00e4 sairaalasta kuitenkin tehtiin lastensuojeluilmoitus sek\u00e4 l\u00e4hete kiireellisesti tapaamaan nuorten psykiatria. Ilman lastensuojeluilmoitusta Emmin kotikunnassa on vaikea saada perhety\u00f6ntekij\u00f6iden palveluja.<\/p>\n<p>Emmi k\u00e4vi toukokuussa kerran psykiatrilla ja sielt\u00e4 sanottiin, ett\u00e4 hoidon tarve on selv\u00e4sti olemassa, mutta siit\u00e4 huolimatta resurssipulan takia hoitoon ei ole mahdollista p\u00e4\u00e4st\u00e4 ennen ensi vuotta ja pyydettiin menem\u00e4\u00e4n koulupsykologin luo.<\/p>\n<p>Koulupsykologi sanoi, etteiv\u00e4t n\u00e4in vakavat asiat kuulu h\u00e4nelle, mutta lupasi muutaman kerran tavata Emmi\u00e4. Onneksi lastensuojelun tapaamiseen ei tarvinnut odottaa kauan ja siell\u00e4 Emmin ja perheen tilanne otettiin vakavasti ja Emmi sai p\u00e4tev\u00e4n perhety\u00f6ntekij\u00e4n, jonka tapasi muutaman kerran. Kes\u00e4kuussa pidettiin isompi palaveri, johon ei edelleenk\u00e4\u00e4n\u00a0nuorten psykiatriselta puolelta ehtinyt kukaan tulemaan. Lastensuojelusta luvattiin jouduttaa asiaa ja hein\u00e4kuun lopussa tuli kirje, ett\u00e4 Emmi p\u00e4\u00e4see hoidon piiriin \u201djoskus syksyll\u00e4\u201d.<\/p>\n<p>Miten on mahdollista, ett\u00e4 apua tarvitseva nuori joutuu odottamaan psykiatriseen hoitoon p\u00e4\u00e4sy\u00e4 kuukausia? Verrataanpa tilannetta, vaikka murtumaan. Ihminen menee\u00a0jalan murtuman takia hakemaan apua ja h\u00e4nelle sanotaan, ett\u00e4 ensi vuonna on aikaa ja resursseja kipsata jalka, mutta sit\u00e4 odotellessa voidaan v\u00e4h\u00e4n rasvailla ja lastoittaa ettei niin kovasti sattuisi.<\/p>\n<p>My\u00f6s erityislasten tilanne on vaikeutunut monin paikoin. Esimerkiksi ADHD, kehitysvammaisuus, autismi, Asperger ja vastaavat tilanteet tuovat perheeseen huolta ja uupumista. Lapsille ja nuorille sek\u00e4 heid\u00e4n perheilleen kohdennettuja palveluita my\u00f6nt\u00e4v\u00e4t vammaispalvelut, psykiatria, neurologia ja lastensuojelu. Saamieni viestien perusteella voi todeta, etteiv\u00e4t perheet saa riitt\u00e4v\u00e4\u00e4 apua resurssipulaan takia. Haettavaa tukea ei my\u00f6nnet\u00e4 s\u00e4\u00e4st\u00f6syist\u00e4 tai lapsi laitetaan jonottamaan tarvitsemaansa apua. Lis\u00e4ksi monessa koulussa erityislapset ovat samassa suuressa ryhm\u00e4ss\u00e4 muiden kanssa ilman henkil\u00f6kohtaista avustajaa. Tilanne on opettajillekin kohtuuton \u2013 puhumattakaan lapsista.<\/p>\n<p>Hoidon ja avun pit\u00e4isi olla lapsen ja nuoren kannalta yksil\u00f6llist\u00e4 ja oikea-aikaista.\u00a0Huomio ja tarmo tulee keskitt\u00e4\u00e4 lapsen toipumisen ja kuntoutumisen edist\u00e4miseen, ei eri viranomaistahojen toimialueiden selvitt\u00e4miseen. Niin kodin, koulun kuin terveydenhuollon tulee puhaltaa yhteen hiileen ja luoda yhdess\u00e4 parhaat mahdolliset edellytykset toipumiselle. T\u00e4h\u00e4n tarvitaan paitsi riitt\u00e4vi\u00e4 resursseja, mutta my\u00f6s uutta yhdess\u00e4 toimimisen tapaa. N\u00e4in voidaan ehk\u00e4ist\u00e4 vanhempien uupumista, oireiden lis\u00e4\u00e4ntymist\u00e4 ja jopa syrj\u00e4ytymist\u00e4.<\/p>\n<p>&nbsp;<\/p>\n<p>Rinteen hallituksen hallitusohjelmassa todetaan:<\/p>\n<p>-Lapsiperheiden tukemiseksi toteutetaan hyvinvointia edist\u00e4vi\u00e4 sek\u00e4 ongelmia ehk\u00e4isevi\u00e4\u00a0ja korjaavia toimia.<\/p>\n<p>-Madalletaan lasten ja nuorten mielenterveyspalveluiden saamisen kynnyst\u00e4 sek\u00e4 parannetaan oikea-aikaisuutta ja saatavuutta osana peruspalveluja.<\/p>\n<p>-Tiivistet\u00e4\u00e4n mielenterveyspalveluiden yhteytt\u00e4 olemassa oleviin lasten ja perheiden palveluihin ja muihin palvelurakenteisiin.<\/p>\n<p>-Tiivistet\u00e4\u00e4n eri\u00a0hallinnonalojen yhteisty\u00f6t\u00e4 ja turvataan tiedonkulku.<\/p>\n<p>&nbsp;<\/p>\n<p>N\u00e4ill\u00e4 toimenpiteill\u00e4 on kiire ja toivottavasti eduskunnassa p\u00e4\u00e4st\u00e4\u00e4n ensimm\u00e4isen kerran asiasta keskustelemaan jo alkusyksyst\u00e4, kun\u00a0kansalaisaloite terapiatakuusta tulee eduskunnan k\u00e4sittelyyn. Aloitteessa halutaan taata\u00a0kaikille nopea p\u00e4\u00e4sy hoidolliseen psykoterapiaan tai muuhun psykososiaaliseen hoitoon ensimm\u00e4isen terveyskeskusk\u00e4ynnin j\u00e4lkeen.\u00a0Ehdotettu lakimuutos parantaisi hoidon saavutettavuutta ja yhdenvertaisuutta. Oikea-aikaisen avun my\u00f6t\u00e4 mielenterveyden oireiden ja h\u00e4iri\u00f6iden syveneminen v\u00e4henisi. Painopiste siirtyisi pitkist\u00e4, hitaasti saatavista psykoterapioista nopeisiin psykososiaalisiin hoitoihin, joita riitt\u00e4isi useammalle<\/p>\n<p>Yli puolet suomalaisista kokee jossakin vaiheessa el\u00e4m\u00e4\u00e4ns\u00e4 mielenterveyden h\u00e4iri\u00f6n, mutta vain puolet mielenterveyden h\u00e4iri\u00f6t\u00e4 sairastavista saa tarvitsemaansa hoitoa. Erityisen huolissani olen Emmin kaltaisista lapsista ja nuorista. Apua\u00a0tarvitsevaa lasta ei voida j\u00e4tt\u00e4\u00e4 odottamaan \u201dparempia aikoja\u201d, sill\u00e4 kysymys on h\u00e4nen koko tulevaisuudestaan! Kun lapsen mieli j\u00e4rkkyy, on avun oltava mahdollisimman l\u00e4hell\u00e4 ja matalan kynnyksen takana. T\u00e4ll\u00f6in niin lapsen kuin my\u00f6s vanhempien ja koko perheen on voitava luottaa siihen, ett\u00e4 palvelut ja tuki ovat saatavilla asuinpaikasta tai varallisuudesta riippumatta.<\/p>\n<p>&nbsp;<\/p>\n<p>-Merja M\u00e4kisalo-Ropponen<\/p>\n<p>kansanedustaja (sd)<\/p>\n<p>&nbsp;<\/p>\n<p>Kirjoitus julkaistu Uuden Suomen blogissa 22.8.2019.<\/p>\n","protected":false},"excerpt":{"rendered":"<p>Kirjoitin viime kev\u00e4\u00e4n\u00e4 Uuden Suomen blogissa 14-vuotiaasta Emmist\u00e4, joka ei saanut apua psyykkiseen oireiluunsa, vaikka perhe ja Emmi itse sit\u00e4 toivoivat. Kirjoituksen voi lukea t\u00e4\u00e4lt\u00e4. Lyhyt kertaus tilanteesta: Emmi, 14 vuotta, oli oireillut psyykkisesti jo aiemminkin ja k\u00e4ynyt vanhempiensa huolen takia psykologin luona juttelemassa asioistaan. Aiemmin Emmi ei kuitenkaan itse ymm\u00e4rt\u00e4nyt, ett\u00e4 h\u00e4n tarvitsi apua<\/p>\n","protected":false},"author":1,"featured_media":0,"comment_status":"open","ping_status":"open","sticky":false,"template":"","format":"standard","meta":{"_acf_changed":false,"footnotes":""},"categories":[3],"tags":[],"class_list":["post-1972","post","type-post","status-publish","format-standard","hentry","category-blogilta"],"acf":[],"_links":{"self":[{"href":"https:\/\/www.merjamakisalo.fi\/index.php?rest_route=\/wp\/v2\/posts\/1972","targetHints":{"allow":["GET"]}}],"collection":[{"href":"https:\/\/www.merjamakisalo.fi\/index.php?rest_route=\/wp\/v2\/posts"}],"about":[{"href":"https:\/\/www.merjamakisalo.fi\/index.php?rest_route=\/wp\/v2\/types\/post"}],"author":[{"embeddable":true,"href":"https:\/\/www.merjamakisalo.fi\/index.php?rest_route=\/wp\/v2\/users\/1"}],"replies":[{"embeddable":true,"href":"https:\/\/www.merjamakisalo.fi\/index.php?rest_route=%2Fwp%2Fv2%2Fcomments&post=1972"}],"version-history":[{"count":2,"href":"https:\/\/www.merjamakisalo.fi\/index.php?rest_route=\/wp\/v2\/posts\/1972\/revisions"}],"predecessor-version":[{"id":1974,"href":"https:\/\/www.merjamakisalo.fi\/index.php?rest_route=\/wp\/v2\/posts\/1972\/revisions\/1974"}],"wp:attachment":[{"href":"https:\/\/www.merjamakisalo.fi\/index.php?rest_route=%2Fwp%2Fv2%2Fmedia&parent=1972"}],"wp:term":[{"taxonomy":"category","embeddable":true,"href":"https:\/\/www.merjamakisalo.fi\/index.php?rest_route=%2Fwp%2Fv2%2Fcategories&post=1972"},{"taxonomy":"post_tag","embeddable":true,"href":"https:\/\/www.merjamakisalo.fi\/index.php?rest_route=%2Fwp%2Fv2%2Ftags&post=1972"}],"curies":[{"name":"wp","href":"https:\/\/api.w.org\/{rel}","templated":true}]}}