{"id":1950,"date":"2019-08-14T14:10:34","date_gmt":"2019-08-14T11:10:34","guid":{"rendered":"https:\/\/www.merjamakisalo.fi\/?p=1950"},"modified":"2019-08-14T14:18:41","modified_gmt":"2019-08-14T11:18:41","slug":"makisalo-ropponen-ja-eskelinen-ita-suomen-rakennerahastotuet-turvattava","status":"publish","type":"post","link":"https:\/\/www.merjamakisalo.fi\/?p=1950","title":{"rendered":"M\u00e4kisalo-Ropponen ja Eskelinen: It\u00e4-Suomen rakennerahastotuet turvattava"},"content":{"rendered":"<p>TIEDOTE\u00a0 \u00a0 \u00a0 \u00a0 \u00a0 \u00a0 \u00a0 \u00a0 \u00a0 \u00a0 \u00a0 \u00a0 \u00a0 \u00a0 \u00a0 \u00a0 \u00a0 \u00a0 \u00a0 \u00a0 \u00a0 \u00a0 \u00a0 \u00a0 \u00a0 \u00a0 \u00a0 \u00a0 \u00a0 \u00a0 \u00a0 \u00a0 \u00a0 \u00a0 \u00a0 \u00a0 \u00a0 \u00a0 \u00a0 \u00a0 \u00a0 \u00a0 \u00a0 \u00a0 \u00a0 \u00a0 \u00a0 \u00a0 \u00a0 \u00a0 \u00a0 \u00a0 \u00a0 \u00a0 \u00a0 \u00a0 \u00a0 \u00a0 \u00a0 \u00a0 \u00a0 \u00a0 \u00a0 \u00a0 \u00a0 \u00a0 \u00a0 \u00a0 \u00a0 \u00a0 \u00a0 \u00a0 \u00a0 \u00a0 \u00a0 \u00a0 \u00a0 \u00a0 \u00a0 \u00a0 \u00a0 \u00a0 \u00a0 \u00a0 \u00a0 \u00a0 \u00a0 \u00a0 \u00a0 \u00a0 \u00a0 14.8.2019<\/p>\n<p>&nbsp;<\/p>\n<p><strong>\u00a0<\/strong><\/p>\n<p><strong>M\u00e4kisalo-Ropponen ja Eskelinen: <\/strong><\/p>\n<p><strong>It\u00e4-Suomen rakennerahastotuet turvattava<\/strong><\/p>\n<p>\u201dEU:n rakennerahastojen my\u00f6nt\u00e4m\u00e4 tuki ja niihin kytk\u00f6ksiss\u00e4 oleva kansallinen rahoitus ovat tarkoitettu alueellisten erojen tasaamiseen maiden sis\u00e4ll\u00e4\u201d muistuttavat kansanedustajat Seppo Eskelinen ja Merja M\u00e4kisalo-Ropponen (sd) nyt julkisuudessa k\u00e4ydyss\u00e4 keskustelussa tukien kohdentamisessa. It\u00e4-Suomi on edelleen useilla mittareilla muuta maata j\u00e4ljess\u00e4, samoin harva asutus ja pitk\u00e4t et\u00e4isyydet ovat juuri niit\u00e4 seikkoja, joiden vaikutusta tuilla halutaan tasata. \u201dNyt esitetyt vaatimukset tukien vahvemmasta kohdistamisesta Etel\u00e4- ja L\u00e4nsi-Suomeen ovat t\u00e4ysin kohtuuttomia\u201d kansanedustajat sanovat.<\/p>\n<p>Esimerkiksi Euroopan komissio totesi kev\u00e4\u00e4n Suomen maaraportissaan, ett\u00e4 alueelliset erot ovat meill\u00e4 hienoisesti kaventuneet, mutta edelleen merkitt\u00e4vi\u00e4. Rakennerahastojen tuella It\u00e4-Suomessa on pystytty totteluttamaan monia ty\u00f6llisyytt\u00e4, elinkeinoel\u00e4m\u00e4\u00e4 ja koulutusta palvelevia hankkeita, joiden merkitys alueen kehittymiseen on ollut suuri, mutta siit\u00e4 huolimatta ty\u00f6t\u00e4 viel\u00e4 riitt\u00e4\u00e4. Valitettavasti omien kansallisten p\u00e4\u00e4t\u00f6sten seurauksena It\u00e4-Suomen rahoituksesta osa on jo nyt kohdentunut Etel\u00e4- ja L\u00e4nsi-Suomeen, poiketen tukien alkuper\u00e4isest\u00e4 tarkoituksesta. Esimerkiksi t\u00e4ll\u00e4 ohjelmakaudella It\u00e4- ja Pohjois-Suomi ansaitsivat Suomen tukirahoista 904 miljoonaa, mutta saivat k\u00e4ytt\u00f6\u00f6ns\u00e4 vain 773 miljoonaa.<\/p>\n<p>Parhaillaan neuvotellaan uudesta EU:n vuosien 2021-2027 rahoituskehyksest\u00e4 ja tuista sek\u00e4 niiden kohdentamisesta sen osana. Hallitus on ohjelmassaan linjannut, ett\u00e4 aluekehitysrahoituksen taso ja harvaan asutun It\u00e4- ja Pohjois-Suomen erityisasema turvataan. \u201dT\u00e4st\u00e4 on syyt\u00e4 pit\u00e4\u00e4 vahvasti kiinni, jotta koko Suomea tasapuolisesti kehitt\u00e4v\u00e4\u00e4 aluepolitiikkaa voidaan jatkaa tulevaisuudessakin\u201d M\u00e4kisalo-Ropponen ja Eskelinen sanovat.<\/p>\n<p>&nbsp;<\/p>\n<p>&nbsp;<\/p>\n<p><strong>Lis\u00e4tietoja:<\/strong><\/p>\n<p>Merja M\u00e4kisalo-Ropponen, puh. 050\u00a0357 9090<\/p>\n<p>Seppo Eskelinen, puh: 050\u00a0514 3350<\/p>\n<p>&nbsp;<\/p>\n","protected":false},"excerpt":{"rendered":"<p>TIEDOTE\u00a0 \u00a0 \u00a0 \u00a0 \u00a0 \u00a0 \u00a0 \u00a0 \u00a0 \u00a0 \u00a0 \u00a0 \u00a0 \u00a0 \u00a0 \u00a0 \u00a0 \u00a0 \u00a0 \u00a0 \u00a0 \u00a0 \u00a0 \u00a0 \u00a0 \u00a0 \u00a0 \u00a0 \u00a0 \u00a0 \u00a0 \u00a0 \u00a0 \u00a0 \u00a0 \u00a0 \u00a0 \u00a0 \u00a0 \u00a0 \u00a0 \u00a0 \u00a0 \u00a0 \u00a0 \u00a0 \u00a0 \u00a0 \u00a0 \u00a0 \u00a0 \u00a0 \u00a0 \u00a0 \u00a0<\/p>\n","protected":false},"author":1,"featured_media":0,"comment_status":"open","ping_status":"open","sticky":false,"template":"","format":"standard","meta":{"_acf_changed":false,"footnotes":""},"categories":[14],"tags":[],"class_list":["post-1950","post","type-post","status-publish","format-standard","hentry","category-tiedotteet"],"acf":[],"_links":{"self":[{"href":"https:\/\/www.merjamakisalo.fi\/index.php?rest_route=\/wp\/v2\/posts\/1950","targetHints":{"allow":["GET"]}}],"collection":[{"href":"https:\/\/www.merjamakisalo.fi\/index.php?rest_route=\/wp\/v2\/posts"}],"about":[{"href":"https:\/\/www.merjamakisalo.fi\/index.php?rest_route=\/wp\/v2\/types\/post"}],"author":[{"embeddable":true,"href":"https:\/\/www.merjamakisalo.fi\/index.php?rest_route=\/wp\/v2\/users\/1"}],"replies":[{"embeddable":true,"href":"https:\/\/www.merjamakisalo.fi\/index.php?rest_route=%2Fwp%2Fv2%2Fcomments&post=1950"}],"version-history":[{"count":4,"href":"https:\/\/www.merjamakisalo.fi\/index.php?rest_route=\/wp\/v2\/posts\/1950\/revisions"}],"predecessor-version":[{"id":1954,"href":"https:\/\/www.merjamakisalo.fi\/index.php?rest_route=\/wp\/v2\/posts\/1950\/revisions\/1954"}],"wp:attachment":[{"href":"https:\/\/www.merjamakisalo.fi\/index.php?rest_route=%2Fwp%2Fv2%2Fmedia&parent=1950"}],"wp:term":[{"taxonomy":"category","embeddable":true,"href":"https:\/\/www.merjamakisalo.fi\/index.php?rest_route=%2Fwp%2Fv2%2Fcategories&post=1950"},{"taxonomy":"post_tag","embeddable":true,"href":"https:\/\/www.merjamakisalo.fi\/index.php?rest_route=%2Fwp%2Fv2%2Ftags&post=1950"}],"curies":[{"name":"wp","href":"https:\/\/api.w.org\/{rel}","templated":true}]}}