{"id":1639,"date":"2018-09-11T12:06:42","date_gmt":"2018-09-11T09:06:42","guid":{"rendered":"https:\/\/www.merjamakisalo.fi\/?p=1639"},"modified":"2018-09-11T12:06:42","modified_gmt":"2018-09-11T09:06:42","slug":"hallituksen-aluepolitiikka-on-pettymys","status":"publish","type":"post","link":"https:\/\/www.merjamakisalo.fi\/?p=1639","title":{"rendered":"Hallituksen aluepolitiikka on pettymys"},"content":{"rendered":"<p>TIEDOTE<\/p>\n<p>3.9.2018<\/p>\n<p>Oikeusministeri\u00f6n t\u00e4n\u00e4\u00e4n julkaiseman tiedon mukaan Tuomioistuinvirasto sijoitetaan Vantaalle. SDP:n kansanedustaja <strong>Merja M\u00e4kisalo-Ropponen <\/strong>on pettynyt p\u00e4\u00e4t\u00f6ksen ja hallituksen aluepolitiikkaan.<\/p>\n<ul>\n<li>Keskusta on julistanut p\u00e4\u00e4ministeri Juha Sipil\u00e4kin suulla, ett\u00e4 se haluaa pit\u00e4\u00e4 koko Suomen asuttuna. Miten se n\u00e4kyy hallituksen aluepolitiikassa, kysyy kansanedustaja M\u00e4kisalo-Ropponen h\u00e4mm\u00e4styneen\u00e4.<\/li>\n<li>Tuomioistuinviraston sijaintipaikan arvioinnissa tuli kiinnitt\u00e4\u00e4 erityisesti huomiota nelj\u00e4\u00e4n eri n\u00e4k\u00f6kulmaan: sijoittamisen toiminnallisiin, taloudellisiin ja alueellisiin sek\u00e4 henkil\u00f6st\u00f6\u00e4 koskeviin vaikutuksiin. Keskeinen vahvuustekij\u00e4 n\u00e4ytti olevan kuitenkin et\u00e4isyys ja saavutettavuus p\u00e4\u00e4kaupungista, toteaa M\u00e4kisalo-Ropponen.<\/li>\n<li>P\u00e4\u00e4t\u00f6s on raju viesti alueellistamispolitiikan unohtamisesta ja muuttumisesta metropolipolitiikaksi. Valtionhallinnon alueellistaminen ei toki pelasta alueita, mutta se kertoo paljon hallituksen todellisesta tahtotilasta ja asenteesta. Onko hallitus todella p\u00e4\u00e4tt\u00e4nyt l\u00e4hte\u00e4 kohti yhden keskuksen Suomea, kysyy M\u00e4kisalo-Ropponen lopuksi.<\/li>\n<\/ul>\n<p>&nbsp;<\/p>\n","protected":false},"excerpt":{"rendered":"<p>TIEDOTE 3.9.2018 Oikeusministeri\u00f6n t\u00e4n\u00e4\u00e4n julkaiseman tiedon mukaan Tuomioistuinvirasto sijoitetaan Vantaalle. SDP:n kansanedustaja Merja M\u00e4kisalo-Ropponen on pettynyt p\u00e4\u00e4t\u00f6ksen ja hallituksen aluepolitiikkaan. Keskusta on julistanut p\u00e4\u00e4ministeri Juha Sipil\u00e4kin suulla, ett\u00e4 se haluaa pit\u00e4\u00e4 koko Suomen asuttuna. Miten se n\u00e4kyy hallituksen aluepolitiikassa, kysyy kansanedustaja M\u00e4kisalo-Ropponen h\u00e4mm\u00e4styneen\u00e4. Tuomioistuinviraston sijaintipaikan arvioinnissa tuli kiinnitt\u00e4\u00e4 erityisesti huomiota nelj\u00e4\u00e4n eri n\u00e4k\u00f6kulmaan: sijoittamisen toiminnallisiin,<\/p>\n","protected":false},"author":1,"featured_media":0,"comment_status":"open","ping_status":"open","sticky":false,"template":"","format":"standard","meta":{"_acf_changed":false,"footnotes":""},"categories":[14],"tags":[],"class_list":["post-1639","post","type-post","status-publish","format-standard","hentry","category-tiedotteet"],"acf":[],"_links":{"self":[{"href":"https:\/\/www.merjamakisalo.fi\/index.php?rest_route=\/wp\/v2\/posts\/1639","targetHints":{"allow":["GET"]}}],"collection":[{"href":"https:\/\/www.merjamakisalo.fi\/index.php?rest_route=\/wp\/v2\/posts"}],"about":[{"href":"https:\/\/www.merjamakisalo.fi\/index.php?rest_route=\/wp\/v2\/types\/post"}],"author":[{"embeddable":true,"href":"https:\/\/www.merjamakisalo.fi\/index.php?rest_route=\/wp\/v2\/users\/1"}],"replies":[{"embeddable":true,"href":"https:\/\/www.merjamakisalo.fi\/index.php?rest_route=%2Fwp%2Fv2%2Fcomments&post=1639"}],"version-history":[{"count":1,"href":"https:\/\/www.merjamakisalo.fi\/index.php?rest_route=\/wp\/v2\/posts\/1639\/revisions"}],"predecessor-version":[{"id":1640,"href":"https:\/\/www.merjamakisalo.fi\/index.php?rest_route=\/wp\/v2\/posts\/1639\/revisions\/1640"}],"wp:attachment":[{"href":"https:\/\/www.merjamakisalo.fi\/index.php?rest_route=%2Fwp%2Fv2%2Fmedia&parent=1639"}],"wp:term":[{"taxonomy":"category","embeddable":true,"href":"https:\/\/www.merjamakisalo.fi\/index.php?rest_route=%2Fwp%2Fv2%2Fcategories&post=1639"},{"taxonomy":"post_tag","embeddable":true,"href":"https:\/\/www.merjamakisalo.fi\/index.php?rest_route=%2Fwp%2Fv2%2Ftags&post=1639"}],"curies":[{"name":"wp","href":"https:\/\/api.w.org\/{rel}","templated":true}]}}