{"id":1378,"date":"2017-06-08T20:44:27","date_gmt":"2017-06-08T17:44:27","guid":{"rendered":"https:\/\/www.merjamakisalo.fi\/?p=1378"},"modified":"2017-06-08T20:44:27","modified_gmt":"2017-06-08T17:44:27","slug":"hallitus-hakoteilla-aluepolitiikan-ja-tyottomyyden-hoidon-suhteen","status":"publish","type":"post","link":"https:\/\/www.merjamakisalo.fi\/?p=1378","title":{"rendered":"Hallitus hakoteill\u00e4 aluepolitiikan ja ty\u00f6tt\u00f6myyden hoidon suhteen"},"content":{"rendered":"<p>(Julkaistu Viikko Pohjois-Karjalassa 8.6.2017)<\/p>\n<p><span style=\"font-size: small;\">Viime viikolla oli eduskunnassa l\u00e4hetekeskustelussa vuoden 2017 lis\u00e4talousarvio. Taloustilanne ja samalla my\u00f6s ty\u00f6llisyystilanne ovat paranemassa ja siit\u00e4 voi olla iloinen. T\u00e4st\u00e4 huolimatta ty\u00f6llisyys vaatii hallitukselta lis\u00e4panostuksia. Hallitus my\u00f6nt\u00e4\u00e4 elinkeinopoliittisia lis\u00e4panostuksia Varsinais-Suomeen, mutta muu Suomi j\u00e4\u00e4 nuolemaan n\u00e4ppej\u00e4\u00e4n. Pohjois-Karjalassa on t\u00e4ll\u00e4 hetkell\u00e4 maan suurin ty\u00f6tt\u00f6myys (16,9 %), eik\u00e4 t\u00e4nne saada mit\u00e4\u00e4n lis\u00e4rahoitusta. SDP:n mielest\u00e4 alueellisia kasvupaketteja tulisi r\u00e4\u00e4t\u00e4l\u00f6id\u00e4 alueille niiden erilaisiin tarpeisiin.<\/p>\n<p><\/span><span style=\"font-size: small;\"> Pitk\u00e4n aikav\u00e4lin kasvun edellytysten turvaaminen edellytt\u00e4\u00e4 my\u00f6s liikenneinfrasta huolehtimista. T\u00e4ss\u00e4kin asiassa hallitus tuntuu unohtaneen Pohjois-Karjalan. Viimeisin esimerkki t\u00e4st\u00e4 on Liikenneviraston toukokuussa hyv\u00e4ksym\u00e4 asiakirja keskeisen p\u00e4\u00e4tieverkon toimintalinjauksista. T\u00e4ss\u00e4 asiakirjassa raskaan liikenteen runkoyhteys ei ulotu mist\u00e4\u00e4n ilmansuunnasta Joensuuhun asti. Vaarana t\u00e4ss\u00e4 p\u00e4\u00e4t\u00f6ksess\u00e4 on, ett\u00e4 n\u00e4m\u00e4 alemmalle tasolle luokitellut kohteet j\u00e4\u00e4v\u00e4t jalkoihin rahoitusta allokoitaessa.<\/p>\n<p>Parantuneesta ty\u00f6llisyysluvuista huolimatta rakenteellinen ty\u00f6tt\u00f6myys on edelleen liian korkea ja t\u00e4m\u00e4 edellytt\u00e4\u00e4 suurempia panostuksia aktiiviseen ty\u00f6voimapolitiikkaan. Erityisesti j\u00e4rjest\u00f6jen palkkatukim\u00e4\u00e4r\u00e4rahat ovat t\u00e4ll\u00e4 hetkell\u00e4 ty\u00f6llisyyspolitiikan pullon kaula. J\u00e4rjest\u00f6ille my\u00f6nnett\u00e4vien m\u00e4\u00e4r\u00e4rahojen m\u00e4\u00e4r\u00e4\u00e4 on rajoitettu valtion budjetissa ja t\u00e4lle vuodelle my\u00f6nnetyt rahat ovatkin jo monin paikoin loppuneet. Hallitus uskoo siihen, ett\u00e4 keppi\u00e4 k\u00e4ytt\u00e4m\u00e4ll\u00e4 ja pakottamalla tehtailemaan ty\u00f6paikkahakemuksia, kaikki ty\u00f6tt\u00f6m\u00e4t ty\u00f6llistyv\u00e4t avoimille ty\u00f6markkinoille. T\u00e4m\u00e4 on kuitenkin ep\u00e4realistinen ajatus ja tulemme tarvitsemaan jatkossakin v\u00e4lity\u00f6markkinoita eli esimerkiksi j\u00e4rjest\u00f6iss\u00e4 teht\u00e4v\u00e4\u00e4 palkkatukity\u00f6t\u00e4. J\u00e4rjest\u00f6iss\u00e4 pystyt\u00e4\u00e4n ty\u00f6llist\u00e4m\u00e4\u00e4n yhteiskunnallisesti t\u00e4rke\u00e4\u00e4n ty\u00f6h\u00f6n sellaisiakin henkil\u00f6it\u00e4, joilla ei ole mahdollisuuksia p\u00e4\u00e4st\u00e4 avoimille ty\u00f6markkinoille. T\u00e4m\u00e4 on t\u00e4rke\u00e4\u00e4 my\u00f6s yksil\u00f6n el\u00e4m\u00e4nhallinnan n\u00e4k\u00f6kulmasta. Kun seuraa hallituksen ehdotuksia ty\u00f6tt\u00f6myyden hoidosta, tulee mieleen professori Mikko M\u00e4ntysaaren kommentti: &#8221;Olemmeko siirtyneet ty\u00f6tt\u00f6myyden torjunnasta ty\u00f6tt\u00f6mien torjuntaan?&#8221;<\/p>\n<p>T\u00e4m\u00e4n hetken ty\u00f6el\u00e4m\u00e4\u00e4n on ilman ammatillista koulutusta hyvin vaikea kenenk\u00e4\u00e4n kiinnitty\u00e4. Pelk\u00e4n peruskoulun suorittaneiden ty\u00f6llisyysaste on vain noin 40 prosenttia, kun keskiasteen suorittaneiden ty\u00f6llisyysaste on l\u00e4hes 70 prosenttia ja korkea-asteen suorittaneiden ty\u00f6llisyysaste on noin 85 prosenttia. On selv\u00e4\u00e4, ett\u00e4 hallituksen tavoitteena oleva ty\u00f6llisyysasteen nostaminen kest\u00e4v\u00e4sti yli 70 prosentin edellytt\u00e4\u00e4, ett\u00e4 kaikilla on v\u00e4hint\u00e4\u00e4n keskiasteen tutkinto ja ett\u00e4 koulutustaso noussee nykyisest\u00e4. Ty\u00f6tt\u00f6mien kiusaaminen ja n\u00f6yryytt\u00e4minen erilaisilla pakkokeinoilla ei auta tavoitteen saavuttamisessa. Paljon tehokkaampi keino olisi esimerkiksi oppivelvollisuusi\u00e4n nostaminen 18 ik\u00e4vuoteen, kuten SDP ja useat asiantuntijat ovat ehdottaneet.<\/p>\n<p><\/span><span style=\"font-size: small;\"> Merja M\u00e4kisalo-Ropponen<\/span><\/p>\n","protected":false},"excerpt":{"rendered":"<p>(Julkaistu Viikko Pohjois-Karjalassa 8.6.2017) Viime viikolla oli eduskunnassa l\u00e4hetekeskustelussa vuoden 2017 lis\u00e4talousarvio. Taloustilanne ja samalla my\u00f6s ty\u00f6llisyystilanne ovat paranemassa ja siit\u00e4 voi olla iloinen. T\u00e4st\u00e4 huolimatta ty\u00f6llisyys vaatii hallitukselta lis\u00e4panostuksia. Hallitus my\u00f6nt\u00e4\u00e4 elinkeinopoliittisia lis\u00e4panostuksia Varsinais-Suomeen, mutta muu Suomi j\u00e4\u00e4 nuolemaan n\u00e4ppej\u00e4\u00e4n. Pohjois-Karjalassa on t\u00e4ll\u00e4 hetkell\u00e4 maan suurin ty\u00f6tt\u00f6myys (16,9 %), eik\u00e4 t\u00e4nne saada mit\u00e4\u00e4n lis\u00e4rahoitusta.<\/p>\n","protected":false},"author":2,"featured_media":0,"comment_status":"closed","ping_status":"closed","sticky":false,"template":"","format":"standard","meta":{"_acf_changed":false,"footnotes":""},"categories":[4],"tags":[],"class_list":["post-1378","post","type-post","status-publish","format-standard","hentry","category-kolumnit"],"acf":[],"_links":{"self":[{"href":"https:\/\/www.merjamakisalo.fi\/index.php?rest_route=\/wp\/v2\/posts\/1378","targetHints":{"allow":["GET"]}}],"collection":[{"href":"https:\/\/www.merjamakisalo.fi\/index.php?rest_route=\/wp\/v2\/posts"}],"about":[{"href":"https:\/\/www.merjamakisalo.fi\/index.php?rest_route=\/wp\/v2\/types\/post"}],"author":[{"embeddable":true,"href":"https:\/\/www.merjamakisalo.fi\/index.php?rest_route=\/wp\/v2\/users\/2"}],"replies":[{"embeddable":true,"href":"https:\/\/www.merjamakisalo.fi\/index.php?rest_route=%2Fwp%2Fv2%2Fcomments&post=1378"}],"version-history":[{"count":1,"href":"https:\/\/www.merjamakisalo.fi\/index.php?rest_route=\/wp\/v2\/posts\/1378\/revisions"}],"predecessor-version":[{"id":1379,"href":"https:\/\/www.merjamakisalo.fi\/index.php?rest_route=\/wp\/v2\/posts\/1378\/revisions\/1379"}],"wp:attachment":[{"href":"https:\/\/www.merjamakisalo.fi\/index.php?rest_route=%2Fwp%2Fv2%2Fmedia&parent=1378"}],"wp:term":[{"taxonomy":"category","embeddable":true,"href":"https:\/\/www.merjamakisalo.fi\/index.php?rest_route=%2Fwp%2Fv2%2Fcategories&post=1378"},{"taxonomy":"post_tag","embeddable":true,"href":"https:\/\/www.merjamakisalo.fi\/index.php?rest_route=%2Fwp%2Fv2%2Ftags&post=1378"}],"curies":[{"name":"wp","href":"https:\/\/api.w.org\/{rel}","templated":true}]}}