{"id":1342,"date":"2017-04-13T19:41:28","date_gmt":"2017-04-13T16:41:28","guid":{"rendered":"https:\/\/www.merjamakisalo.fi\/?p=1342"},"modified":"2017-04-13T19:41:28","modified_gmt":"2017-04-13T16:41:28","slug":"aanestysprosentti-saatava-nousuun","status":"publish","type":"post","link":"https:\/\/www.merjamakisalo.fi\/?p=1342","title":{"rendered":"\u00c4\u00e4nestysprosentti saatava nousuun"},"content":{"rendered":"<p>(Julkaistu Viikko Pohjois-Karjalassa 13.4.2017)<\/p>\n<p><span style=\"color: #000000; font-family: Calibri;\">Vaikka t\u00e4ll\u00e4 palstalla on tarkoitus kertoa terveisi\u00e4 eduskunnasta, niin ensiksi haluan kiitt\u00e4\u00e4 kaikkia \u00e4\u00e4nest\u00e4ji\u00e4ni Joensuussa. Vaalitulosta en l\u00e4hde t\u00e4ss\u00e4 vaalien j\u00e4lkeisen\u00e4 aamuna viel\u00e4 tarkemmin analysoimaan, mutta olen pahoillani alhaisesta \u00e4\u00e4nestysprosentista Pohjois-Karjalassa. Useissa kunnissa \u00e4\u00e4nestysinto oli huolestuttavan alhainen. T\u00e4m\u00e4 on varmasti kaikkien puolueiden yhteinen huoli ja jotain viisaita ratkaisuja asian korjaamiseksi tarvitaan. Olen p\u00e4\u00e4ministeri Sipil\u00e4n kanssa samaa mielt\u00e4 siit\u00e4, ett\u00e4 kuntavaaleissa \u00e4\u00e4nestysi\u00e4n laskeminen 16 vuoteen voisi olla perusteltua. Olen keskustellut 16-vuotiaan tytt\u00e4rentytt\u00e4reni ja h\u00e4nen kavereidensa kanssa yhteiskunnallisista asioista ja huomannut, ett\u00e4 kiinnostusta n\u00e4ihin asioihin kyll\u00e4 l\u00f6ytyy. Jos nuori kiinnittyisi jo t\u00e4ss\u00e4 i\u00e4ss\u00e4 yhteisten asioiden hoitamiseen, niin siit\u00e4 helpommin tulisi tapa my\u00f6s aikuisuudessa.<br \/>\n<\/span><span style=\"color: #000000; font-family: Calibri;\"><br \/>\nTied\u00e4mme, ett\u00e4 vanhempien yhteiskunnallinen aktiivisuus periytyy. Yhteiskunnallisesti paremmassa asemassa olevat ovat aktiivisimpia \u00e4\u00e4nest\u00e4ji\u00e4 ja niin ovat heid\u00e4n lapsensakin. Vaarana on, ett\u00e4 syntyy poliittisen aktiivisuuden eliittikeh\u00e4 eli parempiosaisten \u00e4\u00e4ni kuuluu yhteiskunnassa enemm\u00e4n ja heid\u00e4n asioita ajetaan aktiivisemmin. Pitk\u00e4ll\u00e4 t\u00e4ht\u00e4imell\u00e4 t\u00e4m\u00e4 voi olla uhka jopa yhteiskuntarauhalle.<\/p>\n<p>Varhaiskasvatuksella ja koulutuksella voidaan osallistumisen ja osallisuuden eroja tasoittaa. Yhteisten asioiden hoitamista sek\u00e4 asiallista keskustelua ja eri mielt\u00e4 olemista tulee opetella jo p\u00e4iv\u00e4kodista alkaen. Peruskoulun uusi opetussuunnitelma antaa mahdollisuuksia opetella my\u00f6s asiallista debatointia. Nyt opettajien tulee ottaa t\u00e4m\u00e4 haaste vakavasti. Koulun arjessa l\u00f6ytyy runsaasti tilaisuuksia opetella demokraattista p\u00e4\u00e4t\u00f6ksentekoa. Asia ei korjaannu pelk\u00e4st\u00e4\u00e4n nuorisovaltuustojen avulla, sill\u00e4 niiden toiminnassa on saatu vain aktiiviset nuoret entist\u00e4 aktiivisimmiksi. Erityisen huolestuttavaa on se, ett\u00e4 nuorisovaltuustoissa ammatillisen koulutuksen opiskelijat ovat aliedustettuina. Yhteiskuntaopin tuntim\u00e4\u00e4ri\u00e4 tulisi lis\u00e4t\u00e4 ja my\u00f6s opetusmenetelmi\u00e4 kehitt\u00e4\u00e4.<\/p>\n<p>T\u00e4m\u00e4n viikon eduskunnassa on istuntovapaa viikko ja eduskuntaty\u00f6 k\u00e4ynnistyy uudelleen tiistaina. On mielenkiintoista seurata, mihin suuntaan hallituksen toiminta kehittyy, sill\u00e4 kaikki hallituspuolueet menettiv\u00e4t kannatustaan. Suurimpia h\u00e4vi\u00e4ji\u00e4 olivat Perussuomalaiset ja Keskusta. Entist\u00e4 mielenkiintoisemmaksi tilanteen tekee perussuomalaisten puheenjohtajakilpailu. Ennustettavissa on, ett\u00e4 t\u00e4m\u00e4n vaalitappion j\u00e4lkeen maahanmuuttovastaisuus ja populismi saavat enemm\u00e4n tilaa perussuomalaisissa.<\/p>\n<p>Kaikesta huolimatta oikein hyv\u00e4\u00e4 p\u00e4\u00e4si\u00e4ist\u00e4 kaikille lukijoille!<\/p>\n<p>Merja M\u00e4kisalo-Ropponen<\/span><\/p>\n<p>&nbsp;<\/p>\n","protected":false},"excerpt":{"rendered":"<p>(Julkaistu Viikko Pohjois-Karjalassa 13.4.2017) Vaikka t\u00e4ll\u00e4 palstalla on tarkoitus kertoa terveisi\u00e4 eduskunnasta, niin ensiksi haluan kiitt\u00e4\u00e4 kaikkia \u00e4\u00e4nest\u00e4ji\u00e4ni Joensuussa. Vaalitulosta en l\u00e4hde t\u00e4ss\u00e4 vaalien j\u00e4lkeisen\u00e4 aamuna viel\u00e4 tarkemmin analysoimaan, mutta olen pahoillani alhaisesta \u00e4\u00e4nestysprosentista Pohjois-Karjalassa. Useissa kunnissa \u00e4\u00e4nestysinto oli huolestuttavan alhainen. T\u00e4m\u00e4 on varmasti kaikkien puolueiden yhteinen huoli ja jotain viisaita ratkaisuja asian korjaamiseksi tarvitaan.<\/p>\n","protected":false},"author":2,"featured_media":0,"comment_status":"closed","ping_status":"closed","sticky":false,"template":"","format":"standard","meta":{"_acf_changed":false,"footnotes":""},"categories":[4],"tags":[],"class_list":["post-1342","post","type-post","status-publish","format-standard","hentry","category-kolumnit"],"acf":[],"_links":{"self":[{"href":"https:\/\/www.merjamakisalo.fi\/index.php?rest_route=\/wp\/v2\/posts\/1342","targetHints":{"allow":["GET"]}}],"collection":[{"href":"https:\/\/www.merjamakisalo.fi\/index.php?rest_route=\/wp\/v2\/posts"}],"about":[{"href":"https:\/\/www.merjamakisalo.fi\/index.php?rest_route=\/wp\/v2\/types\/post"}],"author":[{"embeddable":true,"href":"https:\/\/www.merjamakisalo.fi\/index.php?rest_route=\/wp\/v2\/users\/2"}],"replies":[{"embeddable":true,"href":"https:\/\/www.merjamakisalo.fi\/index.php?rest_route=%2Fwp%2Fv2%2Fcomments&post=1342"}],"version-history":[{"count":1,"href":"https:\/\/www.merjamakisalo.fi\/index.php?rest_route=\/wp\/v2\/posts\/1342\/revisions"}],"predecessor-version":[{"id":1343,"href":"https:\/\/www.merjamakisalo.fi\/index.php?rest_route=\/wp\/v2\/posts\/1342\/revisions\/1343"}],"wp:attachment":[{"href":"https:\/\/www.merjamakisalo.fi\/index.php?rest_route=%2Fwp%2Fv2%2Fmedia&parent=1342"}],"wp:term":[{"taxonomy":"category","embeddable":true,"href":"https:\/\/www.merjamakisalo.fi\/index.php?rest_route=%2Fwp%2Fv2%2Fcategories&post=1342"},{"taxonomy":"post_tag","embeddable":true,"href":"https:\/\/www.merjamakisalo.fi\/index.php?rest_route=%2Fwp%2Fv2%2Ftags&post=1342"}],"curies":[{"name":"wp","href":"https:\/\/api.w.org\/{rel}","templated":true}]}}