{"id":1224,"date":"2016-10-25T09:49:52","date_gmt":"2016-10-25T06:49:52","guid":{"rendered":"https:\/\/www.merjamakisalo.fi\/?p=1224"},"modified":"2016-10-25T09:49:52","modified_gmt":"2016-10-25T06:49:52","slug":"kolmannella-sektorilla-tehdaan-oikeita-toita","status":"publish","type":"post","link":"https:\/\/www.merjamakisalo.fi\/?p=1224","title":{"rendered":"Kolmannella sektorilla tehd\u00e4\u00e4n oikeita t\u00f6it\u00e4!"},"content":{"rendered":"<p>(Julkaistu Karjalaisessa 25.10.2016)<\/p>\n<p><span style=\"color: #000000; font-family: Calibri;\">Hallitus on talousarviossaan v\u00e4hent\u00e4m\u00e4ss\u00e4 palkkatukity\u00f6rahoitusta kolmannelta sektorilta ja t\u00e4m\u00e4n seurauksena j\u00e4rjest\u00f6jen mahdollisuudet ty\u00f6llist\u00e4\u00e4 ty\u00f6tt\u00f6mi\u00e4 heikkenev\u00e4t dramaattisesti. Pahoin pelk\u00e4\u00e4n, ett\u00e4 n\u00e4iden p\u00e4\u00e4t\u00f6sten johdosta pitk\u00e4aikaisty\u00f6tt\u00f6myys pahenee edelleen.<\/span><\/p>\n<p><span style=\"color: #000000; font-family: Calibri;\">Ty\u00f6voimapolitiikan tulokseksi odotetaan nykyisin ty\u00f6llistymist\u00e4 avoimille ty\u00f6markkinoille. Palkkatuettu ty\u00f6 esimerkiksi j\u00e4rjest\u00f6iss\u00e4 on pitk\u00e4aikaisty\u00f6tt\u00f6m\u00e4lle usein v\u00e4yl\u00e4 edet\u00e4 avoimille ty\u00f6markkinoille. Toisaalta tosiasia on se, etteiv\u00e4t kaikki pitk\u00e4aikaisty\u00f6tt\u00f6m\u00e4t yll\u00e4 nykyisill\u00e4 ty\u00f6voiman tuottavuus- ja tulosodotuksilla avoimille ty\u00f6markkinoille.<\/span><\/p>\n<p><span style=\"color: #000000; font-family: Calibri;\">J\u00e4rjest\u00f6t painottavat omissa toiminnoissaan sosiaalisia n\u00e4k\u00f6kulmia. Julkisin varoin tuettu ty\u00f6llist\u00e4mistoiminta antaa niille mahdollisuuden joustaa tuottavuus- ja tulosodotuksista. Pitk\u00e4aikaisty\u00f6tt\u00f6m\u00e4lle itselleen ty\u00f6skentely kolmannella sektorilla antaa mahdollisuuden olla merkityksellinen osa yhteiskuntaa ja samalla se tukee oman el\u00e4m\u00e4n hallintaa. <\/span><\/p>\n<p><span style=\"color: #000000; font-family: Calibri;\">Kolmannella sektorilla tehd\u00e4\u00e4n usein sellaisia teht\u00e4vi\u00e4, joita mik\u00e4\u00e4n muu taho ei yhteiskunnassa hoida. N\u00e4ist\u00e4 mainittakoon esimerkiksi pienimuotoinen kotiapu, kaupassa k\u00e4ynti, erilaiset kuljetusteht\u00e4v\u00e4t, lumen luonti, n\u00e4k\u00f6vammaisten lukupalvelu ja lastenhoitoapu. Ty\u00f6 on usein satunnaista eik\u00e4 sille ole kaupallisia tarjoajia tai asiakkaiden maksukyky ei yll\u00e4 markkinahintaiseen palveluun. <\/span><\/p>\n<p><span style=\"color: #000000; font-family: Calibri;\">Ty\u00f6n roolin uudelleenajattelu- ja organisointi on tarpeen, jotta t\u00e4m\u00e4nkaltainen tarpeellinen ty\u00f6 ja ty\u00f6tt\u00f6myyden hoito saadaan kohtaamaan. Pitk\u00e4aikaisty\u00f6tt\u00f6myyden taltuttamiseksi tulee rakentaa tietoisesti avustavan ty\u00f6voiman joukkoja, jotka voivat olla v\u00e4lity\u00f6markkina-luonteisia.<\/span><\/p>\n<p><span style=\"color: #000000; font-family: Calibri;\">J\u00e4rjest\u00f6iss\u00e4 on olemassa paljon organisointikyky\u00e4 ja valmiuksia vied\u00e4 l\u00e4pi vaativiakin projekteja tuloksekkaasti. Ty\u00f6llist\u00e4misess\u00e4 j\u00e4rjest\u00f6t ovat aliarvioitu voimavara. Onkin k\u00e4sitt\u00e4m\u00e4t\u00f6nt\u00e4, ett\u00e4 hallitus t\u00e4ss\u00e4 ty\u00f6tt\u00f6myystilanteessa tietoisesti heikent\u00e4\u00e4 j\u00e4rjest\u00f6jen ty\u00f6llist\u00e4mismahdollisuuksia. N\u00e4it\u00e4 ns. v\u00e4lity\u00f6markkinoita tulisi pikemminkin kehitt\u00e4\u00e4 palvelemaan yksil\u00f6it\u00e4 ja yhteiskuntaa.<\/span><\/p>\n<p><span style=\"color: #000000; font-family: Calibri;\">Merja M\u00e4kisalo-Ropponen<\/span><\/p>\n<p><span style=\"color: #000000; font-family: Calibri;\">Kansanedustaja (sd)<\/span><\/p>\n<p><span style=\"color: #000000; font-family: Calibri;\">Tulevaisuusvaliokunnan vpj <\/span><\/p>\n<p><span style=\"color: #000000; font-family: Calibri;\">\u00a0<\/span><\/p>\n<p>&nbsp;<\/p>\n","protected":false},"excerpt":{"rendered":"<p>(Julkaistu Karjalaisessa 25.10.2016) Hallitus on talousarviossaan v\u00e4hent\u00e4m\u00e4ss\u00e4 palkkatukity\u00f6rahoitusta kolmannelta sektorilta ja t\u00e4m\u00e4n seurauksena j\u00e4rjest\u00f6jen mahdollisuudet ty\u00f6llist\u00e4\u00e4 ty\u00f6tt\u00f6mi\u00e4 heikkenev\u00e4t dramaattisesti. Pahoin pelk\u00e4\u00e4n, ett\u00e4 n\u00e4iden p\u00e4\u00e4t\u00f6sten johdosta pitk\u00e4aikaisty\u00f6tt\u00f6myys pahenee edelleen. Ty\u00f6voimapolitiikan tulokseksi odotetaan nykyisin ty\u00f6llistymist\u00e4 avoimille ty\u00f6markkinoille. Palkkatuettu ty\u00f6 esimerkiksi j\u00e4rjest\u00f6iss\u00e4 on pitk\u00e4aikaisty\u00f6tt\u00f6m\u00e4lle usein v\u00e4yl\u00e4 edet\u00e4 avoimille ty\u00f6markkinoille. Toisaalta tosiasia on se, etteiv\u00e4t kaikki pitk\u00e4aikaisty\u00f6tt\u00f6m\u00e4t yll\u00e4 nykyisill\u00e4<\/p>\n","protected":false},"author":2,"featured_media":0,"comment_status":"open","ping_status":"open","sticky":false,"template":"","format":"standard","meta":{"_acf_changed":false,"footnotes":""},"categories":[4],"tags":[],"class_list":["post-1224","post","type-post","status-publish","format-standard","hentry","category-kolumnit"],"acf":[],"_links":{"self":[{"href":"https:\/\/www.merjamakisalo.fi\/index.php?rest_route=\/wp\/v2\/posts\/1224","targetHints":{"allow":["GET"]}}],"collection":[{"href":"https:\/\/www.merjamakisalo.fi\/index.php?rest_route=\/wp\/v2\/posts"}],"about":[{"href":"https:\/\/www.merjamakisalo.fi\/index.php?rest_route=\/wp\/v2\/types\/post"}],"author":[{"embeddable":true,"href":"https:\/\/www.merjamakisalo.fi\/index.php?rest_route=\/wp\/v2\/users\/2"}],"replies":[{"embeddable":true,"href":"https:\/\/www.merjamakisalo.fi\/index.php?rest_route=%2Fwp%2Fv2%2Fcomments&post=1224"}],"version-history":[{"count":1,"href":"https:\/\/www.merjamakisalo.fi\/index.php?rest_route=\/wp\/v2\/posts\/1224\/revisions"}],"predecessor-version":[{"id":1225,"href":"https:\/\/www.merjamakisalo.fi\/index.php?rest_route=\/wp\/v2\/posts\/1224\/revisions\/1225"}],"wp:attachment":[{"href":"https:\/\/www.merjamakisalo.fi\/index.php?rest_route=%2Fwp%2Fv2%2Fmedia&parent=1224"}],"wp:term":[{"taxonomy":"category","embeddable":true,"href":"https:\/\/www.merjamakisalo.fi\/index.php?rest_route=%2Fwp%2Fv2%2Fcategories&post=1224"},{"taxonomy":"post_tag","embeddable":true,"href":"https:\/\/www.merjamakisalo.fi\/index.php?rest_route=%2Fwp%2Fv2%2Ftags&post=1224"}],"curies":[{"name":"wp","href":"https:\/\/api.w.org\/{rel}","templated":true}]}}