{"id":1177,"date":"2016-09-22T10:29:44","date_gmt":"2016-09-22T07:29:44","guid":{"rendered":"https:\/\/www.merjamakisalo.fi\/?p=1177"},"modified":"2016-09-22T10:29:44","modified_gmt":"2016-09-22T07:29:44","slug":"terveisia-puoluehallituksesta-10","status":"publish","type":"post","link":"https:\/\/www.merjamakisalo.fi\/?p=1177","title":{"rendered":"Terveisi\u00e4 puoluehallituksesta"},"content":{"rendered":"<p>(Julkaistu Viikko Pohjois-Karjalassa 22.9.2016)<\/p>\n<p><span style=\"color: black; font-family: 'Calibri',sans-serif;\">Kuluvalla viikolla k\u00e4yd\u00e4\u00e4n Eduskunnassa ensi vuoden talousarvion l\u00e4hetekeskustelu. Viime viikolla puoluehallituksessa osattiin enteill\u00e4 mit\u00e4 tulossa on, mutta siit\u00e4 huolimatta budjettikirjan lukeminen vei mielen matalaksi. J\u00e4lleen pienituloisilta karsitaan ja heid\u00e4t ajetaan entist\u00e4 ahtaammalle. Hallitus sanoo s\u00e4\u00e4st\u00e4v\u00e4ns\u00e4, mutta ei ole lainkaan laskenut vaihtoehtoiskustannuksia, esimerkiksi sit\u00e4, miten paljon toimeentulotukimenot tulevat kasvamaan s\u00e4\u00e4st\u00f6p\u00e4\u00e4t\u00f6sten johdosta.<\/span><\/p>\n<p><span style=\"color: black; font-family: 'Calibri',sans-serif;\">Hallitus leikkaa jopa lapsilisist\u00e4, jotka ovat aiemmin olleet esimerkiksi Keskustalle l\u00e4hes pyh\u00e4 asia. Muun muassa Juha Sipil\u00e4 k\u00e4ytti oppositiossa ollessaan 8.4 2014 eduskunnassa puheenvuoron, jossa h\u00e4n totesi: \u201dKarkein virhe on lapsilisien leikkaaminen. Viime laman opetukset on pidett\u00e4v\u00e4 mieless\u00e4, kun mietimme leikkauksia.\u201d Nyt Keskusta on p\u00e4\u00e4ministeripuolueena toistamassa l\u00e4hes kaikki viime laman virheet.<\/span><\/p>\n<p><span style=\"color: black; font-family: 'Calibri',sans-serif;\">Vaikka lapsilisiin kohdistuvat leikkaukset eiv\u00e4t ensi vuonna eurom\u00e4\u00e4r\u00e4isesti ole suuria, niin niiden vaikutus tulee kertaantumaan l\u00e4hivuosina, sill\u00e4 hallitus on purkanut my\u00f6s lapsilis\u00e4n indeksisidonnaisuuden. Kun lasketaan yhteen kaikki hallituksen tekem\u00e4t pienituloisiin lapsiperheisiin kohdistetut leikkaukset, niin yksiselitteisesti voidaan todeta t\u00e4m\u00e4n hallituksen syvent\u00e4v\u00e4n voimakkaasti vanhempien taloudelliseen asemaan perustuvaa lasten eriarvoisuutta ja lis\u00e4\u00e4v\u00e4n lapsiperhek\u00f6yhyytt\u00e4. Erityisen heikkoon tilanteeseen joutuvat yksihuoltajat.<\/span><\/p>\n<p><span style=\"color: black; font-family: 'Calibri',sans-serif;\">My\u00f6s koulutusleikkaukset jatkuvat hallituksen lupauksista huolimatta. Uusia leikkauksia on tulossa muun muassa ammatilliseen koulutukseen, jossa koulutuspaikat v\u00e4henev\u00e4t, opettajia irtisanotaan ja oppituntien m\u00e4\u00e4r\u00e4\u00e4 v\u00e4hennet\u00e4\u00e4n. My\u00f6s etsiv\u00e4n nuorisoty\u00f6n ja nuorisotakuun rahoitus v\u00e4henee jopa aiemmin ilmoitettua enemm\u00e4n. Lasten eriarvoistumiskehityst\u00e4 lis\u00e4\u00e4 my\u00f6s p\u00e4iv\u00e4kotien ja peruskoulun oppilasryhm\u00e4kokojen suureneminen. Erityistukea tarvitsevat lapset j\u00e4\u00e4v\u00e4t suurissa ryhmiss\u00e4 vaille heid\u00e4n tarvitsemaansa henkil\u00f6kohtaista tukea ja ohjausta.<\/span><\/p>\n<p><span style=\"color: black; font-family: 'Calibri',sans-serif;\">My\u00f6s sosiaali- ja terveydenhuoltoon sek\u00e4 vanhusten hoitoon kohdistuvat s\u00e4\u00e4st\u00f6t ovat kohtuuttomia. Erityisesti vanhustenhoidon henkil\u00f6st\u00f6mitoitusten alentaminen tuntuu vastuuttomalta esitykselt\u00e4. Jokaisen pit\u00e4isi ymm\u00e4rt\u00e4\u00e4 se, ett\u00e4 jos esimerkiksi viitt\u00e4toista paljon apua tarvitsevaa ik\u00e4ihmist\u00e4 hoitamassa on ty\u00f6vuorossa vain yksi hoitoty\u00f6ntekij\u00e4, laadukkaasta ja inhimillisest\u00e4 kohtaamisesta on turha puhua. Henkil\u00f6st\u00f6mitoitusten heikennykset voivat johtaa n\u00e4ihin tilanteisiin.<\/span><\/p>\n<p><span style=\"color: black; font-family: 'Calibri',sans-serif;\">Hallitus sanoo tekev\u00e4ns\u00e4 s\u00e4\u00e4st\u00f6t velkaantumisen lopettamiseksi, mutta se ottaa enemm\u00e4n velkaa kuin viime hallitus. Sosialidemokraatit aikovat esittaa vaihtoehtobudjetissaan, ett\u00e4 todellisia vaihtoehtoja on olemassa. Velkaantumista voidaan v\u00e4hent\u00e4\u00e4 ilman, ett\u00e4 kaikkein heikoimmassa asemassa olevien el\u00e4m\u00e4\u00e4 kurjistetaan kohtuuttomasti.<\/span><\/p>\n<p><span style=\"color: black; font-family: 'Calibri',sans-serif;\">Merja M\u00e4kisalo-Ropponen<\/span><\/p>\n<p><span style=\"color: black; font-family: 'Calibri',sans-serif;\">kansaedustaja (sd)<\/span><\/p>\n<p>&nbsp;<\/p>\n","protected":false},"excerpt":{"rendered":"<p>(Julkaistu Viikko Pohjois-Karjalassa 22.9.2016) Kuluvalla viikolla k\u00e4yd\u00e4\u00e4n Eduskunnassa ensi vuoden talousarvion l\u00e4hetekeskustelu. Viime viikolla puoluehallituksessa osattiin enteill\u00e4 mit\u00e4 tulossa on, mutta siit\u00e4 huolimatta budjettikirjan lukeminen vei mielen matalaksi. J\u00e4lleen pienituloisilta karsitaan ja heid\u00e4t ajetaan entist\u00e4 ahtaammalle. Hallitus sanoo s\u00e4\u00e4st\u00e4v\u00e4ns\u00e4, mutta ei ole lainkaan laskenut vaihtoehtoiskustannuksia, esimerkiksi sit\u00e4, miten paljon toimeentulotukimenot tulevat kasvamaan s\u00e4\u00e4st\u00f6p\u00e4\u00e4t\u00f6sten johdosta. Hallitus<\/p>\n","protected":false},"author":2,"featured_media":0,"comment_status":"open","ping_status":"open","sticky":false,"template":"","format":"standard","meta":{"_acf_changed":false,"footnotes":""},"categories":[4],"tags":[],"class_list":["post-1177","post","type-post","status-publish","format-standard","hentry","category-kolumnit"],"acf":[],"_links":{"self":[{"href":"https:\/\/www.merjamakisalo.fi\/index.php?rest_route=\/wp\/v2\/posts\/1177","targetHints":{"allow":["GET"]}}],"collection":[{"href":"https:\/\/www.merjamakisalo.fi\/index.php?rest_route=\/wp\/v2\/posts"}],"about":[{"href":"https:\/\/www.merjamakisalo.fi\/index.php?rest_route=\/wp\/v2\/types\/post"}],"author":[{"embeddable":true,"href":"https:\/\/www.merjamakisalo.fi\/index.php?rest_route=\/wp\/v2\/users\/2"}],"replies":[{"embeddable":true,"href":"https:\/\/www.merjamakisalo.fi\/index.php?rest_route=%2Fwp%2Fv2%2Fcomments&post=1177"}],"version-history":[{"count":1,"href":"https:\/\/www.merjamakisalo.fi\/index.php?rest_route=\/wp\/v2\/posts\/1177\/revisions"}],"predecessor-version":[{"id":1178,"href":"https:\/\/www.merjamakisalo.fi\/index.php?rest_route=\/wp\/v2\/posts\/1177\/revisions\/1178"}],"wp:attachment":[{"href":"https:\/\/www.merjamakisalo.fi\/index.php?rest_route=%2Fwp%2Fv2%2Fmedia&parent=1177"}],"wp:term":[{"taxonomy":"category","embeddable":true,"href":"https:\/\/www.merjamakisalo.fi\/index.php?rest_route=%2Fwp%2Fv2%2Fcategories&post=1177"},{"taxonomy":"post_tag","embeddable":true,"href":"https:\/\/www.merjamakisalo.fi\/index.php?rest_route=%2Fwp%2Fv2%2Ftags&post=1177"}],"curies":[{"name":"wp","href":"https:\/\/api.w.org\/{rel}","templated":true}]}}