{"id":1015,"date":"2015-10-01T10:57:07","date_gmt":"2015-10-01T07:57:07","guid":{"rendered":"https:\/\/www.merjamakisalo.fi\/?p=1015"},"modified":"2015-10-01T10:57:07","modified_gmt":"2015-10-01T07:57:07","slug":"koulutuksen-saastot-tulevat-kalliiksi","status":"publish","type":"post","link":"https:\/\/www.merjamakisalo.fi\/?p=1015","title":{"rendered":"Koulutuksen s\u00e4\u00e4st\u00f6t tulevat kalliiksi"},"content":{"rendered":"<p>(Julkaistu Viikko Pohjois-Karjalassa 1.10.2015)<\/p>\n<p>Viime viikolla eduskunnassa k\u00e4siteltiin opposition v\u00e4likysymyst\u00e4 koulutuksesta. Kaikki oppositiopuolueet Kristillisdemokraatteja lukuun ottamatta olivat mukana v\u00e4likysymyksess\u00e4. Hallituksen vastaus oli k\u00f6yk\u00e4inen ja sis\u00e4lsi l\u00e4hinn\u00e4 opposition syyttely\u00e4. Hallitukselle tekee varmasti tiukkaa my\u00f6nt\u00e4\u00e4, miten totaalisesti siell\u00e4 olevat puolueet ovat k\u00e4\u00e4nt\u00e4neet takkinsa koulutusta koskeville lupauksilleen. Opetusministeri puhui vappupuheessa arvol\u00e4ht\u00f6isest\u00e4 politiikasta ja totesi, ettei koulutuksesta en\u00e4\u00e4 pid\u00e4 leikata. Ministerin mukaan paras investointi tulevaisuuteen on panostus lapsiin, nuoriin ja osaamiseen. My\u00f6s monet muut kokoomuksen, keskustan ja perussuomalaisten kansanedustajat k\u00e4yttiv\u00e4t samansuuntaisia puheenvuoroja ennen vaaleja ja viel\u00e4 vaalien j\u00e4lkeenkin. Nimi\u00e4 mainitsematta viime kev\u00e4\u00e4n\u00e4 nykyisten hallituspuolueiden edustajat totesivat muun muassa seuraavaa:<\/p>\n<p>&#8211; koulutusleikkauksille on pantava piste &#8211; kun etsimme keinoja siihen, mill\u00e4 pieni kansakuntamme l\u00e4htee nousuun, on t\u00e4rkein tekij\u00e4 koulutus ja osaaminen<\/p>\n<p>&#8211; koulutuksellinen tasa-arvo on hyvinvointiyhteiskunnan kannalta keskeisess\u00e4 asemassa. Koulutuksesta ei saa leikata.<\/p>\n<p>&#8211; pienist\u00e4 opetusryhmist\u00e4 saadut hy\u00f6dyt ovat paljon suurempia kuin niist\u00e4 aiheutuneet kustannukset.<\/p>\n<p>-valtion on s\u00e4\u00e4stett\u00e4v\u00e4, mutta koulutus ei ole tulevaisuutta ajatellen se l\u00e4hde, josta leikataan laadun kustannuksella<\/p>\n<p>Eritt\u00e4in kannatettavia ajatuksia, mutta nyt hallituksen toimet ovat t\u00e4ysin p\u00e4invastaisia. Hallituksen s\u00e4\u00e4st\u00f6t uhkaavat koulutuksen laatua joka tasolla. Koulutuksen k\u00e4rkihankkeisiin suunnatut rahat eiv\u00e4t auta, jos perusta murtuu. Digitaalisten oppimisymp\u00e4rist\u00f6jen kehitt\u00e4minen on toki t\u00e4rke\u00e4\u00e4, mutta ei niill\u00e4 paikata nyt teht\u00e4vi\u00e4 s\u00e4\u00e4st\u00f6j\u00e4. P\u00e4iv\u00e4hoidon ja peruskoulun ryhm\u00e4kokojen kasvattaminen uhkaa lasten ja nuorten mahdollisuuksien yhdenvertaisuutta. Mahdollisuuksien yhdenvertaisuus tarkoittaa sit\u00e4, ett\u00e4 hyv\u00e4ksyt\u00e4\u00e4n se, ett\u00e4 osa tarvitsee enemm\u00e4n tukea ja ohjausta. Paras tuki, josta hy\u00f6tyv\u00e4t kaikki lapset, on pienet ryhm\u00e4koot. Osa lapsista p\u00e4rj\u00e4\u00e4 hyvin isossakin ryhm\u00e4ss\u00e4, mutta sek\u00e4 p\u00e4iv\u00e4kodissa ett\u00e4 peruskoulussa on lapsia, jotka tarvitsevat henkil\u00f6kohtaista tukea ja ohjausta oppimiseen. Monelle lapselle liian suuret ryhm\u00e4t ovat my\u00f6s keskittymisen ja oppimisen este.<\/p>\n<p>On syyt\u00e4 olla huolissaan my\u00f6s ammatillisen koulutuksen tulevaisuudesta, sill\u00e4 siihen kohdistuvat s\u00e4\u00e4st\u00f6t ovat suuria. Toisaalta ei voi olla ihmettelem\u00e4tt\u00e4 hallituksen prosessinhallintataitoja. Ammatillisen koulutuksen k\u00e4rkihanke ns. \u201dammatillisen koulutuksen reformi\u201d, jonka tarkoituksena on saada s\u00e4\u00e4st\u00f6j\u00e4 aikaan, on tarkoitus toteuttaa vuonna 2018, mutta jo vuonna 2017 on tarkoitus leikata ammatillisesta koulutuksesta 190 miljoonaa euroa. Ei voi olla kysym\u00e4tt\u00e4, meneek\u00f6 t\u00e4m\u00e4 nyt oikeassa j\u00e4rjestyksess\u00e4 eteenp\u00e4in? Hallituksen pit\u00e4isi nyt muistaa, ett\u00e4 Suomen kilpailuvaltti on aina ollut osaamisessa sek\u00e4 koulutuksen, tieteen ja tutkimuksen laadussa. Hallituksen tutkimukseen ja koulutukseen kohdentuvilla leikkaustoimilla kilpailukykymme heikkenee ja edellytyksemme p\u00e4rj\u00e4t\u00e4 maailman markkinoilla kaventuvat merkitt\u00e4v\u00e4sti. Ensimm\u00e4ist\u00e4 kertaa Suomen historiassa hallitus tietoisilla p\u00e4\u00e4t\u00f6ksill\u00e4 heikent\u00e4\u00e4 Suomen osaamistasoa, heikent\u00e4\u00e4 koulutuksellista tasa-arvoa sek\u00e4 sy\u00f6 tulevaisuuden kasvumahdollisuudet.<br \/>\nMerja M\u00e4kisalo-Ropponen<\/p>\n<p>kansanedustaja (sd)<\/p>\n<p>&nbsp;<\/p>\n","protected":false},"excerpt":{"rendered":"<p>(Julkaistu Viikko Pohjois-Karjalassa 1.10.2015) Viime viikolla eduskunnassa k\u00e4siteltiin opposition v\u00e4likysymyst\u00e4 koulutuksesta. Kaikki oppositiopuolueet Kristillisdemokraatteja lukuun ottamatta olivat mukana v\u00e4likysymyksess\u00e4. Hallituksen vastaus oli k\u00f6yk\u00e4inen ja sis\u00e4lsi l\u00e4hinn\u00e4 opposition syyttely\u00e4. Hallitukselle tekee varmasti tiukkaa my\u00f6nt\u00e4\u00e4, miten totaalisesti siell\u00e4 olevat puolueet ovat k\u00e4\u00e4nt\u00e4neet takkinsa koulutusta koskeville lupauksilleen. Opetusministeri puhui vappupuheessa arvol\u00e4ht\u00f6isest\u00e4 politiikasta ja totesi, ettei koulutuksesta en\u00e4\u00e4 pid\u00e4<\/p>\n","protected":false},"author":2,"featured_media":0,"comment_status":"open","ping_status":"open","sticky":false,"template":"","format":"standard","meta":{"_acf_changed":false,"footnotes":""},"categories":[4],"tags":[],"class_list":["post-1015","post","type-post","status-publish","format-standard","hentry","category-kolumnit"],"acf":[],"_links":{"self":[{"href":"https:\/\/www.merjamakisalo.fi\/index.php?rest_route=\/wp\/v2\/posts\/1015","targetHints":{"allow":["GET"]}}],"collection":[{"href":"https:\/\/www.merjamakisalo.fi\/index.php?rest_route=\/wp\/v2\/posts"}],"about":[{"href":"https:\/\/www.merjamakisalo.fi\/index.php?rest_route=\/wp\/v2\/types\/post"}],"author":[{"embeddable":true,"href":"https:\/\/www.merjamakisalo.fi\/index.php?rest_route=\/wp\/v2\/users\/2"}],"replies":[{"embeddable":true,"href":"https:\/\/www.merjamakisalo.fi\/index.php?rest_route=%2Fwp%2Fv2%2Fcomments&post=1015"}],"version-history":[{"count":1,"href":"https:\/\/www.merjamakisalo.fi\/index.php?rest_route=\/wp\/v2\/posts\/1015\/revisions"}],"predecessor-version":[{"id":1016,"href":"https:\/\/www.merjamakisalo.fi\/index.php?rest_route=\/wp\/v2\/posts\/1015\/revisions\/1016"}],"wp:attachment":[{"href":"https:\/\/www.merjamakisalo.fi\/index.php?rest_route=%2Fwp%2Fv2%2Fmedia&parent=1015"}],"wp:term":[{"taxonomy":"category","embeddable":true,"href":"https:\/\/www.merjamakisalo.fi\/index.php?rest_route=%2Fwp%2Fv2%2Fcategories&post=1015"},{"taxonomy":"post_tag","embeddable":true,"href":"https:\/\/www.merjamakisalo.fi\/index.php?rest_route=%2Fwp%2Fv2%2Ftags&post=1015"}],"curies":[{"name":"wp","href":"https:\/\/api.w.org\/{rel}","templated":true}]}}